{"id":201381,"date":"2025-07-15T04:44:18","date_gmt":"2025-07-15T08:44:18","guid":{"rendered":"https:\/\/mspontocom.com.br\/site\/?p=201381"},"modified":"2025-07-15T07:28:28","modified_gmt":"2025-07-15T11:28:28","slug":"prefeitura-de-campo-grande-participa-do-encontro-de-lideres-dos-territorios-empreendedores","status":"publish","type":"post","link":"https:\/\/mspontocom.com.br\/site\/prefeitura-de-campo-grande-participa-do-encontro-de-lideres-dos-territorios-empreendedores\/","title":{"rendered":"Prefeitura de Campo Grande participa do Encontro de L\u00edderes dos Territ\u00f3rios Empreendedores"},"content":{"rendered":"<p style=\"text-align: justify;\"><img loading=\"lazy\" class=\"alignnone size-full wp-image-201382\" src=\"http:\/\/mspontocom.com.br\/site\/wp-content\/uploads\/2025\/07\/site-prefeitura-de-campo-grande-participa-do-encontro-de-lideres-dos-territorios-empreendedores-encontrolideres.jpeg\" alt=\"\" width=\"1024\" height=\"684\" srcset=\"https:\/\/mspontocom.com.br\/site\/wp-content\/uploads\/2025\/07\/site-prefeitura-de-campo-grande-participa-do-encontro-de-lideres-dos-territorios-empreendedores-encontrolideres.jpeg 1024w, https:\/\/mspontocom.com.br\/site\/wp-content\/uploads\/2025\/07\/site-prefeitura-de-campo-grande-participa-do-encontro-de-lideres-dos-territorios-empreendedores-encontrolideres-260x174.jpeg 260w, https:\/\/mspontocom.com.br\/site\/wp-content\/uploads\/2025\/07\/site-prefeitura-de-campo-grande-participa-do-encontro-de-lideres-dos-territorios-empreendedores-encontrolideres-768x513.jpeg 768w\" sizes=\"(max-width: 1024px) 100vw, 1024px\" \/>A Prefeitura de Campo Grande participou do Encontro de L\u00edderes dos Territ\u00f3rios Empreendedores, promovido pelo Sebrae\/MS em parceria com o Governo do Estado.<\/p>\n<p style=\"text-align: justify;\">O evento, voltado a gestores dos setores p\u00fablico e privado, teve como objetivo qualificar lideran\u00e7as e promover o desenvolvimento dos munic\u00edpios sul-mato-grossenses por meio de a\u00e7\u00f5es voltadas ao fortalecimento econ\u00f4mico e \u00e0 inova\u00e7\u00e3o.<\/p>\n<p style=\"text-align: justify;\">Presente na abertura do evento, a prefeita Adriane Lopes destacou a import\u00e2ncia da iniciativa para a constru\u00e7\u00e3o de pol\u00edticas p\u00fablicas que promovam melhorias nos indicadores socioecon\u00f4micos da popula\u00e7\u00e3o.<\/p>\n<blockquote><p><em>\u201cEventos como esse nos permitem discutir investimentos que ampliam o alcance do desenvolvimento econ\u00f4mico e da transforma\u00e7\u00e3o digital nos munic\u00edpios. Nosso estado cresce n\u00e3o apenas pelos grandes empreendimentos, mas, sobretudo, pela for\u00e7a do empreendedorismo local, de quem busca alternativas coletivas para melhorar seu entorno. Empreender \u00e9 ter atitude, vis\u00e3o de futuro e compromisso com as pessoas. Por isso, seguimos investindo em gente e em solu\u00e7\u00f5es locais\u201d, afirmou.<\/em><\/p><\/blockquote>\n<p style=\"text-align: justify;\">O encontro marcou tamb\u00e9m o lan\u00e7amento do novo ciclo do programa Cidade Empreendedora, que ser\u00e1 executado a partir de 2025 em mais de 35 munic\u00edpios, com apoio da Secretaria de Meio Ambiente, Desenvolvimento, Ci\u00eancia, Tecnologia e Inova\u00e7\u00e3o (Semadesc).<\/p>\n","protected":false},"excerpt":{"rendered":"<p>A Prefeitura de Campo Grande participou do Encontro de L\u00edderes dos Territ\u00f3rios Empreendedores, promovido pelo Sebrae\/MS em parceria com o Governo do Estado. O evento, voltado a gestores dos setores p\u00fablico e privado, teve como objetivo qualificar lideran\u00e7as e promover o desenvolvimento dos munic\u00edpios sul-mato-grossenses por meio de a\u00e7\u00f5es voltadas ao fortalecimento econ\u00f4mico e \u00e0 [&hellip;]<\/p>\n","protected":false},"author":2,"featured_media":201382,"comment_status":"open","ping_status":"open","sticky":false,"template":"","format":"standard","meta":{"_monsterinsights_skip_tracking":false,"_monsterinsights_sitenote_active":false,"_monsterinsights_sitenote_note":"","_monsterinsights_sitenote_category":0},"categories":[4328],"tags":[123,4233,4536,23547,43262],"aioseo_notices":[],"_links":{"self":[{"href":"https:\/\/mspontocom.com.br\/site\/wp-json\/wp\/v2\/posts\/201381"}],"collection":[{"href":"https:\/\/mspontocom.com.br\/site\/wp-json\/wp\/v2\/posts"}],"about":[{"href":"https:\/\/mspontocom.com.br\/site\/wp-json\/wp\/v2\/types\/post"}],"author":[{"embeddable":true,"href":"https:\/\/mspontocom.com.br\/site\/wp-json\/wp\/v2\/users\/2"}],"replies":[{"embeddable":true,"href":"https:\/\/mspontocom.com.br\/site\/wp-json\/wp\/v2\/comments?post=201381"}],"version-history":[{"count":1,"href":"https:\/\/mspontocom.com.br\/site\/wp-json\/wp\/v2\/posts\/201381\/revisions"}],"predecessor-version":[{"id":201383,"href":"https:\/\/mspontocom.com.br\/site\/wp-json\/wp\/v2\/posts\/201381\/revisions\/201383"}],"wp:featuredmedia":[{"embeddable":true,"href":"https:\/\/mspontocom.com.br\/site\/wp-json\/wp\/v2\/media\/201382"}],"wp:attachment":[{"href":"https:\/\/mspontocom.com.br\/site\/wp-json\/wp\/v2\/media?parent=201381"}],"wp:term":[{"taxonomy":"category","embeddable":true,"href":"https:\/\/mspontocom.com.br\/site\/wp-json\/wp\/v2\/categories?post=201381"},{"taxonomy":"post_tag","embeddable":true,"href":"https:\/\/mspontocom.com.br\/site\/wp-json\/wp\/v2\/tags?post=201381"}],"curies":[{"name":"wp","href":"https:\/\/api.w.org\/{rel}","templated":true}]}}