{"id":201406,"date":"2025-07-16T04:17:17","date_gmt":"2025-07-16T08:17:17","guid":{"rendered":"https:\/\/mspontocom.com.br\/site\/?p=201406"},"modified":"2025-07-16T08:21:54","modified_gmt":"2025-07-16T12:21:54","slug":"fidi-anuncia-vagas-de-emprego-em-campo-grande","status":"publish","type":"post","link":"https:\/\/mspontocom.com.br\/site\/fidi-anuncia-vagas-de-emprego-em-campo-grande\/","title":{"rendered":"FIDI anuncia vagas de emprego em Campo Grande"},"content":{"rendered":"<p style=\"text-align: justify;\"><img loading=\"lazy\" class=\"alignnone size-full wp-image-201414\" src=\"http:\/\/mspontocom.com.br\/site\/wp-content\/uploads\/2025\/07\/site-fidi-anuncia-vagas-de-emprego-em-campo-grande-fidi.jpg\" alt=\"\" width=\"960\" height=\"540\" srcset=\"https:\/\/mspontocom.com.br\/site\/wp-content\/uploads\/2025\/07\/site-fidi-anuncia-vagas-de-emprego-em-campo-grande-fidi.jpg 960w, https:\/\/mspontocom.com.br\/site\/wp-content\/uploads\/2025\/07\/site-fidi-anuncia-vagas-de-emprego-em-campo-grande-fidi-260x146.jpg 260w, https:\/\/mspontocom.com.br\/site\/wp-content\/uploads\/2025\/07\/site-fidi-anuncia-vagas-de-emprego-em-campo-grande-fidi-768x432.jpg 768w\" sizes=\"(max-width: 960px) 100vw, 960px\" \/>A\u00a0<strong>Funda\u00e7\u00e3o Instituto de Pesquisa e Estudo de Diagn\u00f3stico por Imagem (FIDI)<\/strong>, maior prestadora de servi\u00e7os de diagn\u00f3stico por imagem do Brasil,\u00a0anuncia mais de\u00a020 novas oportunidades de emprego\u00a0para profissionais da \u00e1rea da sa\u00fade interessados em atuar\u00a0<strong>em Campo Grande e regi\u00e3o (MS)<\/strong>.<\/p>\n<p style=\"text-align: justify;\">As vagas, dispon\u00edveis para inscri\u00e7\u00e3o at\u00e9 o dia\u00a0<strong>30 de julho<\/strong>, contemplam diferentes cargos, al\u00e9m de programas de capacita\u00e7\u00e3o e desenvolvimento profissional.<\/p>\n<p style=\"text-align: justify;\">As oportunidades s\u00e3o voltadas para Supervisor de Unidade Jr. e Agente Administrativo.<\/p>\n<p style=\"text-align: justify;\">Entre os benef\u00edcios est\u00e3o sal\u00e1rios compat\u00edveis com o mercado, vale-transporte, vale-refei\u00e7\u00e3o e alimenta\u00e7\u00e3o, plano de sa\u00fade e odontol\u00f3gico, seguro de vida, al\u00e9m de diversas parcerias e oportunidades\u00a0de desenvolvimento profissional.<\/p>\n<p style=\"text-align: justify;\">As inscri\u00e7\u00f5es podem ser realizadas exclusivamente pelos links abaixo.<\/p>\n<p style=\"text-align: justify;\"><strong>Agente Administrativo:\u00a0<\/strong><a href=\"https:\/\/fidi.gupy.io\/jobs\/9488213?jobBoardSource=gupy_public_page\" target=\"_blank\" rel=\"noopener\" data-saferedirecturl=\"https:\/\/www.google.com\/url?q=https:\/\/fidi.gupy.io\/jobs\/9488213?jobBoardSource%3Dgupy_public_page&amp;source=gmail&amp;ust=1752753012075000&amp;usg=AOvVaw1Yh0EPG246RS_iVx9183lG\">https:\/\/fidi.gupy.io\/jobs\/<wbr \/>9488213?jobBoardSource=gupy_<wbr \/>public_page<\/a><\/p>\n<p style=\"text-align: justify;\"><strong>Supervisor de Unidade Jr:\u00a0<\/strong><a href=\"https:\/\/fidi.gupy.io\/jobs\/9496850?jobBoardSource=gupy_public_page\" target=\"_blank\" rel=\"noopener\" data-saferedirecturl=\"https:\/\/www.google.com\/url?q=https:\/\/fidi.gupy.io\/jobs\/9496850?jobBoardSource%3Dgupy_public_page&amp;source=gmail&amp;ust=1752753012075000&amp;usg=AOvVaw2XBn_ALzA_47snrb366R1U\">https:\/\/fidi.gupy.io\/jobs\/<wbr \/>9496850?jobBoardSource=gupy_<wbr \/>public_page<\/a><\/p>\n<p style=\"text-align: justify;\"><strong>Sobre a FIDI<\/strong><\/p>\n<p style=\"text-align: justify;\">Fundada em 1986 por m\u00e9dicos professores integrantes do Departamento de Diagn\u00f3stico por Imagem da Escola Paulista de Medicina \u2013 atual Universidade Federal de S\u00e3o Paulo (UNIFESP) \u2013, a\u00a0<strong>FIDI\u00a0<\/strong>\u00e9 uma Funda\u00e7\u00e3o privada sem fins lucrativos que reinveste 100% de seus recursos em assist\u00eancia m\u00e9dica \u00e0 popula\u00e7\u00e3o brasileira.<\/p>\n","protected":false},"excerpt":{"rendered":"<p>A\u00a0Funda\u00e7\u00e3o Instituto de Pesquisa e Estudo de Diagn\u00f3stico por Imagem (FIDI), maior prestadora de servi\u00e7os de diagn\u00f3stico por imagem do Brasil,\u00a0anuncia mais de\u00a020 novas oportunidades de emprego\u00a0para profissionais da \u00e1rea da sa\u00fade interessados em atuar\u00a0em Campo Grande e regi\u00e3o (MS). As vagas, dispon\u00edveis para inscri\u00e7\u00e3o at\u00e9 o dia\u00a030 de julho, contemplam diferentes cargos, al\u00e9m de [&hellip;]<\/p>\n","protected":false},"author":2,"featured_media":201414,"comment_status":"open","ping_status":"open","sticky":false,"template":"","format":"standard","meta":{"_monsterinsights_skip_tracking":false,"_monsterinsights_sitenote_active":false,"_monsterinsights_sitenote_note":"","_monsterinsights_sitenote_category":0},"categories":[4328,28176],"tags":[123,348,40948],"aioseo_notices":[],"_links":{"self":[{"href":"https:\/\/mspontocom.com.br\/site\/wp-json\/wp\/v2\/posts\/201406"}],"collection":[{"href":"https:\/\/mspontocom.com.br\/site\/wp-json\/wp\/v2\/posts"}],"about":[{"href":"https:\/\/mspontocom.com.br\/site\/wp-json\/wp\/v2\/types\/post"}],"author":[{"embeddable":true,"href":"https:\/\/mspontocom.com.br\/site\/wp-json\/wp\/v2\/users\/2"}],"replies":[{"embeddable":true,"href":"https:\/\/mspontocom.com.br\/site\/wp-json\/wp\/v2\/comments?post=201406"}],"version-history":[{"count":2,"href":"https:\/\/mspontocom.com.br\/site\/wp-json\/wp\/v2\/posts\/201406\/revisions"}],"predecessor-version":[{"id":201415,"href":"https:\/\/mspontocom.com.br\/site\/wp-json\/wp\/v2\/posts\/201406\/revisions\/201415"}],"wp:featuredmedia":[{"embeddable":true,"href":"https:\/\/mspontocom.com.br\/site\/wp-json\/wp\/v2\/media\/201414"}],"wp:attachment":[{"href":"https:\/\/mspontocom.com.br\/site\/wp-json\/wp\/v2\/media?parent=201406"}],"wp:term":[{"taxonomy":"category","embeddable":true,"href":"https:\/\/mspontocom.com.br\/site\/wp-json\/wp\/v2\/categories?post=201406"},{"taxonomy":"post_tag","embeddable":true,"href":"https:\/\/mspontocom.com.br\/site\/wp-json\/wp\/v2\/tags?post=201406"}],"curies":[{"name":"wp","href":"https:\/\/api.w.org\/{rel}","templated":true}]}}