{"id":201449,"date":"2025-07-17T04:19:50","date_gmt":"2025-07-17T08:19:50","guid":{"rendered":"https:\/\/mspontocom.com.br\/site\/?p=201449"},"modified":"2025-07-17T07:24:05","modified_gmt":"2025-07-17T11:24:05","slug":"campo-grande-avanca-10-pontos-e-se-destaca-na-alfabetizacao-infantil","status":"publish","type":"post","link":"https:\/\/mspontocom.com.br\/site\/campo-grande-avanca-10-pontos-e-se-destaca-na-alfabetizacao-infantil\/","title":{"rendered":"Campo Grande avan\u00e7a 10 pontos e se destaca na alfabetiza\u00e7\u00e3o infantil"},"content":{"rendered":"<p style=\"text-align: justify;\"><img loading=\"lazy\" class=\"alignnone size-full wp-image-201450\" src=\"http:\/\/mspontocom.com.br\/site\/wp-content\/uploads\/2025\/07\/site-adriane-educacao-2-1024x683-adriane-educacao-2-1024x683-1.jpeg\" alt=\"\" width=\"1024\" height=\"683\" srcset=\"https:\/\/mspontocom.com.br\/site\/wp-content\/uploads\/2025\/07\/site-adriane-educacao-2-1024x683-adriane-educacao-2-1024x683-1.jpeg 1024w, https:\/\/mspontocom.com.br\/site\/wp-content\/uploads\/2025\/07\/site-adriane-educacao-2-1024x683-adriane-educacao-2-1024x683-1-260x173.jpeg 260w, https:\/\/mspontocom.com.br\/site\/wp-content\/uploads\/2025\/07\/site-adriane-educacao-2-1024x683-adriane-educacao-2-1024x683-1-768x512.jpeg 768w\" sizes=\"(max-width: 1024px) 100vw, 1024px\" \/>A educa\u00e7\u00e3o p\u00fablica de Campo Grande acaba de registrar mais um avan\u00e7o significativo no que diz respeito \u00e0 alfabetiza\u00e7\u00e3o infantil.<\/p>\n<p style=\"text-align: justify;\">Segundo dados divulgados pelo<strong> Minist\u00e9rio da Educa\u00e7\u00e3o (MEC)<\/strong> e pelo Inep, 51,76% das crian\u00e7as da Rede Municipal de Ensino (Reme) da capital sul-mato-grossense estavam alfabetizadas at\u00e9 o 2\u00ba ano do Ensino Fundamental em 2024 \u2014<strong> um salto de mais de 10 pontos percentuais em rela\u00e7\u00e3o a 2023<\/strong>, quando o \u00edndice era de 41,6%.<\/p>\n<p style=\"text-align: justify;\">O crescimento expressivo coloca Campo Grande entre os munic\u00edpios que mais evolu\u00edram no programa Alfabetiza Brasil, pol\u00edtica nacional que monitora o n\u00edvel de alfabetiza\u00e7\u00e3o de crian\u00e7as com at\u00e9 sete anos de idade.<\/p>\n<p style=\"text-align: justify;\"><strong>Planejamento e entrega<\/strong><\/p>\n<p style=\"text-align: justify;\">O avan\u00e7o registrado em 2024 \u00e9 reflexo direto de uma s\u00e9rie de medidas implementadas pela gest\u00e3o municipal nos \u00faltimos dois anos.<\/p>\n<p style=\"text-align: justify;\">Entre as principais a\u00e7\u00f5es da prefeitura est\u00e3o:<\/p>\n<p style=\"text-align: justify;\">Programa Juntos Pela Escola, que contempla revitaliza\u00e7\u00e3o e amplia\u00e7\u00e3o das unidades;<\/p>\n<p style=\"text-align: justify;\">Entrega de salas modulares climatizadas, voltadas especialmente ao refor\u00e7o nos anos iniciais;<\/p>\n<p style=\"text-align: justify;\">Forma\u00e7\u00e3o continuada e espec\u00edfica para professores alfabetizadores, com foco em pr\u00e1ticas de leitura e escrita;<\/p>\n<p style=\"text-align: justify;\">Cria\u00e7\u00e3o e fortalecimento do Grupo de Estudos de Professores Alfabetizadores (Gepar);<\/p>\n<p style=\"text-align: justify;\">Elabora\u00e7\u00e3o de materiais orientativos para professores;<\/p>\n<p style=\"text-align: justify;\">Assessoramentos pedag\u00f3gicos presenciais nas escolas;<\/p>\n<p style=\"text-align: justify;\">Compartilhamento de pr\u00e1ticas pedag\u00f3gicas exitosas entre os profissionais;<\/p>\n<p style=\"text-align: justify;\">Monitoramento permanente do aprendizado, com avalia\u00e7\u00f5es e interven\u00e7\u00f5es individualizadas.<\/p>\n<p style=\"text-align: justify;\">Al\u00e9m disso, Campo Grande est\u00e1 alinhada \u00e0s diretrizes do Minist\u00e9rio da Educa\u00e7\u00e3o, o que refor\u00e7a a consist\u00eancia das estrat\u00e9gias locais.<\/p>\n<p style=\"text-align: justify;\"><strong>Acima da m\u00e9dia<\/strong><\/p>\n<p style=\"text-align: justify;\">Os avan\u00e7os na alfabetiza\u00e7\u00e3o infantil caminham em sintonia com outros bons indicadores.<\/p>\n<p style=\"text-align: justify;\"><strong>Segundo dados do IBGE, Campo Grande tem hoje 97,09% da popula\u00e7\u00e3o alfabetizada \u2014 \u00edndice acima da m\u00e9dia nacional, que \u00e9 de 93%.<\/strong><\/p>\n<p style=\"text-align: justify;\">A prefeita Adriane Lopes refor\u00e7a que alfabetizar crian\u00e7as na idade certa \u00e9 garantir futuro com igualdade de oportunidades.<\/p>\n<blockquote>\n<p style=\"text-align: justify;\"><em> \u201cEduca\u00e7\u00e3o \u00e9 prioridade da nossa gest\u00e3o porque \u00e9 pela alfabetiza\u00e7\u00e3o que abrimos portas para um futuro com mais dignidade e igualdade. Esse avan\u00e7o mostra que, quando h\u00e1 planejamento, investimento e presen\u00e7a, os resultados aparecem. Vamos continuar trabalhando e fazendo o que precisa ser feito para que nenhuma crian\u00e7a fique para tr\u00e1s.\u201d<\/em><\/p>\n<\/blockquote>\n","protected":false},"excerpt":{"rendered":"<p>A educa\u00e7\u00e3o p\u00fablica de Campo Grande acaba de registrar mais um avan\u00e7o significativo no que diz respeito \u00e0 alfabetiza\u00e7\u00e3o infantil. Segundo dados divulgados pelo Minist\u00e9rio da Educa\u00e7\u00e3o (MEC) e pelo Inep, 51,76% das crian\u00e7as da Rede Municipal de Ensino (Reme) da capital sul-mato-grossense estavam alfabetizadas at\u00e9 o 2\u00ba ano do Ensino Fundamental em 2024 \u2014 [&hellip;]<\/p>\n","protected":false},"author":2,"featured_media":201450,"comment_status":"open","ping_status":"open","sticky":false,"template":"","format":"standard","meta":{"_monsterinsights_skip_tracking":false,"_monsterinsights_sitenote_active":false,"_monsterinsights_sitenote_note":"","_monsterinsights_sitenote_category":0},"categories":[4328,76],"tags":[123,25769,6643],"aioseo_notices":[],"_links":{"self":[{"href":"https:\/\/mspontocom.com.br\/site\/wp-json\/wp\/v2\/posts\/201449"}],"collection":[{"href":"https:\/\/mspontocom.com.br\/site\/wp-json\/wp\/v2\/posts"}],"about":[{"href":"https:\/\/mspontocom.com.br\/site\/wp-json\/wp\/v2\/types\/post"}],"author":[{"embeddable":true,"href":"https:\/\/mspontocom.com.br\/site\/wp-json\/wp\/v2\/users\/2"}],"replies":[{"embeddable":true,"href":"https:\/\/mspontocom.com.br\/site\/wp-json\/wp\/v2\/comments?post=201449"}],"version-history":[{"count":1,"href":"https:\/\/mspontocom.com.br\/site\/wp-json\/wp\/v2\/posts\/201449\/revisions"}],"predecessor-version":[{"id":201451,"href":"https:\/\/mspontocom.com.br\/site\/wp-json\/wp\/v2\/posts\/201449\/revisions\/201451"}],"wp:featuredmedia":[{"embeddable":true,"href":"https:\/\/mspontocom.com.br\/site\/wp-json\/wp\/v2\/media\/201450"}],"wp:attachment":[{"href":"https:\/\/mspontocom.com.br\/site\/wp-json\/wp\/v2\/media?parent=201449"}],"wp:term":[{"taxonomy":"category","embeddable":true,"href":"https:\/\/mspontocom.com.br\/site\/wp-json\/wp\/v2\/categories?post=201449"},{"taxonomy":"post_tag","embeddable":true,"href":"https:\/\/mspontocom.com.br\/site\/wp-json\/wp\/v2\/tags?post=201449"}],"curies":[{"name":"wp","href":"https:\/\/api.w.org\/{rel}","templated":true}]}}