{"id":201480,"date":"2025-07-18T04:30:04","date_gmt":"2025-07-18T08:30:04","guid":{"rendered":"https:\/\/mspontocom.com.br\/site\/?p=201480"},"modified":"2025-07-18T06:13:42","modified_gmt":"2025-07-18T10:13:42","slug":"prefeitura-de-campo-grande-oferece-curso-gratuito-para-empreendedorismo-feminino","status":"publish","type":"post","link":"https:\/\/mspontocom.com.br\/site\/prefeitura-de-campo-grande-oferece-curso-gratuito-para-empreendedorismo-feminino\/","title":{"rendered":"Prefeitura de Campo Grande oferece curso gratuito para empreendedorismo feminino"},"content":{"rendered":"<p style=\"text-align: justify;\"><img loading=\"lazy\" class=\"alignnone size-full wp-image-201482\" src=\"http:\/\/mspontocom.com.br\/site\/wp-content\/uploads\/2025\/07\/site-prefeitura-oferece-curso-gratuito-que-fortalece-empreendedorismo-feminino-empreenda-mulher-1.jpeg\" alt=\"\" width=\"1280\" height=\"574\" srcset=\"https:\/\/mspontocom.com.br\/site\/wp-content\/uploads\/2025\/07\/site-prefeitura-oferece-curso-gratuito-que-fortalece-empreendedorismo-feminino-empreenda-mulher-1.jpeg 1280w, https:\/\/mspontocom.com.br\/site\/wp-content\/uploads\/2025\/07\/site-prefeitura-oferece-curso-gratuito-que-fortalece-empreendedorismo-feminino-empreenda-mulher-1-260x117.jpeg 260w, https:\/\/mspontocom.com.br\/site\/wp-content\/uploads\/2025\/07\/site-prefeitura-oferece-curso-gratuito-que-fortalece-empreendedorismo-feminino-empreenda-mulher-1-1024x459.jpeg 1024w, https:\/\/mspontocom.com.br\/site\/wp-content\/uploads\/2025\/07\/site-prefeitura-oferece-curso-gratuito-que-fortalece-empreendedorismo-feminino-empreenda-mulher-1-768x344.jpeg 768w\" sizes=\"(max-width: 1280px) 100vw, 1280px\" \/>A Prefeitura Municipal de Campo Grande, por meio da Secretaria Executiva da Mulher (SEMU), realiza <strong>entre os dias 21 e 25 de julho de 2025<\/strong>, sempre das 19h \u00e1s 21h, uma semana intensiva de forma\u00e7\u00e3o voltada ao fortalecimento do<strong> empreendedorismo feminino. <\/strong><\/p>\n<p style=\"text-align: justify;\">A iniciativa faz parte do projeto Empreenda Bem Mulher e ser\u00e1 realizada na sede da SEMU, localizada na<strong> Rua 15 de Novembro, n\u00ba 1373.<\/strong><\/p>\n<p style=\"text-align: justify;\">Com o tema \u201cEmpreendedoras do Agora\u201d, o curso oferecer\u00e1 conte\u00fados pr\u00e1ticos e atualizados para mulheres que desejam empreender, aprimorar seus neg\u00f3cios ou iniciar uma jornada no mercado de forma segura e estrat\u00e9gica.<\/p>\n<p style=\"text-align: justify;\">A programa\u00e7\u00e3o inclui cinco m\u00f3dulos ministrados por especialistas em \u00e1reas essenciais como comunica\u00e7\u00e3o, lideran\u00e7a, marketing digital, vendas e orienta\u00e7\u00e3o jur\u00eddica.<\/p>\n<p style=\"text-align: justify;\"><span style=\"font-size: 14pt;\"><strong>As mentoras convidadas para conduzir as oficinas s\u00e3o:<\/strong><\/span><\/p>\n<p style=\"text-align: justify;\">Stefanny Azevedo (Comunica\u00e7\u00e3o Estrat\u00e9gica)<br \/>\nFernanda Bentasol (Lideran\u00e7a Empreendedora)<br \/>\nGiovanna Simioni (Marketing Digital)<br \/>\nVivian A. Assun\u00e7\u00e3o (Estrat\u00e9gia para Vendas)<br \/>\nMariana Gutierres (Blindagem Jur\u00eddica)<\/p>\n<p style=\"text-align: justify;\">Entre os assuntos abordados est\u00e3o: imagem pessoal e profissional, orat\u00f3ria para neg\u00f3cios, lideran\u00e7a com prop\u00f3sito, uso estrat\u00e9gico do Instagram, t\u00e9cnicas de vendas e blindagem jur\u00eddica para proteger a vida pessoal e empresarial.<\/p>\n<p style=\"text-align: justify;\"><strong>Inscri\u00e7\u00f5es<\/strong><\/p>\n<p style=\"text-align: justify;\">As inscri\u00e7\u00f5es s\u00e3o gratuitas e podem ser feitas de forma r\u00e1pida e pr\u00e1tica por meio dos seguintes canais:<\/p>\n<p style=\"text-align: justify;\">WhatsApp: (67) 98131-7879<br \/>\nPresencialmente: na sede da SEMU<br \/>\nInstagram:\u00a0<a href=\"http:\/\/semucg\/\">@semucg<\/a>\u00a0(link dispon\u00edvel na bio)<\/p>\n<p style=\"text-align: justify;\">O curso \u00e9 exclusivo para mulheres moradoras de Campo Grande.<\/p>\n<p style=\"text-align: justify;\">As vagas s\u00e3o limitadas.<\/p>\n","protected":false},"excerpt":{"rendered":"<p>A Prefeitura Municipal de Campo Grande, por meio da Secretaria Executiva da Mulher (SEMU), realiza entre os dias 21 e 25 de julho de 2025, sempre das 19h \u00e1s 21h, uma semana intensiva de forma\u00e7\u00e3o voltada ao fortalecimento do empreendedorismo feminino. A iniciativa faz parte do projeto Empreenda Bem Mulher e ser\u00e1 realizada na sede [&hellip;]<\/p>\n","protected":false},"author":2,"featured_media":201482,"comment_status":"open","ping_status":"open","sticky":false,"template":"","format":"standard","meta":{"_monsterinsights_skip_tracking":false,"_monsterinsights_sitenote_active":false,"_monsterinsights_sitenote_note":"","_monsterinsights_sitenote_category":0},"categories":[4328],"tags":[123,2436,43277,165],"aioseo_notices":[],"_links":{"self":[{"href":"https:\/\/mspontocom.com.br\/site\/wp-json\/wp\/v2\/posts\/201480"}],"collection":[{"href":"https:\/\/mspontocom.com.br\/site\/wp-json\/wp\/v2\/posts"}],"about":[{"href":"https:\/\/mspontocom.com.br\/site\/wp-json\/wp\/v2\/types\/post"}],"author":[{"embeddable":true,"href":"https:\/\/mspontocom.com.br\/site\/wp-json\/wp\/v2\/users\/2"}],"replies":[{"embeddable":true,"href":"https:\/\/mspontocom.com.br\/site\/wp-json\/wp\/v2\/comments?post=201480"}],"version-history":[{"count":2,"href":"https:\/\/mspontocom.com.br\/site\/wp-json\/wp\/v2\/posts\/201480\/revisions"}],"predecessor-version":[{"id":201483,"href":"https:\/\/mspontocom.com.br\/site\/wp-json\/wp\/v2\/posts\/201480\/revisions\/201483"}],"wp:featuredmedia":[{"embeddable":true,"href":"https:\/\/mspontocom.com.br\/site\/wp-json\/wp\/v2\/media\/201482"}],"wp:attachment":[{"href":"https:\/\/mspontocom.com.br\/site\/wp-json\/wp\/v2\/media?parent=201480"}],"wp:term":[{"taxonomy":"category","embeddable":true,"href":"https:\/\/mspontocom.com.br\/site\/wp-json\/wp\/v2\/categories?post=201480"},{"taxonomy":"post_tag","embeddable":true,"href":"https:\/\/mspontocom.com.br\/site\/wp-json\/wp\/v2\/tags?post=201480"}],"curies":[{"name":"wp","href":"https:\/\/api.w.org\/{rel}","templated":true}]}}