{"id":201605,"date":"2025-07-24T06:01:54","date_gmt":"2025-07-24T10:01:54","guid":{"rendered":"https:\/\/mspontocom.com.br\/site\/?p=201605"},"modified":"2025-07-24T07:10:55","modified_gmt":"2025-07-24T11:10:55","slug":"filmepsicopatia-de-moraes-ja-tem-data-de-estreia-internacional","status":"publish","type":"post","link":"https:\/\/mspontocom.com.br\/site\/filmepsicopatia-de-moraes-ja-tem-data-de-estreia-internacional\/","title":{"rendered":"Filme sobre psicopatia de Moraes j\u00e1 tem data de estreia internacional"},"content":{"rendered":"<div class=\"postLayout_post-content__gsXFz\">\n<div class=\"postBody_post-body-container__1KhtH\">\n<p class=\"postParagraph_post-paragraph__juWZN\" style=\"text-align: justify;\"><img loading=\"lazy\" class=\"alignnone size-full wp-image-201612\" src=\"http:\/\/mspontocom.com.br\/site\/wp-content\/uploads\/2025\/07\/site-filme-sobre-psicopataalexandre-de-moraes-ganha-data-de-estreia-internacional-fake-e1753351126131.jpg\" alt=\"\" width=\"1574\" height=\"936\" srcset=\"https:\/\/mspontocom.com.br\/site\/wp-content\/uploads\/2025\/07\/site-filme-sobre-psicopataalexandre-de-moraes-ganha-data-de-estreia-internacional-fake-e1753351126131.jpg 1574w, https:\/\/mspontocom.com.br\/site\/wp-content\/uploads\/2025\/07\/site-filme-sobre-psicopataalexandre-de-moraes-ganha-data-de-estreia-internacional-fake-e1753351126131-260x155.jpg 260w, https:\/\/mspontocom.com.br\/site\/wp-content\/uploads\/2025\/07\/site-filme-sobre-psicopataalexandre-de-moraes-ganha-data-de-estreia-internacional-fake-e1753351126131-1024x609.jpg 1024w, https:\/\/mspontocom.com.br\/site\/wp-content\/uploads\/2025\/07\/site-filme-sobre-psicopataalexandre-de-moraes-ganha-data-de-estreia-internacional-fake-e1753351126131-768x457.jpg 768w, https:\/\/mspontocom.com.br\/site\/wp-content\/uploads\/2025\/07\/site-filme-sobre-psicopataalexandre-de-moraes-ganha-data-de-estreia-internacional-fake-e1753351126131-1536x913.jpg 1536w\" sizes=\"(max-width: 1574px) 100vw, 1574px\" \/>O document\u00e1rio sobre os desmandos de <strong>Alexandre de Moraes<\/strong> finalmente ganhou uma data para sua estreia internacional: <strong>6 de agosto.<\/strong><\/p>\n<p class=\"postParagraph_post-paragraph-innerHtml__Q5vwc\" style=\"text-align: justify;\"><em>The Fake Judge: The Story of a Nation in the Hands of a Psychopath<\/em>\u00a0(<strong><em>O Falso Juiz: A Hist\u00f3ria de uma Na\u00e7\u00e3o nas M\u00e3os de um Psicopata<\/em><\/strong>) \u00e9 dirigido pelo jornalista portugu\u00eas Sergio Tavares.<\/p>\n<p class=\"postParagraph_post-paragraph-innerHtml__Q5vwc\" style=\"text-align: justify;\">O lan\u00e7amento ser\u00e1 em Lisboa, no Cinema City Alvalade, \u00e0s 19h.<\/p>\n<p class=\"postParagraph_post-paragraph-innerHtml__Q5vwc\" style=\"text-align: justify;\">\u00a0Em seguida, ser\u00e1 a vez dos americanos.<\/p>\n<p class=\"postParagraph_post-paragraph-innerHtml__Q5vwc\" style=\"text-align: justify;\">Em Orlando, ainda em local a ser confirmado, a data de estreia ser\u00e1 9 de agosto.<\/p>\n<p class=\"postParagraph_post-paragraph__juWZN\" style=\"text-align: justify;\">Enquanto isso, os brasileiros ter\u00e3o de aguardar para o lan\u00e7amento, que deve acontecer pelo YouTube.<\/p>\n<p class=\"postParagraph_post-paragraph__juWZN\" style=\"text-align: justify;\">Tavares afirma que o document\u00e1rio ser\u00e1 lan\u00e7ado na plataforma quando o seu canal atingir a marca de tr\u00eas milh\u00f5es de inscritos.<\/p>\n<p class=\"postParagraph_post-paragraph__juWZN\" style=\"text-align: justify;\">\u00a0Segundo o diretor, essa estrat\u00e9gia \u00e9 indispens\u00e1vel tanto para ampliar o impacto internacional da pel\u00edcula quanto para compensar os altos custos da produ\u00e7\u00e3o, que consumiu mais de 50 mil euros em grava\u00e7\u00f5es realizadas em dez pa\u00edses.<\/p>\n<p class=\"postParagraph_post-paragraph-innerHtml__Q5vwc\" style=\"text-align: justify;\">Tavares justifica ainda que, com a receita da obra, vai preparar um novo document\u00e1rio: <strong><em>The Fake Judge 2<\/em>, sobre Gilmar Mendes.<\/strong><\/p>\n<\/div>\n<p>fonte: Gazeta do Povo<\/p>\n<div class=\"postBody_post-body-container__1KhtH\">\n<div class=\"postHtml_post-html__FVUuX\">\n<div data-infog-scope=\"codigo\" data-infog-id=\"6678\" data-infog-status=\"built\">\n<div class=\"infografico\"><\/div>\n<\/div>\n<\/div>\n<\/div>\n<\/div>\n<div class=\"postAside_post-aside__Vw78H\">\n<div class=\"postAside_post-aside-banner__eZsTK\">\n<div class=\"adBanner_c-ads__vacy1 adBanner_ads-desktop__YVQsV adBanner_open__ViOaF \" data-ads=\"ads-desktop\"><\/div>\n<\/div>\n<\/div>\n","protected":false},"excerpt":{"rendered":"<p>O document\u00e1rio sobre os desmandos de Alexandre de Moraes finalmente ganhou uma data para sua estreia internacional: 6 de agosto. The Fake Judge: The Story of a Nation in the Hands of a Psychopath\u00a0(O Falso Juiz: A Hist\u00f3ria de uma Na\u00e7\u00e3o nas M\u00e3os de um Psicopata) \u00e9 dirigido pelo jornalista portugu\u00eas Sergio Tavares. O lan\u00e7amento [&hellip;]<\/p>\n","protected":false},"author":2,"featured_media":201612,"comment_status":"open","ping_status":"open","sticky":false,"template":"","format":"standard","meta":{"_monsterinsights_skip_tracking":false,"_monsterinsights_sitenote_active":false,"_monsterinsights_sitenote_note":"","_monsterinsights_sitenote_category":0},"categories":[30260,2528,7,30259,12],"tags":[7405,43307,1041,319,35247,43308],"aioseo_notices":[],"_links":{"self":[{"href":"https:\/\/mspontocom.com.br\/site\/wp-json\/wp\/v2\/posts\/201605"}],"collection":[{"href":"https:\/\/mspontocom.com.br\/site\/wp-json\/wp\/v2\/posts"}],"about":[{"href":"https:\/\/mspontocom.com.br\/site\/wp-json\/wp\/v2\/types\/post"}],"author":[{"embeddable":true,"href":"https:\/\/mspontocom.com.br\/site\/wp-json\/wp\/v2\/users\/2"}],"replies":[{"embeddable":true,"href":"https:\/\/mspontocom.com.br\/site\/wp-json\/wp\/v2\/comments?post=201605"}],"version-history":[{"count":3,"href":"https:\/\/mspontocom.com.br\/site\/wp-json\/wp\/v2\/posts\/201605\/revisions"}],"predecessor-version":[{"id":201626,"href":"https:\/\/mspontocom.com.br\/site\/wp-json\/wp\/v2\/posts\/201605\/revisions\/201626"}],"wp:featuredmedia":[{"embeddable":true,"href":"https:\/\/mspontocom.com.br\/site\/wp-json\/wp\/v2\/media\/201612"}],"wp:attachment":[{"href":"https:\/\/mspontocom.com.br\/site\/wp-json\/wp\/v2\/media?parent=201605"}],"wp:term":[{"taxonomy":"category","embeddable":true,"href":"https:\/\/mspontocom.com.br\/site\/wp-json\/wp\/v2\/categories?post=201605"},{"taxonomy":"post_tag","embeddable":true,"href":"https:\/\/mspontocom.com.br\/site\/wp-json\/wp\/v2\/tags?post=201605"}],"curies":[{"name":"wp","href":"https:\/\/api.w.org\/{rel}","templated":true}]}}