{"id":201608,"date":"2025-07-24T05:49:37","date_gmt":"2025-07-24T09:49:37","guid":{"rendered":"https:\/\/mspontocom.com.br\/site\/?p=201608"},"modified":"2025-07-24T05:49:37","modified_gmt":"2025-07-24T09:49:37","slug":"em-discurso-no-chile-lula-ataca-eleicoes-e-democracia","status":"publish","type":"post","link":"https:\/\/mspontocom.com.br\/site\/em-discurso-no-chile-lula-ataca-eleicoes-e-democracia\/","title":{"rendered":"Em discurso no Chile, Lula ataca elei\u00e7\u00f5es e democracia"},"content":{"rendered":"<p style=\"text-align: justify;\"><img loading=\"lazy\" class=\"alignnone size-full wp-image-201610\" src=\"http:\/\/mspontocom.com.br\/site\/wp-content\/uploads\/2025\/07\/site-em-discurso-no-chile-lula-ataca-eleicoes-e-democracia-lula-ditador.webp\" alt=\"\" width=\"800\" height=\"533\" srcset=\"https:\/\/mspontocom.com.br\/site\/wp-content\/uploads\/2025\/07\/site-em-discurso-no-chile-lula-ataca-eleicoes-e-democracia-lula-ditador.webp 800w, https:\/\/mspontocom.com.br\/site\/wp-content\/uploads\/2025\/07\/site-em-discurso-no-chile-lula-ataca-eleicoes-e-democracia-lula-ditador-260x173.webp 260w, https:\/\/mspontocom.com.br\/site\/wp-content\/uploads\/2025\/07\/site-em-discurso-no-chile-lula-ataca-eleicoes-e-democracia-lula-ditador-768x512.webp 768w\" sizes=\"(max-width: 800px) 100vw, 800px\" \/>Se algu\u00e9m tinha d\u00favidas sobre os devaneios autorit\u00e1rios em voga, Lula se encarregou de remov\u00ea-las no convescote de presidentes <strong>comunistas<\/strong> de pa\u00edses latinos, no Chile.<\/p>\n<p style=\"text-align: justify;\">No <strong>pseudo<\/strong> evento \u201cDemocracia siempre\u201d, deixou claro o prop\u00f3sito de acabar elei\u00e7\u00f5es.<\/p>\n<blockquote><p><em>\u201cCumprir o ritual eleitoral a cada quatro ou cinco anos n\u00e3o \u00e9 mais suficiente\u201c, disse ele, insinuando o poder sem prazo fixo, como nas ditaduras amigas da Venezuela.\u00a0<\/em><\/p><\/blockquote>\n<p style=\"text-align: justify;\">O presidente brasileiro <strong>atacou a democracia<\/strong> atrav\u00e9s do princ\u00edpio fundamental do voto popular.<\/p>\n<blockquote><p><em>\u201cA democracia liberal n\u00e3o foi capaz de responder aos anseios e necessidades contempor\u00e2neas\u201d, avisou, em clara prega\u00e7\u00e3o autorit\u00e1ria.<\/em><\/p><\/blockquote>\n<p style=\"text-align: justify;\">No ataque \u00e0s institui\u00e7\u00f5es democr\u00e1ticas, como diz STF da oposi\u00e7\u00e3o, Lula ainda alegou: \u201co sistema pol\u00edtico e partidos ca\u00edram no descr\u00e9dito.\u201d<\/p>\n<p style=\"text-align: justify;\">\n<p>A informa\u00e7\u00e3o \u00e9 da\u00a0<a href=\"https:\/\/diariodopoder.com.br\/coluna-claudio-humberto\/novo-pedido-de-impeachment-de-alexandre-de-moraes-no-senado-e-o-47o#SubAbre\">Coluna Cl\u00e1udio Humberto<\/a>, do\u00a0Di\u00e1rio do Poder.<\/p>\n<p>foto: Brasil de Fato<\/p>\n","protected":false},"excerpt":{"rendered":"<p>Se algu\u00e9m tinha d\u00favidas sobre os devaneios autorit\u00e1rios em voga, Lula se encarregou de remov\u00ea-las no convescote de presidentes comunistas de pa\u00edses latinos, no Chile. No pseudo evento \u201cDemocracia siempre\u201d, deixou claro o prop\u00f3sito de acabar elei\u00e7\u00f5es. \u201cCumprir o ritual eleitoral a cada quatro ou cinco anos n\u00e3o \u00e9 mais suficiente\u201c, disse ele, insinuando o [&hellip;]<\/p>\n","protected":false},"author":2,"featured_media":201610,"comment_status":"open","ping_status":"open","sticky":false,"template":"","format":"standard","meta":{"_monsterinsights_skip_tracking":false,"_monsterinsights_sitenote_active":false,"_monsterinsights_sitenote_note":"","_monsterinsights_sitenote_category":0},"categories":[30260,7,30259,12],"tags":[26739,157,129,30368,1887,480],"aioseo_notices":[],"_links":{"self":[{"href":"https:\/\/mspontocom.com.br\/site\/wp-json\/wp\/v2\/posts\/201608"}],"collection":[{"href":"https:\/\/mspontocom.com.br\/site\/wp-json\/wp\/v2\/posts"}],"about":[{"href":"https:\/\/mspontocom.com.br\/site\/wp-json\/wp\/v2\/types\/post"}],"author":[{"embeddable":true,"href":"https:\/\/mspontocom.com.br\/site\/wp-json\/wp\/v2\/users\/2"}],"replies":[{"embeddable":true,"href":"https:\/\/mspontocom.com.br\/site\/wp-json\/wp\/v2\/comments?post=201608"}],"version-history":[{"count":2,"href":"https:\/\/mspontocom.com.br\/site\/wp-json\/wp\/v2\/posts\/201608\/revisions"}],"predecessor-version":[{"id":201611,"href":"https:\/\/mspontocom.com.br\/site\/wp-json\/wp\/v2\/posts\/201608\/revisions\/201611"}],"wp:featuredmedia":[{"embeddable":true,"href":"https:\/\/mspontocom.com.br\/site\/wp-json\/wp\/v2\/media\/201610"}],"wp:attachment":[{"href":"https:\/\/mspontocom.com.br\/site\/wp-json\/wp\/v2\/media?parent=201608"}],"wp:term":[{"taxonomy":"category","embeddable":true,"href":"https:\/\/mspontocom.com.br\/site\/wp-json\/wp\/v2\/categories?post=201608"},{"taxonomy":"post_tag","embeddable":true,"href":"https:\/\/mspontocom.com.br\/site\/wp-json\/wp\/v2\/tags?post=201608"}],"curies":[{"name":"wp","href":"https:\/\/api.w.org\/{rel}","templated":true}]}}