{"id":201689,"date":"2025-07-26T04:14:39","date_gmt":"2025-07-26T08:14:39","guid":{"rendered":"https:\/\/mspontocom.com.br\/site\/?p=201689"},"modified":"2025-07-26T06:19:10","modified_gmt":"2025-07-26T10:19:10","slug":"sebrae-lanca-acoes-do-movimento-de-rua-em-campo-grande","status":"publish","type":"post","link":"https:\/\/mspontocom.com.br\/site\/sebrae-lanca-acoes-do-movimento-de-rua-em-campo-grande\/","title":{"rendered":"Sebrae lan\u00e7a a\u00e7\u00f5es do Movimento de Rua em Campo Grande"},"content":{"rendered":"<p style=\"text-align: justify;\"><img loading=\"lazy\" class=\"alignnone size-full wp-image-201690\" src=\"http:\/\/mspontocom.com.br\/site\/wp-content\/uploads\/2025\/07\/site-sebrae-lanca-acoes-do-movimento-de-rua-em-campo-grande-rua.jpg\" alt=\"\" width=\"1200\" height=\"800\" srcset=\"https:\/\/mspontocom.com.br\/site\/wp-content\/uploads\/2025\/07\/site-sebrae-lanca-acoes-do-movimento-de-rua-em-campo-grande-rua.jpg 1200w, https:\/\/mspontocom.com.br\/site\/wp-content\/uploads\/2025\/07\/site-sebrae-lanca-acoes-do-movimento-de-rua-em-campo-grande-rua-260x173.jpg 260w, https:\/\/mspontocom.com.br\/site\/wp-content\/uploads\/2025\/07\/site-sebrae-lanca-acoes-do-movimento-de-rua-em-campo-grande-rua-1024x683.jpg 1024w, https:\/\/mspontocom.com.br\/site\/wp-content\/uploads\/2025\/07\/site-sebrae-lanca-acoes-do-movimento-de-rua-em-campo-grande-rua-768x512.jpg 768w\" sizes=\"(max-width: 1200px) 100vw, 1200px\" \/>O Sebrae\/MS realiza na pr\u00f3xima segunda-feira (28), o lan\u00e7amento das a\u00e7\u00f5es do projeto \u201cMovimento de Rua\u201d em Campo Grande.<\/p>\n<p style=\"text-align: justify;\">O evento acontece \u00e0s 18h, no Restaurante Varand\u00e3o (R. Souto Maior, 1764, Jardim Tijuca).<\/p>\n<p style=\"text-align: justify;\">A participa\u00e7\u00e3o \u00e9 gratuita e voltada aos empres\u00e1rios.<\/p>\n<p style=\"text-align: justify;\">Durante o encontro, ser\u00e1 apresentado o plano de a\u00e7\u00e3o elaborado pelo Sebrae\/MS e parceiros para fortalecer os com\u00e9rcios locais e engajar os empreendedores na constru\u00e7\u00e3o de ruas mais atrativas e competitivas.<\/p>\n<p style=\"text-align: justify;\">\nDe acordo com o diretor-superintendente do Sebrae\/MS, Claudio Mendon\u00e7a, a proposta do Movimento de Rua nasce do desejo de valorizar o com\u00e9rcio e de estimular a coopera\u00e7\u00e3o entre os pequenos neg\u00f3cios.<\/p>\n<blockquote><p><em>\u201cEsse movimento \u00e9 sobre o coletivo, sobre fortalecer a rua e, consequentemente, cada neg\u00f3cio. Muitas vezes, as solu\u00e7\u00f5es n\u00e3o exigem grandes investimentos financeiros, mas sim colabora\u00e7\u00e3o. O Sebrae traz o conhecimento como especialista em pequenos neg\u00f3cios, mas nosso primeiro passo \u00e9 criar relacionamento, ouvir o empreendedor\u201d, ressalta.<\/em><br \/>\n<b><\/b><\/p><\/blockquote>\n<p style=\"text-align: justify;\"><b>Sobre o Movimento de Rua<\/b><br \/>\nCom um mutir\u00e3o de visitas realizado em junho deste ano, o Movimento de Rua \u00e9 uma iniciativa gratuita do Sebrae\/MS voltada ao fortalecimento dos pequenos neg\u00f3cios de Campo Grande e Dourados.<\/p>\n<p style=\"text-align: justify;\">Com a\u00e7\u00f5es de curto, m\u00e9dio e longo prazo, o projeto contempla, nesta primeira fase, 31 vias \u2013 sendo 20 na Capital e 11 no munic\u00edpio de Dourados \u2013 e prev\u00ea uma s\u00e9rie de estrat\u00e9gias personalizadas conforme as caracter\u00edsticas de cada rua e o perfil dos empreendedores locais.<\/p>\n<p style=\"text-align: justify;\">Em Campo Grande, integram a a\u00e7\u00e3o empreendimentos localizados nas ruas General Alberto Carlos M. Lima, F\u00e1tima do Sul, Manoel Joaquim de Moraes, J\u00falio de Castilho, Yokoama, S\u00e3o Nicolau, Ant\u00f4nio de Moraes Ribeiro, Jer\u00f4nimo de Albuquerque, Nosso Senhor do Bonfim, Hiroshima, Alberto de Ara\u00fajo, Ol\u00edmpio Klafke, Guaicurus, Pontalina, Marqu\u00eas de Pombal, Marqu\u00eas de Lavradio, Jos\u00e9 Nogueira Vieira, Cafezais, Fraiburgo e Barreiras.<\/p>\n<p style=\"text-align: justify;\">Mais informa\u00e7\u00f5es podem ser obtidas pela Central de Relacionamento do Sebrae, no telefone 0800 570 0800, ou pelo site\u00a0<a href=\"https:\/\/click.divulga.sebrae.ms\/?qs=62406bf0fb7581471b88710ed381574e7c7748c43a5be09a0f175c401f0b54b749776243a76fb045e1d0970c9a8adf54ee3d30d86b2344cd\" target=\"_blank\" rel=\"noopener\" data-saferedirecturl=\"https:\/\/www.google.com\/url?q=https:\/\/click.divulga.sebrae.ms\/?qs%3D62406bf0fb7581471b88710ed381574e7c7748c43a5be09a0f175c401f0b54b749776243a76fb045e1d0970c9a8adf54ee3d30d86b2344cd&amp;source=gmail&amp;ust=1753610250172000&amp;usg=AOvVaw3KIWRC6POzBsuY05zI33eF\">ms.sebrae.com.br<\/a>.<\/p>\n","protected":false},"excerpt":{"rendered":"<p>O Sebrae\/MS realiza na pr\u00f3xima segunda-feira (28), o lan\u00e7amento das a\u00e7\u00f5es do projeto \u201cMovimento de Rua\u201d em Campo Grande. O evento acontece \u00e0s 18h, no Restaurante Varand\u00e3o (R. Souto Maior, 1764, Jardim Tijuca). A participa\u00e7\u00e3o \u00e9 gratuita e voltada aos empres\u00e1rios. Durante o encontro, ser\u00e1 apresentado o plano de a\u00e7\u00e3o elaborado pelo Sebrae\/MS e parceiros [&hellip;]<\/p>\n","protected":false},"author":2,"featured_media":201690,"comment_status":"open","ping_status":"open","sticky":false,"template":"","format":"standard","meta":{"_monsterinsights_skip_tracking":false,"_monsterinsights_sitenote_active":false,"_monsterinsights_sitenote_note":"","_monsterinsights_sitenote_category":0},"categories":[4328],"tags":[123,23172,39960,536],"aioseo_notices":[],"_links":{"self":[{"href":"https:\/\/mspontocom.com.br\/site\/wp-json\/wp\/v2\/posts\/201689"}],"collection":[{"href":"https:\/\/mspontocom.com.br\/site\/wp-json\/wp\/v2\/posts"}],"about":[{"href":"https:\/\/mspontocom.com.br\/site\/wp-json\/wp\/v2\/types\/post"}],"author":[{"embeddable":true,"href":"https:\/\/mspontocom.com.br\/site\/wp-json\/wp\/v2\/users\/2"}],"replies":[{"embeddable":true,"href":"https:\/\/mspontocom.com.br\/site\/wp-json\/wp\/v2\/comments?post=201689"}],"version-history":[{"count":1,"href":"https:\/\/mspontocom.com.br\/site\/wp-json\/wp\/v2\/posts\/201689\/revisions"}],"predecessor-version":[{"id":201691,"href":"https:\/\/mspontocom.com.br\/site\/wp-json\/wp\/v2\/posts\/201689\/revisions\/201691"}],"wp:featuredmedia":[{"embeddable":true,"href":"https:\/\/mspontocom.com.br\/site\/wp-json\/wp\/v2\/media\/201690"}],"wp:attachment":[{"href":"https:\/\/mspontocom.com.br\/site\/wp-json\/wp\/v2\/media?parent=201689"}],"wp:term":[{"taxonomy":"category","embeddable":true,"href":"https:\/\/mspontocom.com.br\/site\/wp-json\/wp\/v2\/categories?post=201689"},{"taxonomy":"post_tag","embeddable":true,"href":"https:\/\/mspontocom.com.br\/site\/wp-json\/wp\/v2\/tags?post=201689"}],"curies":[{"name":"wp","href":"https:\/\/api.w.org\/{rel}","templated":true}]}}