{"id":201813,"date":"2025-08-01T07:32:07","date_gmt":"2025-08-01T11:32:07","guid":{"rendered":"https:\/\/mspontocom.com.br\/site\/?p=201813"},"modified":"2025-08-01T07:32:07","modified_gmt":"2025-08-01T11:32:07","slug":"deputados-da-uniao-europeia-pedem-bloqueio-dos-bens-de-moraes","status":"publish","type":"post","link":"https:\/\/mspontocom.com.br\/site\/deputados-da-uniao-europeia-pedem-bloqueio-dos-bens-de-moraes\/","title":{"rendered":"Deputados da Uni\u00e3o Europeia pedem bloqueio dos bens de Moraes"},"content":{"rendered":"<p style=\"text-align: justify;\"><img loading=\"lazy\" class=\"alignnone size-full wp-image-201823\" src=\"http:\/\/mspontocom.com.br\/site\/wp-content\/uploads\/2025\/08\/site-deputados-da-uniao-europeia-pedem-congelamento-dos-bens-de-moraes-alexandre-grupo-bloqueado.webp\" alt=\"\" width=\"512\" height=\"512\" srcset=\"https:\/\/mspontocom.com.br\/site\/wp-content\/uploads\/2025\/08\/site-deputados-da-uniao-europeia-pedem-congelamento-dos-bens-de-moraes-alexandre-grupo-bloqueado.webp 512w, https:\/\/mspontocom.com.br\/site\/wp-content\/uploads\/2025\/08\/site-deputados-da-uniao-europeia-pedem-congelamento-dos-bens-de-moraes-alexandre-grupo-bloqueado-260x260.webp 260w, https:\/\/mspontocom.com.br\/site\/wp-content\/uploads\/2025\/08\/site-deputados-da-uniao-europeia-pedem-congelamento-dos-bens-de-moraes-alexandre-grupo-bloqueado-150x150.webp 150w\" sizes=\"(max-width: 512px) 100vw, 512px\" \/><\/p>\n<p style=\"text-align: justify;\">Parlamentares de partidos de direita do Parlamento Europeu pediram nesta 5\u00aa feira que a Uni\u00e3o Europeia imponha san\u00e7\u00f5es contra o ministro do STF Alexandre de Moraes e outros magistrados da Corte.<\/p>\n<p style=\"text-align: justify;\">O pedido foi encaminhado \u00e0 alta representante do bloco para os Neg\u00f3cios Estrangeiros e a Pol\u00edtica de Seguran\u00e7a, Kaja Kallas.<\/p>\n<p style=\"text-align: justify;\">Entre as medidas solicitadas est\u00e3o o congelamento dos bens de Moraes e a proibi\u00e7\u00e3o de viagens a pa\u00edses do bloco.<\/p>\n<p style=\"text-align: justify;\"><strong>No documento, os eurodeputados afirmam que Moraes representa uma \u201cgrave amea\u00e7a \u00e0 liberdade de express\u00e3o\u201d. <\/strong><\/p>\n<p style=\"text-align: justify;\">Segundo o grupo, o ministro teria atuado fora dos limites legais ao acumular fun\u00e7\u00f5es de investigador, promotor e juiz, al\u00e9m de ordenar censura de discursos, bloqueio de ativos e pris\u00f5es sem o devido processo legal.<\/p>\n<p style=\"text-align: justify;\">O texto \u00e9 assinado pelo eurodeputado polon\u00eas Dominik Tarczynski e conta com o apoio de outros 15 parlamentares.<\/p>\n<blockquote><p><span style=\"font-size: 14pt;\"><em>\u201cA UE n\u00e3o deve ficar de bra\u00e7os cruzados enquanto Moraes continua a usar o sistema judicial brasileiro como arma contra seus oponentes pol\u00edticos e viola descaradamente os direitos humanos do povo brasileiro. Elogiamos Donald Trump por impor san\u00e7\u00f5es a Moraes hoje e apelamos \u00e0 UE para que fa\u00e7a o mesmo rapidamente\u201d, escreveu Tarczynski em seu perfil no X (ex-Twitter).<\/em><\/span><\/p><\/blockquote>\n<p style=\"text-align: justify;\">Entre as medidas propostas est\u00e3o o congelamento de bens e a proibi\u00e7\u00e3o de entrada em pa\u00edses da UE para Moraes e outros ministros do STF apontados como \u201cc\u00famplices\u201d.<\/p>\n<p style=\"text-align: justify;\">O grupo alega que Moraes tem como alvo o ex-presidente brasileiro Jair Bolsonaro (PL) e que estaria tentando impedi-lo de disputar as elei\u00e7\u00f5es de 2026 por meio de acusa\u00e7\u00f5es infundadas.<\/p>\n<p style=\"text-align: justify;\">Os parlamentares afirmam que a atua\u00e7\u00e3o do ministro viola os compromissos da Uni\u00e3o Europeia com os direitos humanos e compromete n\u00e3o apenas a democracia brasileira, mas tamb\u00e9m os princ\u00edpios democr\u00e1ticos internacionais que o bloco busca defender.<\/p>\n<p style=\"text-align: justify;\">fonte: Di\u00e1rio do Poder<\/p>\n","protected":false},"excerpt":{"rendered":"<p>Parlamentares de partidos de direita do Parlamento Europeu pediram nesta 5\u00aa feira que a Uni\u00e3o Europeia imponha san\u00e7\u00f5es contra o ministro do STF Alexandre de Moraes e outros magistrados da Corte. O pedido foi encaminhado \u00e0 alta representante do bloco para os Neg\u00f3cios Estrangeiros e a Pol\u00edtica de Seguran\u00e7a, Kaja Kallas. Entre as medidas solicitadas [&hellip;]<\/p>\n","protected":false},"author":2,"featured_media":201823,"comment_status":"open","ping_status":"open","sticky":false,"template":"","format":"standard","meta":{"_monsterinsights_skip_tracking":false,"_monsterinsights_sitenote_active":false,"_monsterinsights_sitenote_note":"","_monsterinsights_sitenote_category":0},"categories":[7,12],"tags":[27186,7426,7393,35247,777],"aioseo_notices":[],"_links":{"self":[{"href":"https:\/\/mspontocom.com.br\/site\/wp-json\/wp\/v2\/posts\/201813"}],"collection":[{"href":"https:\/\/mspontocom.com.br\/site\/wp-json\/wp\/v2\/posts"}],"about":[{"href":"https:\/\/mspontocom.com.br\/site\/wp-json\/wp\/v2\/types\/post"}],"author":[{"embeddable":true,"href":"https:\/\/mspontocom.com.br\/site\/wp-json\/wp\/v2\/users\/2"}],"replies":[{"embeddable":true,"href":"https:\/\/mspontocom.com.br\/site\/wp-json\/wp\/v2\/comments?post=201813"}],"version-history":[{"count":2,"href":"https:\/\/mspontocom.com.br\/site\/wp-json\/wp\/v2\/posts\/201813\/revisions"}],"predecessor-version":[{"id":201824,"href":"https:\/\/mspontocom.com.br\/site\/wp-json\/wp\/v2\/posts\/201813\/revisions\/201824"}],"wp:featuredmedia":[{"embeddable":true,"href":"https:\/\/mspontocom.com.br\/site\/wp-json\/wp\/v2\/media\/201823"}],"wp:attachment":[{"href":"https:\/\/mspontocom.com.br\/site\/wp-json\/wp\/v2\/media?parent=201813"}],"wp:term":[{"taxonomy":"category","embeddable":true,"href":"https:\/\/mspontocom.com.br\/site\/wp-json\/wp\/v2\/categories?post=201813"},{"taxonomy":"post_tag","embeddable":true,"href":"https:\/\/mspontocom.com.br\/site\/wp-json\/wp\/v2\/tags?post=201813"}],"curies":[{"name":"wp","href":"https:\/\/api.w.org\/{rel}","templated":true}]}}