{"id":201836,"date":"2025-08-01T04:54:53","date_gmt":"2025-08-01T08:54:53","guid":{"rendered":"https:\/\/mspontocom.com.br\/site\/?p=201836"},"modified":"2025-08-01T08:40:39","modified_gmt":"2025-08-01T12:40:39","slug":"astronomia-observatorio-vai-selecionar-interessados-para-desenvolvimento-de-projetos","status":"publish","type":"post","link":"https:\/\/mspontocom.com.br\/site\/astronomia-observatorio-vai-selecionar-interessados-para-desenvolvimento-de-projetos\/","title":{"rendered":"Astronomia: Observat\u00f3rio vai selecionar interessados para desenvolvimento de projetos"},"content":{"rendered":"<div>\n<p style=\"text-align: justify;\"><img loading=\"lazy\" class=\"alignnone size-full wp-image-201842\" src=\"http:\/\/mspontocom.com.br\/site\/wp-content\/uploads\/2025\/08\/site-astronomia-observatorio-vai-selecionar-interessados-para-desenvolvimento-de-projetos-observatorio-bauru-unesp.jpg\" alt=\"\" width=\"1240\" height=\"648\" srcset=\"https:\/\/mspontocom.com.br\/site\/wp-content\/uploads\/2025\/08\/site-astronomia-observatorio-vai-selecionar-interessados-para-desenvolvimento-de-projetos-observatorio-bauru-unesp.jpg 1240w, https:\/\/mspontocom.com.br\/site\/wp-content\/uploads\/2025\/08\/site-astronomia-observatorio-vai-selecionar-interessados-para-desenvolvimento-de-projetos-observatorio-bauru-unesp-260x136.jpg 260w, https:\/\/mspontocom.com.br\/site\/wp-content\/uploads\/2025\/08\/site-astronomia-observatorio-vai-selecionar-interessados-para-desenvolvimento-de-projetos-observatorio-bauru-unesp-1024x535.jpg 1024w, https:\/\/mspontocom.com.br\/site\/wp-content\/uploads\/2025\/08\/site-astronomia-observatorio-vai-selecionar-interessados-para-desenvolvimento-de-projetos-observatorio-bauru-unesp-768x401.jpg 768w\" sizes=\"(max-width: 1240px) 100vw, 1240px\" \/>Se voc\u00ea \u00e9 aluno do Ensino M\u00e9dio e quer aprender sobre Astronomia por meio de atividades pr\u00e1ticas, inscreva-se agora.<\/p>\n<p style=\"text-align: justify;\">\u00a0 S\u00e3o 25 vagas e ocorrer\u00e1 em 15 de agosto 2025, das 8:00 \u00e0s 22:00.<\/p>\n<p style=\"text-align: justify;\">Transporte pela Faculdade de Ci\u00eancias a confirmar.<\/p>\n<p style=\"text-align: justify;\">Refei\u00e7\u00f5es no Restaurante Universit\u00e1rio da UNESP.<\/p>\n<p style=\"text-align: justify;\">Um dos participantes desta Escola de Inverno <strong><em>ser\u00e1 selecionado para trabalhar junto ao Observat\u00f3rio de Astronomia da UNESP durante um ano para desenvolver um estudo e executar projetos, com uma bolsa de Inicia\u00e7\u00e3o Cient\u00edfica para o Ensino M\u00e9dio.<\/em><\/strong><\/p>\n<p>Para mais informa\u00e7\u00f5es, acesse:<br \/>\n<a href=\"https:\/\/sites.google.com\/unesp.br\/eipaiem\" target=\"_blank\" rel=\"noopener\" data-saferedirecturl=\"https:\/\/www.google.com\/url?q=https:\/\/sites.google.com\/unesp.br\/eipaiem&amp;source=gmail&amp;ust=1754137353762000&amp;usg=AOvVaw0d2H4P8AGbp2ts6FPxbumZ\">https:\/\/sites.google.com\/<wbr \/>unesp.br\/eipaiem<\/a><\/p>\n<\/div>\n<div><\/div>\n","protected":false},"excerpt":{"rendered":"<p>Se voc\u00ea \u00e9 aluno do Ensino M\u00e9dio e quer aprender sobre Astronomia por meio de atividades pr\u00e1ticas, inscreva-se agora. \u00a0 S\u00e3o 25 vagas e ocorrer\u00e1 em 15 de agosto 2025, das 8:00 \u00e0s 22:00. Transporte pela Faculdade de Ci\u00eancias a confirmar. Refei\u00e7\u00f5es no Restaurante Universit\u00e1rio da UNESP. Um dos participantes desta Escola de Inverno ser\u00e1 [&hellip;]<\/p>\n","protected":false},"author":2,"featured_media":201842,"comment_status":"open","ping_status":"open","sticky":false,"template":"","format":"standard","meta":{"_monsterinsights_skip_tracking":false,"_monsterinsights_sitenote_active":false,"_monsterinsights_sitenote_note":"","_monsterinsights_sitenote_category":0},"categories":[7752],"tags":[4911,2020,43352,21955,813,32955],"aioseo_notices":[],"_links":{"self":[{"href":"https:\/\/mspontocom.com.br\/site\/wp-json\/wp\/v2\/posts\/201836"}],"collection":[{"href":"https:\/\/mspontocom.com.br\/site\/wp-json\/wp\/v2\/posts"}],"about":[{"href":"https:\/\/mspontocom.com.br\/site\/wp-json\/wp\/v2\/types\/post"}],"author":[{"embeddable":true,"href":"https:\/\/mspontocom.com.br\/site\/wp-json\/wp\/v2\/users\/2"}],"replies":[{"embeddable":true,"href":"https:\/\/mspontocom.com.br\/site\/wp-json\/wp\/v2\/comments?post=201836"}],"version-history":[{"count":2,"href":"https:\/\/mspontocom.com.br\/site\/wp-json\/wp\/v2\/posts\/201836\/revisions"}],"predecessor-version":[{"id":201843,"href":"https:\/\/mspontocom.com.br\/site\/wp-json\/wp\/v2\/posts\/201836\/revisions\/201843"}],"wp:featuredmedia":[{"embeddable":true,"href":"https:\/\/mspontocom.com.br\/site\/wp-json\/wp\/v2\/media\/201842"}],"wp:attachment":[{"href":"https:\/\/mspontocom.com.br\/site\/wp-json\/wp\/v2\/media?parent=201836"}],"wp:term":[{"taxonomy":"category","embeddable":true,"href":"https:\/\/mspontocom.com.br\/site\/wp-json\/wp\/v2\/categories?post=201836"},{"taxonomy":"post_tag","embeddable":true,"href":"https:\/\/mspontocom.com.br\/site\/wp-json\/wp\/v2\/tags?post=201836"}],"curies":[{"name":"wp","href":"https:\/\/api.w.org\/{rel}","templated":true}]}}