{"id":201870,"date":"2025-08-03T08:05:48","date_gmt":"2025-08-03T12:05:48","guid":{"rendered":"https:\/\/mspontocom.com.br\/site\/?p=201870"},"modified":"2025-08-03T08:05:48","modified_gmt":"2025-08-03T12:05:48","slug":"aguas-guariroba-realiza-prospera-2025-com-acoes-gratuitas-para-populacao","status":"publish","type":"post","link":"https:\/\/mspontocom.com.br\/site\/aguas-guariroba-realiza-prospera-2025-com-acoes-gratuitas-para-populacao\/","title":{"rendered":"\u00c1guas Guariroba realiza Prospera 2025 com a\u00e7\u00f5es gratuitas para popula\u00e7\u00e3o"},"content":{"rendered":"<div style=\"text-align: justify;\"><img loading=\"lazy\" class=\"alignnone size-full wp-image-201871\" src=\"http:\/\/mspontocom.com.br\/site\/wp-content\/uploads\/2025\/08\/site-aguas-guariroba-realiza-prospera-2025-com-acoes-gratuitas-para-populacao-prospera-1.jpg\" alt=\"\" width=\"1600\" height=\"720\" srcset=\"https:\/\/mspontocom.com.br\/site\/wp-content\/uploads\/2025\/08\/site-aguas-guariroba-realiza-prospera-2025-com-acoes-gratuitas-para-populacao-prospera-1.jpg 1600w, https:\/\/mspontocom.com.br\/site\/wp-content\/uploads\/2025\/08\/site-aguas-guariroba-realiza-prospera-2025-com-acoes-gratuitas-para-populacao-prospera-1-260x117.jpg 260w, https:\/\/mspontocom.com.br\/site\/wp-content\/uploads\/2025\/08\/site-aguas-guariroba-realiza-prospera-2025-com-acoes-gratuitas-para-populacao-prospera-1-1024x461.jpg 1024w, https:\/\/mspontocom.com.br\/site\/wp-content\/uploads\/2025\/08\/site-aguas-guariroba-realiza-prospera-2025-com-acoes-gratuitas-para-populacao-prospera-1-768x346.jpg 768w, https:\/\/mspontocom.com.br\/site\/wp-content\/uploads\/2025\/08\/site-aguas-guariroba-realiza-prospera-2025-com-acoes-gratuitas-para-populacao-prospera-1-1536x691.jpg 1536w\" sizes=\"(max-width: 1600px) 100vw, 1600px\" \/>O Prospera chega a sua terceira edi\u00e7\u00e3o em 2025 com a\u00e7\u00f5es e atividades gratuitas voltadas \u00e0 popula\u00e7\u00e3o.<\/div>\n<div style=\"text-align: justify;\"><\/div>\n<div style=\"text-align: justify;\">Iniciativa do Instituto Aegea \u00e9 realizada ao mesmo tempo em 16 munic\u00edpios onde a Aegea atua em todo pa\u00eds.<\/div>\n<div style=\"text-align: justify;\"><\/div>\n<div style=\"text-align: justify;\">A \u00c1guas Guariroba participou de todas as edi\u00e7\u00f5es desde o in\u00edcio do programa em 2023.<\/div>\n<div style=\"text-align: justify;\"><\/div>\n<div style=\"text-align: justify;\">No pr\u00f3ximo dia 30 de agosto, o Parque Jacques da Luz, no bairro Moreninha, vai sediar a a\u00e7\u00e3o social em Campo Grande.<\/div>\n<div style=\"text-align: justify;\"><\/div>\n<div style=\"text-align: justify;\">Entre os servi\u00e7os oferecidos est\u00e3o atendimento m\u00e9dico b\u00e1sico como aferi\u00e7\u00e3o de press\u00e3o arterial e testes de glicemia, servi\u00e7os como emiss\u00e3o de RG, orienta\u00e7\u00f5es jur\u00eddicas, esclarecimento de d\u00favidas sobre saneamento, oficinas profissionalizantes, al\u00e9m de gincanas e atividades recreativas para crian\u00e7as e jovens.<\/div>\n<div style=\"text-align: justify;\"><\/div>\n<div style=\"text-align: justify;\"><\/div>\n<blockquote>\n<div><em>\u201cDurante todo o ano realizamos a\u00e7\u00f5es pontuais de Responsabilidade Social. E o Prospera vem para ser a maior dessas iniciativas. Conseguimos atender a popula\u00e7\u00e3o em diversos servi\u00e7os, levando para dentro do bairro. Assim demonstramos nosso cuidado com todos, assim como fazemos levando saneamento para casa de cada campo-grandense\u201d, comentou Gabriel Buim, diretor-presidente da \u00c1guas Guariroba.<\/em><\/div>\n<\/blockquote>\n<div style=\"text-align: justify;\"><\/div>\n<div style=\"text-align: justify;\"><\/div>\n<div style=\"text-align: justify;\"><b>Servi\u00e7o<\/b><\/div>\n<div style=\"text-align: justify;\">O qu\u00ea: A\u00e7\u00e3o Social \u2013 \u201cProspera \u2013 Um movimento pelo cuidado com a vida\u201d<\/div>\n<div style=\"text-align: justify;\">Quando: 30 de agosto de 2025<\/div>\n<div style=\"text-align: justify;\"><\/div>\n<div style=\"text-align: justify;\"><b>Onde:<\/b><\/div>\n<div style=\"text-align: justify;\">Local: Parque Jacques da Luz<\/div>\n<div style=\"text-align: justify;\">R. Barreiras, s\/n, esquina com Rua Copaiba \u2013 Vila Moreninha III, Campo Grande \u2013 MS, 79065-652<\/div>\n<div style=\"text-align: justify;\">Hor\u00e1rio: 9h \u2013 15h (hor\u00e1rio local)<\/div>\n","protected":false},"excerpt":{"rendered":"<p>O Prospera chega a sua terceira edi\u00e7\u00e3o em 2025 com a\u00e7\u00f5es e atividades gratuitas voltadas \u00e0 popula\u00e7\u00e3o. Iniciativa do Instituto Aegea \u00e9 realizada ao mesmo tempo em 16 munic\u00edpios onde a Aegea atua em todo pa\u00eds. A \u00c1guas Guariroba participou de todas as edi\u00e7\u00f5es desde o in\u00edcio do programa em 2023. No pr\u00f3ximo dia 30 [&hellip;]<\/p>\n","protected":false},"author":2,"featured_media":201871,"comment_status":"open","ping_status":"open","sticky":false,"template":"","format":"standard","meta":{"_monsterinsights_skip_tracking":false,"_monsterinsights_sitenote_active":false,"_monsterinsights_sitenote_note":"","_monsterinsights_sitenote_category":0},"categories":[4328],"tags":[5131,43359],"aioseo_notices":[],"_links":{"self":[{"href":"https:\/\/mspontocom.com.br\/site\/wp-json\/wp\/v2\/posts\/201870"}],"collection":[{"href":"https:\/\/mspontocom.com.br\/site\/wp-json\/wp\/v2\/posts"}],"about":[{"href":"https:\/\/mspontocom.com.br\/site\/wp-json\/wp\/v2\/types\/post"}],"author":[{"embeddable":true,"href":"https:\/\/mspontocom.com.br\/site\/wp-json\/wp\/v2\/users\/2"}],"replies":[{"embeddable":true,"href":"https:\/\/mspontocom.com.br\/site\/wp-json\/wp\/v2\/comments?post=201870"}],"version-history":[{"count":1,"href":"https:\/\/mspontocom.com.br\/site\/wp-json\/wp\/v2\/posts\/201870\/revisions"}],"predecessor-version":[{"id":201872,"href":"https:\/\/mspontocom.com.br\/site\/wp-json\/wp\/v2\/posts\/201870\/revisions\/201872"}],"wp:featuredmedia":[{"embeddable":true,"href":"https:\/\/mspontocom.com.br\/site\/wp-json\/wp\/v2\/media\/201871"}],"wp:attachment":[{"href":"https:\/\/mspontocom.com.br\/site\/wp-json\/wp\/v2\/media?parent=201870"}],"wp:term":[{"taxonomy":"category","embeddable":true,"href":"https:\/\/mspontocom.com.br\/site\/wp-json\/wp\/v2\/categories?post=201870"},{"taxonomy":"post_tag","embeddable":true,"href":"https:\/\/mspontocom.com.br\/site\/wp-json\/wp\/v2\/tags?post=201870"}],"curies":[{"name":"wp","href":"https:\/\/api.w.org\/{rel}","templated":true}]}}