{"id":201896,"date":"2025-08-04T04:00:40","date_gmt":"2025-08-04T08:00:40","guid":{"rendered":"https:\/\/mspontocom.com.br\/site\/?p=201896"},"modified":"2025-08-04T07:41:11","modified_gmt":"2025-08-04T11:41:11","slug":"vem-ai-a-cidade-de-maria-10-dias-de-fe-e-tradicao-em-campo-grande","status":"publish","type":"post","link":"https:\/\/mspontocom.com.br\/site\/vem-ai-a-cidade-de-maria-10-dias-de-fe-e-tradicao-em-campo-grande\/","title":{"rendered":"Vem a\u00ed a Cidade de Maria: 10 dias de f\u00e9 e tradi\u00e7\u00e3o em Campo Grande"},"content":{"rendered":"<p style=\"text-align: justify;\"><img loading=\"lazy\" class=\"alignnone size-full wp-image-201897\" src=\"http:\/\/mspontocom.com.br\/site\/wp-content\/uploads\/2025\/08\/site-vem-ai-a-cidade-de-maria-10-dias-de-fe-e-tradicao-em-campo-grande-cidadedemaria.jpg\" alt=\"\" width=\"620\" height=\"470\" srcset=\"https:\/\/mspontocom.com.br\/site\/wp-content\/uploads\/2025\/08\/site-vem-ai-a-cidade-de-maria-10-dias-de-fe-e-tradicao-em-campo-grande-cidadedemaria.jpg 620w, https:\/\/mspontocom.com.br\/site\/wp-content\/uploads\/2025\/08\/site-vem-ai-a-cidade-de-maria-10-dias-de-fe-e-tradicao-em-campo-grande-cidadedemaria-260x197.jpg 260w\" sizes=\"(max-width: 620px) 100vw, 620px\" \/>A partir do dia<strong> 15 de agosto,<\/strong> Campo Grande ser\u00e1 palco da 23\u00aa edi\u00e7\u00e3o da\u00a0<strong>Cidade de Maria \u2013 Festa de Nossa Senhora da Abadia<\/strong>, evento que une f\u00e9, cultura e tradi\u00e7\u00e3o em um dos maiores encontros religiosos de Mato Grosso do Sul.<\/p>\n<p style=\"text-align: justify;\">A expectativa \u00e9 receber milhares de pessoas ao longo dos 10 dias de programa\u00e7\u00e3o.<\/p>\n<p style=\"text-align: justify;\">Organizado pela Par\u00f3quia Nossa Senhora da Abadia, com apoio do Governo do Estado, Prefeitura e centenas de volunt\u00e1rios, o evento traz como tema deste ano:<br \/>\n<strong>\u201cMaria, peregrina, portadora da esperan\u00e7a\u201d<\/strong> \u00a0em comunh\u00e3o com o Jubileu da <strong>Igreja Cat\u00f3lica<\/strong> convocado pelo Papa Francisco.<\/p>\n<p style=\"text-align: justify;\">Al\u00e9m das\u00a0<strong>missas, prociss\u00f5es e novenas<\/strong>\u00a0que comp\u00f5em a experi\u00eancia espiritual, a Cidade de Maria tamb\u00e9m promove\u00a0<strong>shows musicais, pra\u00e7a de alimenta\u00e7\u00e3o, espa\u00e7o kids e apresenta\u00e7\u00f5es culturais<\/strong>. Um dos pontos altos ser\u00e1 o\u00a0<strong>Domingo Jovem Mariano<\/strong>, no dia 17 de agosto, com atividades voltadas \u00e0 juventude e \u00e0 evangeliza\u00e7\u00e3o atrav\u00e9s da m\u00fasica.<\/p>\n<p style=\"text-align: justify;\">Outro destaque \u00e9 a\u00a0<strong>tradicional motocarreata no dia 24\/08, \u00e0s 8h30<\/strong>, com sa\u00edda do Santu\u00e1rio da Abadia at\u00e9 o Santu\u00e1rio Perp\u00e9tuo Socorro para b\u00ean\u00e7\u00e3o dos ve\u00edculos e retorno conduzindo a imagem de Nossa Senhora.<\/p>\n<p style=\"text-align: justify;\">\n<h3><img class=\"an1\" draggable=\"false\" src=\"https:\/\/fonts.gstatic.com\/s\/e\/notoemoji\/16.0\/1f4cc\/32.png\" alt=\"&#x1f4cc;\" data-emoji=\"&#x1f4cc;\" aria-label=\"&#x1f4cc;\" \/>\u00a0Servi\u00e7o:<\/h3>\n<p>&nbsp;<\/p>\n<p><img class=\"an1\" draggable=\"false\" src=\"https:\/\/fonts.gstatic.com\/s\/e\/notoemoji\/16.0\/1f4cd\/32.png\" alt=\"&#x1f4cd;\" data-emoji=\"&#x1f4cd;\" aria-label=\"&#x1f4cd;\" \/>\u00a0Cidade de Maria \u2013 Par\u00f3quia Nossa Senhora da Abadia<br \/>\n<img class=\"an1\" draggable=\"false\" src=\"https:\/\/fonts.gstatic.com\/s\/e\/notoemoji\/16.0\/1f4c5\/32.png\" alt=\"&#x1f4c5;\" data-emoji=\"&#x1f4c5;\" aria-label=\"&#x1f4c5;\" \/>\u00a0De 15 a 24 de agosto de 2025<br \/>\n<img class=\"an1\" draggable=\"false\" src=\"https:\/\/fonts.gstatic.com\/s\/e\/notoemoji\/16.0\/1f39f\/32.png\" alt=\"&#x1f39f;\" data-emoji=\"&#x1f39f;\" aria-label=\"&#x1f39f;\" \/>\u00a0Entrada gratuita<br \/>\n<img class=\"an1\" draggable=\"false\" src=\"https:\/\/fonts.gstatic.com\/s\/e\/notoemoji\/16.0\/1f4f2\/32.png\" alt=\"&#x1f4f2;\" data-emoji=\"&#x1f4f2;\" aria-label=\"&#x1f4f2;\" \/>\u00a0Instagram:\u00a0<a href=\"https:\/\/instagram.com\/cidadedemaria2025\" target=\"_blank\" rel=\"noopener\" data-saferedirecturl=\"https:\/\/www.google.com\/url?q=https:\/\/instagram.com\/cidadedemaria2025&amp;source=gmail&amp;ust=1754393494418000&amp;usg=AOvVaw1SSRcjG0xpDxPa3ctYVMke\">@cidadedemaria2025<\/a><\/p>\n","protected":false},"excerpt":{"rendered":"<p>A partir do dia 15 de agosto, Campo Grande ser\u00e1 palco da 23\u00aa edi\u00e7\u00e3o da\u00a0Cidade de Maria \u2013 Festa de Nossa Senhora da Abadia, evento que une f\u00e9, cultura e tradi\u00e7\u00e3o em um dos maiores encontros religiosos de Mato Grosso do Sul. A expectativa \u00e9 receber milhares de pessoas ao longo dos 10 dias de [&hellip;]<\/p>\n","protected":false},"author":2,"featured_media":201897,"comment_status":"open","ping_status":"open","sticky":false,"template":"","format":"standard","meta":{"_monsterinsights_skip_tracking":false,"_monsterinsights_sitenote_active":false,"_monsterinsights_sitenote_note":"","_monsterinsights_sitenote_category":0},"categories":[4328],"tags":[123,43363],"aioseo_notices":[],"_links":{"self":[{"href":"https:\/\/mspontocom.com.br\/site\/wp-json\/wp\/v2\/posts\/201896"}],"collection":[{"href":"https:\/\/mspontocom.com.br\/site\/wp-json\/wp\/v2\/posts"}],"about":[{"href":"https:\/\/mspontocom.com.br\/site\/wp-json\/wp\/v2\/types\/post"}],"author":[{"embeddable":true,"href":"https:\/\/mspontocom.com.br\/site\/wp-json\/wp\/v2\/users\/2"}],"replies":[{"embeddable":true,"href":"https:\/\/mspontocom.com.br\/site\/wp-json\/wp\/v2\/comments?post=201896"}],"version-history":[{"count":1,"href":"https:\/\/mspontocom.com.br\/site\/wp-json\/wp\/v2\/posts\/201896\/revisions"}],"predecessor-version":[{"id":201898,"href":"https:\/\/mspontocom.com.br\/site\/wp-json\/wp\/v2\/posts\/201896\/revisions\/201898"}],"wp:featuredmedia":[{"embeddable":true,"href":"https:\/\/mspontocom.com.br\/site\/wp-json\/wp\/v2\/media\/201897"}],"wp:attachment":[{"href":"https:\/\/mspontocom.com.br\/site\/wp-json\/wp\/v2\/media?parent=201896"}],"wp:term":[{"taxonomy":"category","embeddable":true,"href":"https:\/\/mspontocom.com.br\/site\/wp-json\/wp\/v2\/categories?post=201896"},{"taxonomy":"post_tag","embeddable":true,"href":"https:\/\/mspontocom.com.br\/site\/wp-json\/wp\/v2\/tags?post=201896"}],"curies":[{"name":"wp","href":"https:\/\/api.w.org\/{rel}","templated":true}]}}