{"id":202034,"date":"2025-08-08T05:15:50","date_gmt":"2025-08-08T09:15:50","guid":{"rendered":"https:\/\/mspontocom.com.br\/site\/?p=202034"},"modified":"2025-08-08T07:59:37","modified_gmt":"2025-08-08T11:59:37","slug":"adriane-e-riedel-aceleram-entregas-de-obras-em-campo-grande","status":"publish","type":"post","link":"https:\/\/mspontocom.com.br\/site\/adriane-e-riedel-aceleram-entregas-de-obras-em-campo-grande\/","title":{"rendered":"Adriane e Riedel aceleram entregas de obras em Campo Grande"},"content":{"rendered":"<p style=\"text-align: justify;\"><img loading=\"lazy\" class=\"alignnone size-full wp-image-202044\" src=\"http:\/\/mspontocom.com.br\/site\/wp-content\/uploads\/2025\/08\/site-adriane-e-riedel-aceleram-entregas-de-obras-em-campo-grande-adraine1.jpg\" alt=\"\" width=\"1600\" height=\"1066\" srcset=\"https:\/\/mspontocom.com.br\/site\/wp-content\/uploads\/2025\/08\/site-adriane-e-riedel-aceleram-entregas-de-obras-em-campo-grande-adraine1.jpg 1600w, https:\/\/mspontocom.com.br\/site\/wp-content\/uploads\/2025\/08\/site-adriane-e-riedel-aceleram-entregas-de-obras-em-campo-grande-adraine1-260x173.jpg 260w, https:\/\/mspontocom.com.br\/site\/wp-content\/uploads\/2025\/08\/site-adriane-e-riedel-aceleram-entregas-de-obras-em-campo-grande-adraine1-1024x682.jpg 1024w, https:\/\/mspontocom.com.br\/site\/wp-content\/uploads\/2025\/08\/site-adriane-e-riedel-aceleram-entregas-de-obras-em-campo-grande-adraine1-768x512.jpg 768w, https:\/\/mspontocom.com.br\/site\/wp-content\/uploads\/2025\/08\/site-adriane-e-riedel-aceleram-entregas-de-obras-em-campo-grande-adraine1-1536x1023.jpg 1536w\" sizes=\"(max-width: 1600px) 100vw, 1600px\" \/>Campo Grande colhe os frutos da atua\u00e7\u00e3o conjunta entre a Prefeitura e o Governo do Estado, que tem destravado obras estruturantes e ampliado investimentos em todas as regi\u00f5es da cidade.<\/p>\n<p style=\"text-align: justify;\">O trabalho em sintonia entre a prefeita <strong>Adriane Lopes<\/strong> e o governador <strong>Eduardo Riedel<\/strong> vem se consolidando como um dos principais motores de desenvolvimento da Capital.<\/p>\n<p style=\"text-align: justify;\">Exemplos concretos dessa parceria s\u00e3o a obra de reordenamento da rotat\u00f3ria que conecta as avenidas Tamandar\u00e9, Dr. Euler de Azevedo e Dom Ant\u00f4nio Barbosa, na regi\u00e3o do Segredo, e a pavimenta\u00e7\u00e3o do Bairro Nova Lima \u2014 duas entregas estrat\u00e9gicas que simbolizam a for\u00e7a da coopera\u00e7\u00e3o entre as duas esferas de governo.<\/p>\n<p style=\"text-align: justify;\">No pr\u00f3ximo dia 18 de agosto, as duas a\u00e7\u00f5es avan\u00e7am: a primeira com a assinatura de conv\u00eanio que garante os recursos para execu\u00e7\u00e3o da obra, e a segunda com a entrega oficial \u00e0 popula\u00e7\u00e3o.<\/p>\n<p style=\"text-align: justify;\">A reorganiza\u00e7\u00e3o da rotat\u00f3ria vai beneficiar diretamente os bairros Nasser, Vila Sobrinho e S\u00e3o Francisco, al\u00e9m de motoristas e pedestres que utilizam esse importante eixo de tr\u00e1fego, marcado por alto volume e pontos de conflito.<\/p>\n<p style=\"text-align: justify;\">A obra deve eliminar gargalos hist\u00f3ricos, melhorando a seguran\u00e7a, acessibilidade e fluidez no tr\u00e2nsito local.<\/p>\n<p><img loading=\"lazy\" class=\"alignnone size-full wp-image-202045\" src=\"http:\/\/mspontocom.com.br\/site\/wp-content\/uploads\/2025\/08\/site-adriane-e-riedel-aceleram-entregas-de-obras-em-campo-grande-adriane.jpg\" alt=\"\" width=\"1600\" height=\"1066\" srcset=\"https:\/\/mspontocom.com.br\/site\/wp-content\/uploads\/2025\/08\/site-adriane-e-riedel-aceleram-entregas-de-obras-em-campo-grande-adriane.jpg 1600w, https:\/\/mspontocom.com.br\/site\/wp-content\/uploads\/2025\/08\/site-adriane-e-riedel-aceleram-entregas-de-obras-em-campo-grande-adriane-260x173.jpg 260w, https:\/\/mspontocom.com.br\/site\/wp-content\/uploads\/2025\/08\/site-adriane-e-riedel-aceleram-entregas-de-obras-em-campo-grande-adriane-1024x682.jpg 1024w, https:\/\/mspontocom.com.br\/site\/wp-content\/uploads\/2025\/08\/site-adriane-e-riedel-aceleram-entregas-de-obras-em-campo-grande-adriane-768x512.jpg 768w, https:\/\/mspontocom.com.br\/site\/wp-content\/uploads\/2025\/08\/site-adriane-e-riedel-aceleram-entregas-de-obras-em-campo-grande-adriane-1536x1023.jpg 1536w\" sizes=\"(max-width: 1600px) 100vw, 1600px\" \/><\/p>\n<blockquote><p><span style=\"font-size: 14pt;\"><em>\u201cA gente avan\u00e7a quando une for\u00e7as. Essa parceria com o Governo do Estado \u00e9 mais uma demonstra\u00e7\u00e3o de que estamos fazendo o certo e fazendo o que precisa ser feito por Campo Grande, tirando do papel projetos importantes, como o reordenamento dessa rotat\u00f3ria, que vai melhorar o tr\u00e1fego e a vida de milhares de pessoas todos os dias\u201d, destaca a prefeita Adriane Lopes.<\/em><\/span><\/p><\/blockquote>\n<p style=\"text-align: justify;\">Al\u00e9m da rela\u00e7\u00e3o com o Governo do Estado, Adriane tem refor\u00e7ado o di\u00e1logo com a bancada federal, garantindo recursos para parte das mais de 130 obras previstas no pacote dos 126 anos da cidade.<\/p>\n<blockquote><p><span style=\"font-size: 14pt;\"><em>\u201cO desenvolvimento da nossa cidade passa pela uni\u00e3o de for\u00e7as. Essas entregas no calend\u00e1rio de anivers\u00e1rio e os novos investimentos s\u00e3o frutos de parcerias concretas com a bancada federal e com o Governo do Estado\u201d, refor\u00e7a a prefeita.<\/em><\/span><\/p><\/blockquote>\n<p style=\"text-align: justify;\">A C\u00e2mara Municipal tamb\u00e9m tem sido aliada na aprova\u00e7\u00e3o de projetos priorit\u00e1rios.<\/p>\n<p style=\"text-align: justify;\">Em paralelo, Adriane cobra maior participa\u00e7\u00e3o da bancada estadual nas pautas da Capital, mantendo o foco em uma gest\u00e3o articulada e orientada por resultados.<\/p>\n<p style=\"text-align: justify;\">Com mais de R$ 250 milh\u00f5es em investimentos anunciados neste ciclo de entregas, Campo Grande vive um novo momento, impulsionado pela articula\u00e7\u00e3o pol\u00edtica e pela capacidade de execu\u00e7\u00e3o da atual gest\u00e3o.<\/p>\n","protected":false},"excerpt":{"rendered":"<p>Campo Grande colhe os frutos da atua\u00e7\u00e3o conjunta entre a Prefeitura e o Governo do Estado, que tem destravado obras estruturantes e ampliado investimentos em todas as regi\u00f5es da cidade. O trabalho em sintonia entre a prefeita Adriane Lopes e o governador Eduardo Riedel vem se consolidando como um dos principais motores de desenvolvimento da [&hellip;]<\/p>\n","protected":false},"author":2,"featured_media":202044,"comment_status":"open","ping_status":"open","sticky":false,"template":"","format":"standard","meta":{"_monsterinsights_skip_tracking":false,"_monsterinsights_sitenote_active":false,"_monsterinsights_sitenote_note":"","_monsterinsights_sitenote_category":0},"categories":[4328],"tags":[43384,123,120,17716],"aioseo_notices":[],"_links":{"self":[{"href":"https:\/\/mspontocom.com.br\/site\/wp-json\/wp\/v2\/posts\/202034"}],"collection":[{"href":"https:\/\/mspontocom.com.br\/site\/wp-json\/wp\/v2\/posts"}],"about":[{"href":"https:\/\/mspontocom.com.br\/site\/wp-json\/wp\/v2\/types\/post"}],"author":[{"embeddable":true,"href":"https:\/\/mspontocom.com.br\/site\/wp-json\/wp\/v2\/users\/2"}],"replies":[{"embeddable":true,"href":"https:\/\/mspontocom.com.br\/site\/wp-json\/wp\/v2\/comments?post=202034"}],"version-history":[{"count":2,"href":"https:\/\/mspontocom.com.br\/site\/wp-json\/wp\/v2\/posts\/202034\/revisions"}],"predecessor-version":[{"id":202046,"href":"https:\/\/mspontocom.com.br\/site\/wp-json\/wp\/v2\/posts\/202034\/revisions\/202046"}],"wp:featuredmedia":[{"embeddable":true,"href":"https:\/\/mspontocom.com.br\/site\/wp-json\/wp\/v2\/media\/202044"}],"wp:attachment":[{"href":"https:\/\/mspontocom.com.br\/site\/wp-json\/wp\/v2\/media?parent=202034"}],"wp:term":[{"taxonomy":"category","embeddable":true,"href":"https:\/\/mspontocom.com.br\/site\/wp-json\/wp\/v2\/categories?post=202034"},{"taxonomy":"post_tag","embeddable":true,"href":"https:\/\/mspontocom.com.br\/site\/wp-json\/wp\/v2\/tags?post=202034"}],"curies":[{"name":"wp","href":"https:\/\/api.w.org\/{rel}","templated":true}]}}