{"id":202038,"date":"2025-08-08T05:00:49","date_gmt":"2025-08-08T09:00:49","guid":{"rendered":"https:\/\/mspontocom.com.br\/site\/?p=202038"},"modified":"2025-08-08T07:46:26","modified_gmt":"2025-08-08T11:46:26","slug":"campo-grande-feira-de-adocao-neste-sabado-busca-novos-lares-para-gatos-resgatados","status":"publish","type":"post","link":"https:\/\/mspontocom.com.br\/site\/campo-grande-feira-de-adocao-neste-sabado-busca-novos-lares-para-gatos-resgatados\/","title":{"rendered":"Campo Grande: Feira de Ado\u00e7\u00e3o neste s\u00e1bado busca novos lares para gatos resgatados"},"content":{"rendered":"<div style=\"text-align: justify;\"><img loading=\"lazy\" class=\"alignnone size-full wp-image-202040\" src=\"http:\/\/mspontocom.com.br\/site\/wp-content\/uploads\/2025\/08\/site-campfeira-de-adocao-neste-sabado-busca-novos-lares-para-gatos-resgatados-whatsapp-image-2025-08-07-at-11.15.53-e1754653445267.jpeg\" alt=\"\" width=\"1168\" height=\"800\" srcset=\"https:\/\/mspontocom.com.br\/site\/wp-content\/uploads\/2025\/08\/site-campfeira-de-adocao-neste-sabado-busca-novos-lares-para-gatos-resgatados-whatsapp-image-2025-08-07-at-11.15.53-e1754653445267.jpeg 1168w, https:\/\/mspontocom.com.br\/site\/wp-content\/uploads\/2025\/08\/site-campfeira-de-adocao-neste-sabado-busca-novos-lares-para-gatos-resgatados-whatsapp-image-2025-08-07-at-11.15.53-e1754653445267-260x178.jpeg 260w, https:\/\/mspontocom.com.br\/site\/wp-content\/uploads\/2025\/08\/site-campfeira-de-adocao-neste-sabado-busca-novos-lares-para-gatos-resgatados-whatsapp-image-2025-08-07-at-11.15.53-e1754653445267-1024x701.jpeg 1024w, https:\/\/mspontocom.com.br\/site\/wp-content\/uploads\/2025\/08\/site-campfeira-de-adocao-neste-sabado-busca-novos-lares-para-gatos-resgatados-whatsapp-image-2025-08-07-at-11.15.53-e1754653445267-768x526.jpeg 768w\" sizes=\"(max-width: 1168px) 100vw, 1168px\" \/>Mais do que uma feira de ado\u00e7\u00e3o, o evento promovido neste s\u00e1bado (09), em Campo Grande, \u00e9 um apelo por empatia e solidariedade.<\/div>\n<div style=\"text-align: justify;\"><\/div>\n<div style=\"text-align: justify;\">A ONG Amicats, em parceria com a Subea (Subsecretaria do Bem-Estar Animal) realiza uma feira especial das 9h \u00e0s 13h, na Cobasi.<\/div>\n<div style=\"text-align: justify;\"><\/div>\n<div style=\"text-align: justify;\">Cerca de 30 gatos estar\u00e3o dispon\u00edveis para ado\u00e7\u00e3o, todos resgatados de uma realidade triste e insalubre.<\/div>\n<div style=\"text-align: justify;\"><\/div>\n<div style=\"text-align: justify;\">As ONGs de prote\u00e7\u00e3o animal est\u00e3o superlotadas e nenhuma tem estrutura para acolher a quantidade de animais resgatados.<\/div>\n<div style=\"text-align: justify;\"><\/div>\n<div style=\"text-align: justify;\">Por isso, a ado\u00e7\u00e3o \u00e9 hoje a \u00fanica chance de oferecer uma nova vida para esses gatos que j\u00e1 sofreram demais.<\/div>\n<div style=\"text-align: justify;\"><\/div>\n<blockquote>\n<div><em>\u201cCada ado\u00e7\u00e3o representa um recome\u00e7o. Esses animais precisam de amor, cuidado e dignidade. N\u00e3o podemos permitir que eles fiquem sem um destino\u201d, refor\u00e7a Ana Cristina Castro, presidente da Amicats.<\/em><\/div>\n<\/blockquote>\n<div style=\"text-align: justify;\"><span style=\"font-size: 14pt;\"><strong>Os animais dispon\u00edveis est\u00e3o vacinados, vermifugados e alguns j\u00e1 castrados.<\/strong><\/span><\/div>\n<div style=\"text-align: justify;\"><\/div>\n<div style=\"text-align: justify;\">Os interessados devem apresentar documento com foto e comprovante de resid\u00eancia.<\/div>\n<div style=\"text-align: justify;\"><\/div>\n<div style=\"text-align: justify;\"><span style=\"font-size: 14pt;\"><strong>Leve para casa um amigo de quatro patas e transforme n\u00e3o s\u00f3 a vida dele, mas a sua tamb\u00e9m.<\/strong><\/span><\/div>\n<div style=\"text-align: justify;\"><\/div>\n<div style=\"text-align: justify;\"><b>Servi\u00e7o:<\/b><br \/>\nFeira de Ado\u00e7\u00e3o Amicats \u2013 gatos resgatados<br \/>\nData: 09 de agosto de 2025 (s\u00e1bado) \u2013 9h \u00e0s 13h<br \/>\nLocal: Cobasi \u2013 Avenida Afonso Pena, 3665 &#8211; Centro<\/div>\n<div class=\"yj6qo\" style=\"text-align: justify;\"><\/div>\n<div class=\"adL\" style=\"text-align: justify;\"><\/div>\n","protected":false},"excerpt":{"rendered":"<p>Mais do que uma feira de ado\u00e7\u00e3o, o evento promovido neste s\u00e1bado (09), em Campo Grande, \u00e9 um apelo por empatia e solidariedade. A ONG Amicats, em parceria com a Subea (Subsecretaria do Bem-Estar Animal) realiza uma feira especial das 9h \u00e0s 13h, na Cobasi. Cerca de 30 gatos estar\u00e3o dispon\u00edveis para ado\u00e7\u00e3o, todos resgatados [&hellip;]<\/p>\n","protected":false},"author":2,"featured_media":202040,"comment_status":"open","ping_status":"open","sticky":false,"template":"","format":"standard","meta":{"_monsterinsights_skip_tracking":false,"_monsterinsights_sitenote_active":false,"_monsterinsights_sitenote_note":"","_monsterinsights_sitenote_category":0},"categories":[4328],"tags":[26810,123,624,9451],"aioseo_notices":[],"_links":{"self":[{"href":"https:\/\/mspontocom.com.br\/site\/wp-json\/wp\/v2\/posts\/202038"}],"collection":[{"href":"https:\/\/mspontocom.com.br\/site\/wp-json\/wp\/v2\/posts"}],"about":[{"href":"https:\/\/mspontocom.com.br\/site\/wp-json\/wp\/v2\/types\/post"}],"author":[{"embeddable":true,"href":"https:\/\/mspontocom.com.br\/site\/wp-json\/wp\/v2\/users\/2"}],"replies":[{"embeddable":true,"href":"https:\/\/mspontocom.com.br\/site\/wp-json\/wp\/v2\/comments?post=202038"}],"version-history":[{"count":2,"href":"https:\/\/mspontocom.com.br\/site\/wp-json\/wp\/v2\/posts\/202038\/revisions"}],"predecessor-version":[{"id":202041,"href":"https:\/\/mspontocom.com.br\/site\/wp-json\/wp\/v2\/posts\/202038\/revisions\/202041"}],"wp:featuredmedia":[{"embeddable":true,"href":"https:\/\/mspontocom.com.br\/site\/wp-json\/wp\/v2\/media\/202040"}],"wp:attachment":[{"href":"https:\/\/mspontocom.com.br\/site\/wp-json\/wp\/v2\/media?parent=202038"}],"wp:term":[{"taxonomy":"category","embeddable":true,"href":"https:\/\/mspontocom.com.br\/site\/wp-json\/wp\/v2\/categories?post=202038"},{"taxonomy":"post_tag","embeddable":true,"href":"https:\/\/mspontocom.com.br\/site\/wp-json\/wp\/v2\/tags?post=202038"}],"curies":[{"name":"wp","href":"https:\/\/api.w.org\/{rel}","templated":true}]}}