{"id":202109,"date":"2025-08-11T04:09:07","date_gmt":"2025-08-11T08:09:07","guid":{"rendered":"https:\/\/mspontocom.com.br\/site\/?p=202109"},"modified":"2025-08-11T07:26:40","modified_gmt":"2025-08-11T11:26:40","slug":"prefeitura-de-campo-grande-lanca-o-projeto-cidade-da-juventude","status":"publish","type":"post","link":"https:\/\/mspontocom.com.br\/site\/prefeitura-de-campo-grande-lanca-o-projeto-cidade-da-juventude\/","title":{"rendered":"Prefeitura de Campo Grande lan\u00e7a o projeto \u201cCidade da Juventude\u201d"},"content":{"rendered":"<p style=\"text-align: justify;\"><img loading=\"lazy\" class=\"alignnone size-full wp-image-202110\" src=\"http:\/\/mspontocom.com.br\/site\/wp-content\/uploads\/2025\/08\/site-prefeitura-de-campo-grande-lanca-o-projeto-cidade-da-juventude-juventude-arte.png\" alt=\"\" width=\"1279\" height=\"721\" srcset=\"https:\/\/mspontocom.com.br\/site\/wp-content\/uploads\/2025\/08\/site-prefeitura-de-campo-grande-lanca-o-projeto-cidade-da-juventude-juventude-arte.png 1279w, https:\/\/mspontocom.com.br\/site\/wp-content\/uploads\/2025\/08\/site-prefeitura-de-campo-grande-lanca-o-projeto-cidade-da-juventude-juventude-arte-260x147.png 260w, https:\/\/mspontocom.com.br\/site\/wp-content\/uploads\/2025\/08\/site-prefeitura-de-campo-grande-lanca-o-projeto-cidade-da-juventude-juventude-arte-1024x577.png 1024w, https:\/\/mspontocom.com.br\/site\/wp-content\/uploads\/2025\/08\/site-prefeitura-de-campo-grande-lanca-o-projeto-cidade-da-juventude-juventude-arte-768x433.png 768w\" sizes=\"(max-width: 1279px) 100vw, 1279px\" \/>O maior encontro voltado \u00e0 juventude de Campo Grande j\u00e1 tem data para come\u00e7ar a ser constru\u00eddo.<\/p>\n<p style=\"text-align: justify;\">Nesta segunda-feira (11), a Prefeitura lan\u00e7a o projeto<strong> \u201cCidade da Juventude \u2013 2025:<\/strong> <strong>Campo Grande te chama para o futuro\u201d,<\/strong> que nos dias 7, 8 e 9 de novembro vai transformar a Vila Morena (altos da Afonso Pena) em um centro de experi\u00eancias, oportunidades e conex\u00f5es para jovens, com programa\u00e7\u00e3o gratuita e aberta ao p\u00fablico.<\/p>\n<p style=\"text-align: justify;\">O lan\u00e7amento, que integra o calend\u00e1rio alusivo aos 126 anos da cidade, ser\u00e1 \u00e0s 18h30 no Gin\u00e1sio do Instituto Mirim.<\/p>\n<p style=\"text-align: justify;\">A iniciativa re\u00fane esfor\u00e7os da administra\u00e7\u00e3o municipal, institui\u00e7\u00f5es de ensino, empresas privadas, cooperativas, organiza\u00e7\u00f5es sociais e entidades da sociedade civil, com o objetivo de oferecer, em um s\u00f3 espa\u00e7o, uma programa\u00e7\u00e3o diversificada e de impacto direto na forma\u00e7\u00e3o de jovens campo-grandenses.<\/p>\n<p style=\"text-align: justify;\">A proposta contempla a\u00e7\u00f5es nas \u00e1reas de educa\u00e7\u00e3o, qualifica\u00e7\u00e3o profissional, cultura, empreendedorismo, inova\u00e7\u00e3o, cidadania e cooperativismo.<\/p>\n<p style=\"text-align: justify;\">A programa\u00e7\u00e3o contar\u00e1 com pra\u00e7a de alimenta\u00e7\u00e3o organizada por atl\u00e9ticas universit\u00e1rias, fortalecendo o protagonismo estudantil e incentivando a gera\u00e7\u00e3o de renda, al\u00e9m de um ambiente de podcast no coreto central para produ\u00e7\u00e3o de conte\u00fado e di\u00e1logo com especialistas.<\/p>\n<p style=\"text-align: justify;\">A solenidade de lan\u00e7amento contar\u00e1 com a participa\u00e7\u00e3o da prefeita Adriane Lopes, vice-prefeita Camilla Nascimento, autoridades, lideran\u00e7as estudantis, empres\u00e1rios, representantes de universidades, institui\u00e7\u00f5es parceiras e cooperativas.<\/p>\n<p style=\"text-align: justify;\"><strong>Servi\u00e7o<\/strong>: Lan\u00e7amento do projeto \u201cCidade da Juventude 2025<\/p>\n<p style=\"text-align: justify;\">Data: 11 de agosto (segunda-feira)<\/p>\n<p style=\"text-align: justify;\">Hor\u00e1rio: 18h30<\/p>\n<p style=\"text-align: justify;\">Local: Gin\u00e1sio do Instituto Mirim (Avenida F\u00e1bio Zahran, 520 \u2013 Vila Carvalho)<\/p>\n","protected":false},"excerpt":{"rendered":"<p>O maior encontro voltado \u00e0 juventude de Campo Grande j\u00e1 tem data para come\u00e7ar a ser constru\u00eddo. Nesta segunda-feira (11), a Prefeitura lan\u00e7a o projeto \u201cCidade da Juventude \u2013 2025: Campo Grande te chama para o futuro\u201d, que nos dias 7, 8 e 9 de novembro vai transformar a Vila Morena (altos da Afonso Pena) [&hellip;]<\/p>\n","protected":false},"author":2,"featured_media":202110,"comment_status":"open","ping_status":"open","sticky":false,"template":"","format":"standard","meta":{"_monsterinsights_skip_tracking":false,"_monsterinsights_sitenote_active":false,"_monsterinsights_sitenote_note":"","_monsterinsights_sitenote_category":0},"categories":[4328],"tags":[123,43395,165],"aioseo_notices":[],"_links":{"self":[{"href":"https:\/\/mspontocom.com.br\/site\/wp-json\/wp\/v2\/posts\/202109"}],"collection":[{"href":"https:\/\/mspontocom.com.br\/site\/wp-json\/wp\/v2\/posts"}],"about":[{"href":"https:\/\/mspontocom.com.br\/site\/wp-json\/wp\/v2\/types\/post"}],"author":[{"embeddable":true,"href":"https:\/\/mspontocom.com.br\/site\/wp-json\/wp\/v2\/users\/2"}],"replies":[{"embeddable":true,"href":"https:\/\/mspontocom.com.br\/site\/wp-json\/wp\/v2\/comments?post=202109"}],"version-history":[{"count":1,"href":"https:\/\/mspontocom.com.br\/site\/wp-json\/wp\/v2\/posts\/202109\/revisions"}],"predecessor-version":[{"id":202111,"href":"https:\/\/mspontocom.com.br\/site\/wp-json\/wp\/v2\/posts\/202109\/revisions\/202111"}],"wp:featuredmedia":[{"embeddable":true,"href":"https:\/\/mspontocom.com.br\/site\/wp-json\/wp\/v2\/media\/202110"}],"wp:attachment":[{"href":"https:\/\/mspontocom.com.br\/site\/wp-json\/wp\/v2\/media?parent=202109"}],"wp:term":[{"taxonomy":"category","embeddable":true,"href":"https:\/\/mspontocom.com.br\/site\/wp-json\/wp\/v2\/categories?post=202109"},{"taxonomy":"post_tag","embeddable":true,"href":"https:\/\/mspontocom.com.br\/site\/wp-json\/wp\/v2\/tags?post=202109"}],"curies":[{"name":"wp","href":"https:\/\/api.w.org\/{rel}","templated":true}]}}