{"id":202140,"date":"2025-08-12T05:20:08","date_gmt":"2025-08-12T09:20:08","guid":{"rendered":"https:\/\/mspontocom.com.br\/site\/?p=202140"},"modified":"2025-08-12T08:07:44","modified_gmt":"2025-08-12T12:07:44","slug":"missao-asia-chega-ao-japao-para-buscar-novos-mercados-para-produtos-de-ms","status":"publish","type":"post","link":"https:\/\/mspontocom.com.br\/site\/missao-asia-chega-ao-japao-para-buscar-novos-mercados-para-produtos-de-ms\/","title":{"rendered":"Miss\u00e3o \u00c1sia chega ao Jap\u00e3o para buscar novos mercados para produtos de MS"},"content":{"rendered":"<p style=\"font-weight: 400; text-align: justify;\"><img loading=\"lazy\" class=\"alignnone size-full wp-image-202148\" src=\"http:\/\/mspontocom.com.br\/site\/wp-content\/uploads\/2025\/08\/site-missao-asia-chega-ao-japao-para-buscar-novos-mercados-para-produtos-de-ms-missao-asia-japao-5.jpg\" alt=\"\" width=\"1080\" height=\"810\" srcset=\"https:\/\/mspontocom.com.br\/site\/wp-content\/uploads\/2025\/08\/site-missao-asia-chega-ao-japao-para-buscar-novos-mercados-para-produtos-de-ms-missao-asia-japao-5.jpg 1080w, https:\/\/mspontocom.com.br\/site\/wp-content\/uploads\/2025\/08\/site-missao-asia-chega-ao-japao-para-buscar-novos-mercados-para-produtos-de-ms-missao-asia-japao-5-260x195.jpg 260w, https:\/\/mspontocom.com.br\/site\/wp-content\/uploads\/2025\/08\/site-missao-asia-chega-ao-japao-para-buscar-novos-mercados-para-produtos-de-ms-missao-asia-japao-5-1024x768.jpg 1024w, https:\/\/mspontocom.com.br\/site\/wp-content\/uploads\/2025\/08\/site-missao-asia-chega-ao-japao-para-buscar-novos-mercados-para-produtos-de-ms-missao-asia-japao-5-768x576.jpg 768w\" sizes=\"(max-width: 1080px) 100vw, 1080px\" \/>A comitiva de empres\u00e1rios e autoridades p\u00fablicas, liderada pelo presidente da Fiems, S\u00e9rgio Longen, come\u00e7ou nesta segunda-feira\u00a0 a segunda etapa da Miss\u00e3o \u00c1sia.<\/p>\n<p style=\"font-weight: 400; text-align: justify;\">No Jap\u00e3o, o primeiro dia de compromissos foi a participa\u00e7\u00e3o na Expo Osaka 2025, importante vitrine internacional para neg\u00f3cios e inova\u00e7\u00e3o.<\/p>\n<p style=\"font-weight: 400; text-align: justify;\">No pavilh\u00e3o do Brasil, a comitiva foi recebida pelo presidente da Associa\u00e7\u00e3o Brasileira de Prote\u00edna Animal (ABPA) e do International Poultry Council, Ricardo Santin, onde dialogou sobre oportunidades de expans\u00e3o e fortalecimento da avicultura brasileira no mercado global.<\/p>\n<p style=\"font-weight: 400; text-align: justify;\">Um dos assuntos da pauta foi a diversifica\u00e7\u00e3o de mercados para o Brasil sob a perspectiva do tarifa\u00e7o dos Estados Unidos sobre as exporta\u00e7\u00f5es brasileiras para aquele pa\u00eds.<\/p>\n<p style=\"font-weight: 400; text-align: justify;\">Para S\u00e9rgio Longen, a miss\u00e3o de empres\u00e1rios e autoridades tem como objetivo abrir novos mercados aos produtos brasileiros.<\/p>\n<blockquote>\n<p style=\"font-weight: 400;\"><span style=\"font-size: 14pt;\"><em>&#8220;N\u00e3o somos totalmente dependentes dos americanos, como acabaram vendendo para o Brasil. A\u00e7\u00f5es como essa fazem a diferen\u00e7a, trazem tranquilidade para a sociedade e mostram nosso estado pujante e que gera muitas oportunidades. A agroind\u00fastria \u00e9 presente. Destaco ainda a import\u00e2ncia da miss\u00e3o, liderada pela Fiems e pelo governo do Estado, que leva e constr\u00f3i oportunidades. Essa \u00e9 a dire\u00e7\u00e3o correta a seguir.&#8221;, disse o l\u00edder empresarial.<\/em><\/span><\/p>\n<\/blockquote>\n<p style=\"font-weight: 400; text-align: justify;\">A programa\u00e7\u00e3o tamb\u00e9m incluiu visita ao pavilh\u00e3o da Ar\u00e1bia Saudita, pa\u00eds que sediar\u00e1 a pr\u00f3xima Expo em 2030, onde foram apresentados o potencial econ\u00f4mico saudita e o projeto do evento.<\/p>\n<p style=\"font-weight: 400; text-align: justify;\">A Miss\u00e3o \u00c1sia teve in\u00edcio em 4 de agosto na \u00cdndia, onde o grupo participou de reuni\u00f5es comerciais, conheceu neg\u00f3cios e dialogou com autoridades locais, com destaque especial \u00e0s inova\u00e7\u00f5es tecnol\u00f3gicas.<\/p>\n<p style=\"font-weight: 400; text-align: justify;\">Ap\u00f3s a rodada de agendas no Jap\u00e3o, a comitiva segue para Singapura.<\/p>\n<p style=\"font-weight: 400; text-align: justify;\">A previs\u00e3o de t\u00e9rmino da miss\u00e3o \u00e9 o dia 16 de agosto.<\/p>\n","protected":false},"excerpt":{"rendered":"<p>A comitiva de empres\u00e1rios e autoridades p\u00fablicas, liderada pelo presidente da Fiems, S\u00e9rgio Longen, come\u00e7ou nesta segunda-feira\u00a0 a segunda etapa da Miss\u00e3o \u00c1sia. No Jap\u00e3o, o primeiro dia de compromissos foi a participa\u00e7\u00e3o na Expo Osaka 2025, importante vitrine internacional para neg\u00f3cios e inova\u00e7\u00e3o. No pavilh\u00e3o do Brasil, a comitiva foi recebida pelo presidente da [&hellip;]<\/p>\n","protected":false},"author":2,"featured_media":202148,"comment_status":"open","ping_status":"open","sticky":false,"template":"","format":"standard","meta":{"_monsterinsights_skip_tracking":false,"_monsterinsights_sitenote_active":false,"_monsterinsights_sitenote_note":"","_monsterinsights_sitenote_category":0},"categories":[15,74,7],"tags":[2887,37197,43353,81],"aioseo_notices":[],"_links":{"self":[{"href":"https:\/\/mspontocom.com.br\/site\/wp-json\/wp\/v2\/posts\/202140"}],"collection":[{"href":"https:\/\/mspontocom.com.br\/site\/wp-json\/wp\/v2\/posts"}],"about":[{"href":"https:\/\/mspontocom.com.br\/site\/wp-json\/wp\/v2\/types\/post"}],"author":[{"embeddable":true,"href":"https:\/\/mspontocom.com.br\/site\/wp-json\/wp\/v2\/users\/2"}],"replies":[{"embeddable":true,"href":"https:\/\/mspontocom.com.br\/site\/wp-json\/wp\/v2\/comments?post=202140"}],"version-history":[{"count":2,"href":"https:\/\/mspontocom.com.br\/site\/wp-json\/wp\/v2\/posts\/202140\/revisions"}],"predecessor-version":[{"id":202149,"href":"https:\/\/mspontocom.com.br\/site\/wp-json\/wp\/v2\/posts\/202140\/revisions\/202149"}],"wp:featuredmedia":[{"embeddable":true,"href":"https:\/\/mspontocom.com.br\/site\/wp-json\/wp\/v2\/media\/202148"}],"wp:attachment":[{"href":"https:\/\/mspontocom.com.br\/site\/wp-json\/wp\/v2\/media?parent=202140"}],"wp:term":[{"taxonomy":"category","embeddable":true,"href":"https:\/\/mspontocom.com.br\/site\/wp-json\/wp\/v2\/categories?post=202140"},{"taxonomy":"post_tag","embeddable":true,"href":"https:\/\/mspontocom.com.br\/site\/wp-json\/wp\/v2\/tags?post=202140"}],"curies":[{"name":"wp","href":"https:\/\/api.w.org\/{rel}","templated":true}]}}