{"id":202215,"date":"2025-08-14T05:10:55","date_gmt":"2025-08-14T09:10:55","guid":{"rendered":"https:\/\/mspontocom.com.br\/site\/?p=202215"},"modified":"2025-08-14T07:33:37","modified_gmt":"2025-08-14T11:33:37","slug":"moradia-prefeitura-vai-atender-mulheres-vitimas-de-violencia","status":"publish","type":"post","link":"https:\/\/mspontocom.com.br\/site\/moradia-prefeitura-vai-atender-mulheres-vitimas-de-violencia\/","title":{"rendered":"Moradia: Prefeitura vai atender mulheres v\u00edtimas de viol\u00eancia"},"content":{"rendered":"<p style=\"text-align: justify;\"><img loading=\"lazy\" class=\"alignnone size-full wp-image-202221\" src=\"http:\/\/mspontocom.com.br\/site\/wp-content\/uploads\/2025\/08\/site-moradia-prefeitura-destina-mais-de-r-1-milhao-para-atender-mulheres-vitimas-de-violencia-recomecar-moradia.jpeg\" alt=\"\" width=\"1536\" height=\"1025\" srcset=\"https:\/\/mspontocom.com.br\/site\/wp-content\/uploads\/2025\/08\/site-moradia-prefeitura-destina-mais-de-r-1-milhao-para-atender-mulheres-vitimas-de-violencia-recomecar-moradia.jpeg 1536w, https:\/\/mspontocom.com.br\/site\/wp-content\/uploads\/2025\/08\/site-moradia-prefeitura-destina-mais-de-r-1-milhao-para-atender-mulheres-vitimas-de-violencia-recomecar-moradia-260x174.jpeg 260w, https:\/\/mspontocom.com.br\/site\/wp-content\/uploads\/2025\/08\/site-moradia-prefeitura-destina-mais-de-r-1-milhao-para-atender-mulheres-vitimas-de-violencia-recomecar-moradia-1024x683.jpeg 1024w, https:\/\/mspontocom.com.br\/site\/wp-content\/uploads\/2025\/08\/site-moradia-prefeitura-destina-mais-de-r-1-milhao-para-atender-mulheres-vitimas-de-violencia-recomecar-moradia-768x513.jpeg 768w\" sizes=\"(max-width: 1536px) 100vw, 1536px\" \/>Em um marco para a habita\u00e7\u00e3o de interesse social em Campo Grande, a Prefeitura vai destinar mais de R$ 1 milh\u00e3o para a amplia\u00e7\u00e3o do <strong>Programa Recome\u00e7ar Moradia,<\/strong> beneficiando <strong>mulheres v\u00edtimas de viol\u00eancia<\/strong> e <strong>pessoas com defici\u00eancia.<\/strong><\/p>\n<p style=\"text-align: justify;\">A iniciativa, lan\u00e7ada nesta quarta-feira (14) por meio da Ag\u00eancia Municipal de Habita\u00e7\u00e3o e Assuntos Fundi\u00e1rios (EMHA),\u00a0 oferece aux\u00edlio emergencial \u00e0s fam\u00edlias em situa\u00e7\u00e3o de vulnerabilidade, refor\u00e7ando o compromisso da gest\u00e3o municipal com pol\u00edticas p\u00fablicas inclusivas.<\/p>\n<p style=\"text-align: justify;\">O programa passa a oferecer 50 vagas exclusivas para mulheres v\u00edtimas de viol\u00eancia e outras 50 para pessoas com defici\u00eancia, em conformidade com a Lei Municipal n\u00ba 6.797, de 30 de mar\u00e7o de 2022.<\/p>\n<p style=\"text-align: justify;\">As inscri\u00e7\u00f5es podem ser feitas at\u00e9 31 de agosto de 2025, pelo <a href=\"https:\/\/emhadigital.campogrande.ms.gov.br\/inicio\" target=\"_blank\" rel=\"noreferrer noopener\">site da EMHA<\/a>\u00a0ou presencialmente no posto de atendimento localizado no 2\u00ba piso do P\u00e1tio Central Shopping (Rua Marechal Rondon, 1380, Centro), das 8h \u00e0s 17h30, sem cobran\u00e7a de taxas.<\/p>\n<blockquote><p><em>\u201cS\u00e3o mais de 300 fam\u00edlias beneficiadas pelo Programa Recome\u00e7ar Moradia e agora o programa ser\u00e1 ampliado. Mulheres v\u00edtimas de viol\u00eancia j\u00e1 eram atendidas, agora, tamb\u00e9m ser\u00e3o contempladas pessoas com defici\u00eancia e m\u00e3es at\u00edpicas. Mulheres guerreiras que, muitas vezes, s\u00e3o arrimo de fam\u00edlia e que, a partir de agora, ter\u00e3o um apoio para viver com mais tranquilidade. Isso \u00e9 gest\u00e3o inclusiva, \u00e9 ter um olhar para todos. N\u00f3s vamos seguir avan\u00e7ando e atendendo a todos com dignidade e muito respeito\u201d, afirmou a prefeita Adriane Lopes.<\/em><\/p><\/blockquote>\n<p style=\"text-align: justify;\"><strong>Requisitos gerais<\/strong><\/p>\n<p style=\"text-align: justify;\">Para participar do Programa Recome\u00e7ar Moradia \u00e9 preciso atender a alguns requisitos gerais, como: residir em Campo Grande h\u00e1 mais de dois anos; ter renda familiar de at\u00e9 tr\u00eas sal\u00e1rios m\u00ednimos; n\u00e3o possuir im\u00f3vel pr\u00f3prio; n\u00e3o estar sendo atendido em outros programas habitacionais da EMHA; estar inscrito no Cadastro \u00danico para Programas Sociais (Cad\u00danico;) e no Cadastro Geral da EMHA.<\/p>\n<p style=\"text-align: justify;\"><strong>Crit\u00e9rios espec\u00edficos para cada modalidade<\/strong><\/p>\n<ul class=\"wp-block-list\" style=\"text-align: justify;\">\n<li><strong>Mulher V\u00edtima de Viol\u00eancia<\/strong>: apresenta\u00e7\u00e3o de medida protetiva de urg\u00eancia vigente, expedida por autoridade judicial. Sendo que, a n\u00e3o apresenta\u00e7\u00e3o da medida acarretar\u00e1 na desclassifica\u00e7\u00e3o imediata do cadastro, inviabilizando a participa\u00e7\u00e3o no programa.<\/li>\n<li><strong>Pessoa com Defici\u00eancia<\/strong>: apresenta\u00e7\u00e3o de laudo m\u00e9dico atualizado com o C\u00f3digo Internacional de Doen\u00e7as (CID) que comprove a defici\u00eancia. O cadastro ser\u00e1 feito em nome da pessoa com defici\u00eancia e, em caso de incapacidade, no nome do respons\u00e1vel legal.<\/li>\n<\/ul>\n<p style=\"text-align: justify;\">Cada modalidade contar\u00e1 com 50 vagas e 50 suplentes, definidos por meio de sorteio p\u00fablico. As convoca\u00e7\u00f5es ser\u00e3o divulgadas no Diogrande e no site da EMHA. Quem n\u00e3o atender \u00e0 convoca\u00e7\u00e3o no prazo de 15 dias ser\u00e1 automaticamente desclassificado.<\/p>\n<p style=\"text-align: justify;\"><strong>Sobre o programa<\/strong><\/p>\n<p style=\"text-align: justify;\">O programa Recome\u00e7ar Moradia tem se destacado por sua abordagem inovadora de aux\u00edlio emergencial a fam\u00edlias que precisam de ajuda imediata para o pagamento dos custos da habita\u00e7\u00e3o.<\/p>\n<p style=\"text-align: justify;\">O programa tem transformado a vida de centenas de fam\u00edlias da Capital, com seu aux\u00edlio mensal de R$ 500, desempenhando um papel crucial para a popula\u00e7\u00e3o em situa\u00e7\u00e3o de vulnerabilidade econ\u00f4mica e social.<\/p>\n<p style=\"text-align: justify;\">\n","protected":false},"excerpt":{"rendered":"<p>Em um marco para a habita\u00e7\u00e3o de interesse social em Campo Grande, a Prefeitura vai destinar mais de R$ 1 milh\u00e3o para a amplia\u00e7\u00e3o do Programa Recome\u00e7ar Moradia, beneficiando mulheres v\u00edtimas de viol\u00eancia e pessoas com defici\u00eancia. A iniciativa, lan\u00e7ada nesta quarta-feira (14) por meio da Ag\u00eancia Municipal de Habita\u00e7\u00e3o e Assuntos Fundi\u00e1rios (EMHA),\u00a0 oferece [&hellip;]<\/p>\n","protected":false},"author":2,"featured_media":202221,"comment_status":"open","ping_status":"open","sticky":false,"template":"","format":"standard","meta":{"_monsterinsights_skip_tracking":false,"_monsterinsights_sitenote_active":false,"_monsterinsights_sitenote_note":"","_monsterinsights_sitenote_category":0},"categories":[4328],"tags":[123,4061,988,165,2712,2984],"aioseo_notices":[],"_links":{"self":[{"href":"https:\/\/mspontocom.com.br\/site\/wp-json\/wp\/v2\/posts\/202215"}],"collection":[{"href":"https:\/\/mspontocom.com.br\/site\/wp-json\/wp\/v2\/posts"}],"about":[{"href":"https:\/\/mspontocom.com.br\/site\/wp-json\/wp\/v2\/types\/post"}],"author":[{"embeddable":true,"href":"https:\/\/mspontocom.com.br\/site\/wp-json\/wp\/v2\/users\/2"}],"replies":[{"embeddable":true,"href":"https:\/\/mspontocom.com.br\/site\/wp-json\/wp\/v2\/comments?post=202215"}],"version-history":[{"count":2,"href":"https:\/\/mspontocom.com.br\/site\/wp-json\/wp\/v2\/posts\/202215\/revisions"}],"predecessor-version":[{"id":202222,"href":"https:\/\/mspontocom.com.br\/site\/wp-json\/wp\/v2\/posts\/202215\/revisions\/202222"}],"wp:featuredmedia":[{"embeddable":true,"href":"https:\/\/mspontocom.com.br\/site\/wp-json\/wp\/v2\/media\/202221"}],"wp:attachment":[{"href":"https:\/\/mspontocom.com.br\/site\/wp-json\/wp\/v2\/media?parent=202215"}],"wp:term":[{"taxonomy":"category","embeddable":true,"href":"https:\/\/mspontocom.com.br\/site\/wp-json\/wp\/v2\/categories?post=202215"},{"taxonomy":"post_tag","embeddable":true,"href":"https:\/\/mspontocom.com.br\/site\/wp-json\/wp\/v2\/tags?post=202215"}],"curies":[{"name":"wp","href":"https:\/\/api.w.org\/{rel}","templated":true}]}}