{"id":202354,"date":"2025-08-19T06:08:38","date_gmt":"2025-08-19T10:08:38","guid":{"rendered":"https:\/\/mspontocom.com.br\/site\/?p=202354"},"modified":"2025-08-19T08:52:56","modified_gmt":"2025-08-19T12:52:56","slug":"6a-mostra-de-turismo-de-campo-grande-destaca-oportunidades-de-negocios","status":"publish","type":"post","link":"https:\/\/mspontocom.com.br\/site\/6a-mostra-de-turismo-de-campo-grande-destaca-oportunidades-de-negocios\/","title":{"rendered":"6\u00aa Mostra de Turismo de Campo Grande destaca oportunidades de neg\u00f3cios"},"content":{"rendered":"<p style=\"text-align: justify;\"><img loading=\"lazy\" class=\"alignnone size-full wp-image-202355\" src=\"http:\/\/mspontocom.com.br\/site\/wp-content\/uploads\/2025\/08\/site-6a-mostra-de-turismo-de-campo-grande-destaca-oportunidades-de-negocios-mostra-de-turismo-356x200-1.jpeg\" alt=\"\" width=\"356\" height=\"200\" srcset=\"https:\/\/mspontocom.com.br\/site\/wp-content\/uploads\/2025\/08\/site-6a-mostra-de-turismo-de-campo-grande-destaca-oportunidades-de-negocios-mostra-de-turismo-356x200-1.jpeg 356w, https:\/\/mspontocom.com.br\/site\/wp-content\/uploads\/2025\/08\/site-6a-mostra-de-turismo-de-campo-grande-destaca-oportunidades-de-negocios-mostra-de-turismo-356x200-1-260x146.jpeg 260w\" sizes=\"(max-width: 356px) 100vw, 356px\" \/><\/p>\n<p style=\"text-align: justify;\">A Prefeitura de Campo Grande, em parceria com o Sebrae\/MS, realizar\u00e1 nos dias 21 e 22 de agosto de 2025, no Armaz\u00e9m Cultural Helena Meireles, a 6\u00aa Mostra de Turismo de Campo Grande.<\/p>\n<p style=\"text-align: justify;\">O evento acontecer\u00e1 simultaneamente \u00e0 Feira RURALTur.<\/p>\n<p style=\"text-align: justify;\">Neste ano, a Mostra ter\u00e1 como tema central: <strong>\u201cCampo Grande, capital das oportunidades \u2013 Empreendedorismo com Sustentabilidade\u201d.<\/strong><\/p>\n<div class=\"google-auto-placed ap_container\" style=\"text-align: justify;\"><ins class=\"adsbygoogle adsbygoogle-noablate\" data-ad-format=\"auto\" data-ad-client=\"ca-pub-1405380413912820\" data-adsbygoogle-status=\"done\" data-ad-status=\"unfilled\"><\/p>\n<div id=\"aswift_3_host\"><iframe loading=\"lazy\" id=\"aswift_3\" tabindex=\"0\" title=\"Advertisement\" src=\"https:\/\/googleads.g.doubleclick.net\/pagead\/ads?gdpr=0&amp;client=ca-pub-1405380413912820&amp;output=html&amp;h=280&amp;adk=1988962500&amp;adf=2395741795&amp;w=740&amp;abgtt=6&amp;fwrn=4&amp;fwrnh=100&amp;lmt=1755604360&amp;num_ads=1&amp;rafmt=1&amp;armr=3&amp;sem=mc&amp;pwprc=1313818854&amp;ad_type=text_image&amp;format=740x280&amp;url=https%3A%2F%2Fwww.pontaporaemdia.com.br%2Fnoticia%2F65123%2F6o-mostra-de-turismo-de-campo-grande-destaca-tendencias-e-oportunidades-de-negocios&amp;fwr=0&amp;pra=3&amp;rh=185&amp;rw=740&amp;rpe=1&amp;resp_fmts=3&amp;wgl=1&amp;fa=27&amp;uach=WyJXaW5kb3dzIiwiMC4xLjAiLCJ4ODYiLCIiLCIxMDkuMC41NDE0LjEyMCIsbnVsbCwwLG51bGwsIjMyIixbWyJOb3RfQSBCcmFuZCIsIjk5LjAuMC4wIl0sWyJHb29nbGUgQ2hyb21lIiwiMTA5LjAuNTQxNC4xMjAiXSxbIkNocm9taXVtIiwiMTA5LjAuNTQxNC4xMjAiXV0sMF0.&amp;dt=1755604358043&amp;bpp=22&amp;bdt=16293&amp;idt=-M&amp;shv=r20250818&amp;mjsv=m202508140101&amp;ptt=9&amp;saldr=aa&amp;abxe=1&amp;cookie=ID%3D60686cb4472a8c26%3AT%3D1755607682%3ART%3D1755607682%3AS%3DALNI_MZzUGIOw8X0ZrJ9sltZAQJ1SDYOsQ&amp;gpic=UID%3D0000126e7567a9f9%3AT%3D1755607682%3ART%3D1755607682%3AS%3DALNI_MbCoosiTbACU1xWqkc-Qq4bJ1y2jA&amp;eo_id_str=ID%3Db6d478ed61dff487%3AT%3D1755607682%3ART%3D1755607682%3AS%3DAA-AfjaC389xzTMgbHE1OJPShr8P&amp;prev_fmts=0x0%2C300x250%2C300x600&amp;nras=2&amp;correlator=3601968362459&amp;frm=20&amp;pv=1&amp;u_tz=-180&amp;u_his=3&amp;u_h=768&amp;u_w=1280&amp;u_ah=728&amp;u_aw=1280&amp;u_cd=24&amp;u_sd=1&amp;dmc=2&amp;adx=82&amp;ady=2272&amp;biw=1263&amp;bih=568&amp;scr_x=0&amp;scr_y=1600&amp;eid=31093928%2C31094104%2C31094152%2C31094155%2C95362655%2C95366794%2C31094148%2C95368518%2C95359266%2C31092547&amp;oid=2&amp;pvsid=5381504750988870&amp;tmod=1013511764&amp;uas=3&amp;nvt=1&amp;ref=https%3A%2F%2Fwww.google.com%2F&amp;fc=1408&amp;brdim=0%2C0%2C0%2C0%2C1280%2C0%2C1280%2C728%2C1280%2C568&amp;vis=1&amp;rsz=%7C%7Cs%7C&amp;abl=NS&amp;fu=128&amp;bc=31&amp;bz=1&amp;psd=W251bGwsbnVsbCxudWxsLDNd&amp;ifi=4&amp;uci=a!4&amp;btvi=1&amp;fsb=1&amp;dtd=2372\" name=\"aswift_3\" width=\"740\" height=\"0\" frameborder=\"0\" marginwidth=\"0\" marginheight=\"0\" scrolling=\"no\" sandbox=\"allow-forms allow-popups allow-popups-to-escape-sandbox allow-same-origin allow-scripts allow-top-navigation-by-user-activation\" data-google-container-id=\"a!4\" aria-label=\"Advertisement\" data-google-query-id=\"CIX69af0lo8DFUWDYQYdoiYxzg\" data-load-complete=\"true\" data-mce-fragment=\"1\"><\/iframe><\/div>\n<p><\/ins><\/div>\n<p style=\"text-align: justify;\">A programa\u00e7\u00e3o contar\u00e1 com a entrega do Trof\u00e9u Edson Contar, al\u00e9m de palestras, pain\u00e9is tem\u00e1ticos e mesas-redondas que reunir\u00e3o representantes do trade tur\u00edstico, empreendedores, estudantes e especialistas para discutir tend\u00eancias, desafios e solu\u00e7\u00f5es voltadas a um turismo mais sustent\u00e1vel e inclusivo.<\/p>\n","protected":false},"excerpt":{"rendered":"<p>A Prefeitura de Campo Grande, em parceria com o Sebrae\/MS, realizar\u00e1 nos dias 21 e 22 de agosto de 2025, no Armaz\u00e9m Cultural Helena Meireles, a 6\u00aa Mostra de Turismo de Campo Grande. O evento acontecer\u00e1 simultaneamente \u00e0 Feira RURALTur. Neste ano, a Mostra ter\u00e1 como tema central: \u201cCampo Grande, capital das oportunidades \u2013 Empreendedorismo [&hellip;]<\/p>\n","protected":false},"author":2,"featured_media":202355,"comment_status":"open","ping_status":"open","sticky":false,"template":"","format":"standard","meta":{"_monsterinsights_skip_tracking":false,"_monsterinsights_sitenote_active":false,"_monsterinsights_sitenote_note":"","_monsterinsights_sitenote_category":0},"categories":[4328],"tags":[123,43433],"aioseo_notices":[],"_links":{"self":[{"href":"https:\/\/mspontocom.com.br\/site\/wp-json\/wp\/v2\/posts\/202354"}],"collection":[{"href":"https:\/\/mspontocom.com.br\/site\/wp-json\/wp\/v2\/posts"}],"about":[{"href":"https:\/\/mspontocom.com.br\/site\/wp-json\/wp\/v2\/types\/post"}],"author":[{"embeddable":true,"href":"https:\/\/mspontocom.com.br\/site\/wp-json\/wp\/v2\/users\/2"}],"replies":[{"embeddable":true,"href":"https:\/\/mspontocom.com.br\/site\/wp-json\/wp\/v2\/comments?post=202354"}],"version-history":[{"count":1,"href":"https:\/\/mspontocom.com.br\/site\/wp-json\/wp\/v2\/posts\/202354\/revisions"}],"predecessor-version":[{"id":202356,"href":"https:\/\/mspontocom.com.br\/site\/wp-json\/wp\/v2\/posts\/202354\/revisions\/202356"}],"wp:featuredmedia":[{"embeddable":true,"href":"https:\/\/mspontocom.com.br\/site\/wp-json\/wp\/v2\/media\/202355"}],"wp:attachment":[{"href":"https:\/\/mspontocom.com.br\/site\/wp-json\/wp\/v2\/media?parent=202354"}],"wp:term":[{"taxonomy":"category","embeddable":true,"href":"https:\/\/mspontocom.com.br\/site\/wp-json\/wp\/v2\/categories?post=202354"},{"taxonomy":"post_tag","embeddable":true,"href":"https:\/\/mspontocom.com.br\/site\/wp-json\/wp\/v2\/tags?post=202354"}],"curies":[{"name":"wp","href":"https:\/\/api.w.org\/{rel}","templated":true}]}}