{"id":202381,"date":"2025-08-20T05:00:10","date_gmt":"2025-08-20T09:00:10","guid":{"rendered":"https:\/\/mspontocom.com.br\/site\/?p=202381"},"modified":"2025-08-20T06:49:41","modified_gmt":"2025-08-20T10:49:41","slug":"campo-grande-sedia-o-encontro-nacional-elas-governam","status":"publish","type":"post","link":"https:\/\/mspontocom.com.br\/site\/campo-grande-sedia-o-encontro-nacional-elas-governam\/","title":{"rendered":"Campo Grande sedia o encontro nacional \u201cElas Governam\u201d"},"content":{"rendered":"<p style=\"text-align: justify;\"><img loading=\"lazy\" class=\"alignnone size-full wp-image-202389\" src=\"http:\/\/mspontocom.com.br\/site\/wp-content\/uploads\/2025\/08\/site-campo-grande-sedia-o-encontro-nacional-elas-governam-elas-governam-1-e1755686899370.png\" alt=\"\" width=\"1063\" height=\"766\" srcset=\"https:\/\/mspontocom.com.br\/site\/wp-content\/uploads\/2025\/08\/site-campo-grande-sedia-o-encontro-nacional-elas-governam-elas-governam-1-e1755686899370.png 1063w, https:\/\/mspontocom.com.br\/site\/wp-content\/uploads\/2025\/08\/site-campo-grande-sedia-o-encontro-nacional-elas-governam-elas-governam-1-e1755686899370-260x187.png 260w, https:\/\/mspontocom.com.br\/site\/wp-content\/uploads\/2025\/08\/site-campo-grande-sedia-o-encontro-nacional-elas-governam-elas-governam-1-e1755686899370-1024x738.png 1024w, https:\/\/mspontocom.com.br\/site\/wp-content\/uploads\/2025\/08\/site-campo-grande-sedia-o-encontro-nacional-elas-governam-elas-governam-1-e1755686899370-768x553.png 768w\" sizes=\"(max-width: 1063px) 100vw, 1063px\" \/>Campo Grande recebe nesta quarta-feira, 20 de agosto, o \u201cElas Governam \u2013 Lideran\u00e7as Femininas na Gest\u00e3o do Or\u00e7amento e das Finan\u00e7as P\u00fablicas\u201d, evento in\u00e9dito fora de Bras\u00edlia que reunir\u00e1 prefeitas, vice-prefeitas, secret\u00e1rias de Fazenda e de Pol\u00edticas para Mulheres de todo o Brasil.<\/p>\n<p style=\"text-align: justify;\">Promovido pela Frente Nacional de Prefeitas e Prefeitos (FNP), em parceria com a Prefeitura de Campo Grande, o encontro ser\u00e1 realizado no Grand Park Hotel, das 8h30 \u00e0s 18h.<\/p>\n<p style=\"text-align: justify;\">A programa\u00e7\u00e3o contar\u00e1 com pain\u00e9is, rodas de conversa e blocos tem\u00e1ticos que v\u00e3o tratar de governan\u00e7a feminina, or\u00e7amento p\u00fablico com enfoque de g\u00eanero e ra\u00e7a, justi\u00e7a clim\u00e1tica, dignidade menstrual e empreendedorismo feminino.<\/p>\n<p style=\"text-align: justify;\"><strong>Destaques da programa\u00e7\u00e3o<\/strong><\/p>\n<p style=\"text-align: justify;\">8h30 \u2013 Abertura institucional<br \/>\nCom a prefeita Adriane Lopes (Campo Grande\/MS) e a prefeita M\u00e1rcia Conrado (Serra Talhada\/PE), presidente da Comiss\u00e3o de Prefeitas da FNP.<\/p>\n<p style=\"text-align: justify;\">9h30 \u2013 11h30 \u2013 Governan\u00e7a Feminina no Or\u00e7amento Municipal<br \/>\nDebates em blocos tem\u00e1ticos sobre desafios fiscais e estrat\u00e9gias de gest\u00e3o or\u00e7ament\u00e1ria, com destaque para a experi\u00eancia de Campo Grande, vencedora do Pr\u00eamio Internacional de Lideran\u00e7as Femininas em Finan\u00e7as P\u00fablicas (Harvard).<\/p>\n<p style=\"text-align: justify;\">11h30 \u2013 Justi\u00e7a Clim\u00e1tica no Or\u00e7amento Municipal<br \/>\nApresenta\u00e7\u00e3o da cartilha do Instituto Alziras, seguida de experi\u00eancias de Juiz de Fora (MG).<\/p>\n<p style=\"text-align: justify;\">11h50 \u2013 Empreendedorismo Feminino<br \/>\nParticipa\u00e7\u00e3o do Sebrae\/MS, abordando o papel das mulheres no desenvolvimento local.<\/p>\n<p style=\"text-align: justify;\">14h15 \u2013 Caminhos para o Or\u00e7amento Sens\u00edvel a G\u00eanero e Ra\u00e7a<br \/>\nPainel conduzido por especialistas da Funda\u00e7\u00e3o Tide Set\u00fabal, com exemplos do M\u00e9xico e da Espanha.<\/p>\n<p style=\"text-align: justify;\">14h45 \u2013 Dignidade Menstrual como Compromisso Or\u00e7ament\u00e1rio<br \/>\nPalestra sobre a import\u00e2ncia de pol\u00edticas p\u00fablicas que garantam acesso a absorventes e educa\u00e7\u00e3o menstrual, com experi\u00eancia de Niter\u00f3i (RJ).<\/p>\n<p style=\"text-align: justify;\">15h \u00e0s 17h \u2013 Institucionaliza\u00e7\u00e3o do Or\u00e7amento Sens\u00edvel a G\u00eanero e Ra\u00e7a<br \/>\nMesa com prefeitas e secret\u00e1rias de v\u00e1rias cidades, incluindo Belo Horizonte, Recife, Contagem, Parnamirim e Salvador. Campo Grande participar\u00e1 com a prefeita Adriane Lopes e a secret\u00e1ria Ang\u00e9lica Fontanari.<\/p>\n<p style=\"text-align: justify;\">17h \u2013 Encerramento<br \/>\nCom as prefeitas M\u00e1rcia Conrado e Adriane Lopes, que far\u00e3o a s\u00edntese dos debates e apresenta\u00e7\u00e3o dos pr\u00f3ximos passos da Comiss\u00e3o de Prefeitas da FNP.<\/p>\n<p style=\"text-align: justify;\"><strong>Um espa\u00e7o de protagonismo<\/strong><\/p>\n<p style=\"text-align: justify;\">O encontro integra a agenda da Comiss\u00e3o Permanente de Prefeitas da FNP, criada em 2023 para fortalecer a governan\u00e7a feminina, ampliar a troca de experi\u00eancias e estimular pol\u00edticas p\u00fablicas inclusivas. Atualmente, apenas 13% dos munic\u00edpios brasileiros s\u00e3o governados por mulheres, e apenas duas capitais \u2014 Campo Grande (MS) e Aracaju (SE) \u2014 t\u00eam prefeitas \u00e0 frente da gest\u00e3o.<\/p>\n<p style=\"text-align: justify;\"><strong>Servi\u00e7o<\/strong><\/p>\n<p style=\"text-align: justify;\">Local: Grand Park Hotel \u2013 Av. Afonso Pena, 5.282, Ch\u00e1cara Cachoeira \u2013 Campo Grande\/MS<br \/>\nData: quarta-feira, 20 de agosto<br \/>\nHor\u00e1rio: das 8h30 \u00e0s 18h<br \/>\nPrograma\u00e7\u00e3o completa: acesse\u00a0<strong><a href=\"https:\/\/multimidia.fnp.org.br\/biblioteca\/documentos\">aqui<\/a><\/strong><\/p>\n","protected":false},"excerpt":{"rendered":"<p>Campo Grande recebe nesta quarta-feira, 20 de agosto, o \u201cElas Governam \u2013 Lideran\u00e7as Femininas na Gest\u00e3o do Or\u00e7amento e das Finan\u00e7as P\u00fablicas\u201d, evento in\u00e9dito fora de Bras\u00edlia que reunir\u00e1 prefeitas, vice-prefeitas, secret\u00e1rias de Fazenda e de Pol\u00edticas para Mulheres de todo o Brasil. Promovido pela Frente Nacional de Prefeitas e Prefeitos (FNP), em parceria com [&hellip;]<\/p>\n","protected":false},"author":2,"featured_media":202389,"comment_status":"open","ping_status":"open","sticky":false,"template":"","format":"standard","meta":{"_monsterinsights_skip_tracking":false,"_monsterinsights_sitenote_active":false,"_monsterinsights_sitenote_note":"","_monsterinsights_sitenote_category":0},"categories":[4328],"tags":[123,43439,15273],"aioseo_notices":[],"_links":{"self":[{"href":"https:\/\/mspontocom.com.br\/site\/wp-json\/wp\/v2\/posts\/202381"}],"collection":[{"href":"https:\/\/mspontocom.com.br\/site\/wp-json\/wp\/v2\/posts"}],"about":[{"href":"https:\/\/mspontocom.com.br\/site\/wp-json\/wp\/v2\/types\/post"}],"author":[{"embeddable":true,"href":"https:\/\/mspontocom.com.br\/site\/wp-json\/wp\/v2\/users\/2"}],"replies":[{"embeddable":true,"href":"https:\/\/mspontocom.com.br\/site\/wp-json\/wp\/v2\/comments?post=202381"}],"version-history":[{"count":2,"href":"https:\/\/mspontocom.com.br\/site\/wp-json\/wp\/v2\/posts\/202381\/revisions"}],"predecessor-version":[{"id":202390,"href":"https:\/\/mspontocom.com.br\/site\/wp-json\/wp\/v2\/posts\/202381\/revisions\/202390"}],"wp:featuredmedia":[{"embeddable":true,"href":"https:\/\/mspontocom.com.br\/site\/wp-json\/wp\/v2\/media\/202389"}],"wp:attachment":[{"href":"https:\/\/mspontocom.com.br\/site\/wp-json\/wp\/v2\/media?parent=202381"}],"wp:term":[{"taxonomy":"category","embeddable":true,"href":"https:\/\/mspontocom.com.br\/site\/wp-json\/wp\/v2\/categories?post=202381"},{"taxonomy":"post_tag","embeddable":true,"href":"https:\/\/mspontocom.com.br\/site\/wp-json\/wp\/v2\/tags?post=202381"}],"curies":[{"name":"wp","href":"https:\/\/api.w.org\/{rel}","templated":true}]}}