{"id":202395,"date":"2025-08-20T03:34:14","date_gmt":"2025-08-20T07:34:14","guid":{"rendered":"https:\/\/mspontocom.com.br\/site\/?p=202395"},"modified":"2025-08-20T08:39:39","modified_gmt":"2025-08-20T12:39:39","slug":"camara-promove-sessao-solene-em-comemoracao-aos-126-anos-de-campo-grande","status":"publish","type":"post","link":"https:\/\/mspontocom.com.br\/site\/camara-promove-sessao-solene-em-comemoracao-aos-126-anos-de-campo-grande\/","title":{"rendered":"C\u00e2mara promove Sess\u00e3o Solene em comemora\u00e7\u00e3o aos 126 anos de Campo Grande"},"content":{"rendered":"<p style=\"text-align: justify;\"><img loading=\"lazy\" class=\"alignnone size-full wp-image-202396\" src=\"http:\/\/mspontocom.com.br\/site\/wp-content\/uploads\/2025\/08\/site-camara-promove-sessao-solene-em-comemoracao-aos-126-anos-de-campo-grande-whatsapp-image-2025-08-19-at-09.52.19.jpeg\" alt=\"\" width=\"765\" height=\"800\" srcset=\"https:\/\/mspontocom.com.br\/site\/wp-content\/uploads\/2025\/08\/site-camara-promove-sessao-solene-em-comemoracao-aos-126-anos-de-campo-grande-whatsapp-image-2025-08-19-at-09.52.19.jpeg 765w, https:\/\/mspontocom.com.br\/site\/wp-content\/uploads\/2025\/08\/site-camara-promove-sessao-solene-em-comemoracao-aos-126-anos-de-campo-grande-whatsapp-image-2025-08-19-at-09.52.19-260x272.jpeg 260w\" sizes=\"(max-width: 765px) 100vw, 765px\" \/>Em comemora\u00e7\u00e3o aos 126 anos, a C\u00e2mara Municipal de Campo Grande promove, na quinta-feira, dia 21, \u00e0s 19 horas, a tradicional Sess\u00e3o Solene de outorga do T\u00edtulo de Cidad\u00e3o Campo-Grandense, T\u00edtulo de Cidad\u00e3o Benem\u00e9rito e Medalha do M\u00e9rito Legislativo \u201cJos\u00e9 Ant\u00f4nio Pereira\u201d.<\/p>\n<p style=\"text-align: justify;\">O evento ocorre no Centro de Conven\u00e7\u00f5es Rubens Gil de Camillo, o Pal\u00e1cio Popular da Cultura, no Parque dos Poderes.<\/p>\n<p style=\"text-align: justify;\">Na data, vereadores e vereadores de Campo Grande v\u00e3o homenagear 86 pessoas que contribu\u00edram com relevantes servi\u00e7os para a cidade, seja pela atua\u00e7\u00e3o profissional, gera\u00e7\u00e3o de empregos ou a\u00e7\u00f5es sociais. Estas honrarias s\u00e3o entregues todos os anos no anivers\u00e1rio de Campo Grande.<\/p>\n<p style=\"text-align: justify;\">As homenagens foram aprovadas previamente em Plen\u00e1rio, por meio de Projetos de Decreto Legislativo.<\/p>\n<p style=\"text-align: justify;\"><strong>Confira a lista de todos os homenageados:<\/strong><\/p>\n<p style=\"text-align: justify;\"><strong>ANA PORTELA \u2013<\/strong>\u00a0EDUARDO EUG\u00caNIO SIRAVEGNA J\u00daNIOR, M\u00c1RIO JOS\u00c9 ESBALQUEIRO J\u00daNIOR e THIAGO NAGASAWA TANAKA<br \/>\n<strong>ANDR\u00c9 SALINEIRO<\/strong>\u00a0\u2013 EDUARDO JACQUES AZZI, ALDEMIR JER\u00d4NIMO e PAULO SERGIO VITAL DA CRUZ<br \/>\n<strong>BETO AVELAR \u2013<\/strong>\u00a0VAGNER RICARDO DOS SANTOS, ELTON DIONE DE SOUZA e ANDERSON GONZAGA DA SILVA ASSIS<br \/>\n<strong>CARLOS AUGUSTO BORGES, CARL\u00c3O<\/strong>\u00a0\u2013 DENYSON QUEIROZ PRADO, RONALDO GARCIA PEREIRA e S\u00c9RGIO DIAS CAMPOS<br \/>\n<strong>CLODOILSON PIRES \u2013<\/strong>\u00a0CL\u00c1UDIO ALBERNAZ C\u00c9SAR, EVANDRO CARLOS RIBEIRO LOPES e M\u00c9RCULE PEDRO PAULISTA CAVALCANTE<br \/>\n<strong>DELEI PINHEIRO \u2013<\/strong>\u00a0EFRAIN BARCELOS GON\u00c7ALVES e NEWTON MOREIRA DE LIMA NETO<br \/>\n<strong>DR. JAMAL<\/strong>\u00a0\u2013 RENATO PIERETTI C\u00c2MARA, ABDEL HAFES KAED IBAYRAT e JEFERSON JUNIOR TEIXEIRA DA SILVA<br \/>\n<strong>DR. L\u00cdVIO \u2013<\/strong>\u00a0MILTON BR\u00c1S PORTOCARR\u00caRO NAVEIRA, OSWALDO ARANTES\u00a0<em>(IN MEMORIAN)\u00a0<\/em>e GL\u00d3RIA SETSUKO SUZUKI<br \/>\n<strong>DR. VICTOR RO\u0421\u041d\u0410<\/strong>\u00a0\u2013 ALINNE CARDOSO DA SILVA, D\u00c9BORA CATIZANE DE OLIVEIRA FRANCO e ROSILDO GOMES BARCELLOS JUNIOR<br \/>\n<strong>EPAMINONDAS NETO, PAPY \u2013<\/strong>\u00a0LUIZ REN\u00ca GON\u00c7ALVES DO AMARAL, RODRIGO PEREZ RAMOS e VIN\u00cdCIUS MISAEL ALVES DE LIMA<br \/>\n<strong>FABIO ROCHA<\/strong>\u00a0\u2013 \u00c9DER MARCOS CAPPELLETTO, RUDINEY DE ARA\u00daJO LEAL e NADIR CAPPELLETTO JUNIOR<br \/>\n<strong>FL\u00c1VIO CABO ALMI<\/strong>\u00a0\u2013 LUIS FABIANO MARTINS DA SILVA, MARCIA CECILIA RAMOS FERREIRA e ANTONIO ADONIS MOUR\u00c3O<br \/>\n<strong>HERCULANO BORGES \u2013<\/strong>\u00a0JOS\u00c9 CLARO DOS SANTOS NETO, FABRICIO CESAR DE PAULA RAVAGNANI e ORLANDO MOURA<br \/>\n<strong>JEAN FERREIRA \u2013<\/strong>\u00a0TIAGO RESENDE BOTELH\u041e, FABIANO REIS DE OLIVEIRA e AGAMENON RODRIGUES DO PRADO<br \/>\n<strong>JUNIOR CORINGA \u2013<\/strong>\u00a0JO\u00c3O GUANES, LONDRES DE SOUSA e CL\u00c1UDIO FERREIRA DA SILVA<br \/>\n<strong>LANDMARK \u2013<\/strong>\u00a0RAUFI ANT\u00d4NIO JACCOUD MARQUES, ALINE ERTZOGUE MARQUES e FL\u00c1VIA PERC\u00cdLIA ERTZOGUE RUBIO RIOS<br \/>\n<strong>LEINHA \u2013<\/strong>\u00a0G\u00dcNTER HANS FILHO, ATALLA MNAYARJI e GUILHERME DE BARROS COSTA MARQUES BUMLAI<br \/>\n<strong>LUIZA RIBEIRO<\/strong>\u00a0\u2013 LUIS RENAN OSIPOV DA SILVA, MARIA ALICE GARCIA MARTINS e MARINALVA APARECIDA DE SOUZA PEREIRA<br \/>\n<strong>MAICON NOGUEIRA<\/strong>\u00a0\u2013 JOS\u00c9 EDUARDO DUENHAS MONREAL, RENAN BARBOSA CONTAR e FABR\u00cdCIO ESTEVES MATSUBARA<br \/>\n<strong>MARQUINHOS TRAD \u2013<\/strong>\u00a0MARCELO SOUBHIE AMADEU, CLAUDIO ZILIOTTO e MARIAM KODJAOGLANIAN DI GIORGIO<br \/>\n<strong>NETO SANTOS<\/strong>\u00a0\u2013 RODRIGO BARBOSA DE MIRANDA, DINACI VIEIRA MARQUES RANZI MACIEL e M\u00c1RCIA GUIMAR\u00c3ES BARBOSA DOS SANTOS<br \/>\n<strong>OT\u00c1VIO TRAD \u2013<\/strong>\u00a0PAULO HENRIQUE SAMPAIO BALDOW, LUIZ CARLOS SALDANHA RODRIGUES JUNIOR e ANDR\u00c9 LUIZ BORGES NETO<br \/>\n<strong>PROFESSOR JUARI \u2013<\/strong>\u00a0KEILLA SOARES CIRINO, NELSON TRAD FILHO e CHARLES KULHAWA FIL\u041dO<br \/>\n<strong>PROFESSOR RIVERTON \u2013<\/strong>\u00a0J\u00c2NIO FAUSTINO, K\u00c1TIA REGINA BERNARDO CLARO e FRANCISCO ANIZIO DOS SANTOS<br \/>\n<strong>RAFAEL TAVARES \u2013<\/strong>\u00a0MICHEL ANGELO CONSTANTINO DE OLIVEIRA, RICARDO NOGARA DE CASTILHO e ALEXANDRE JACQUES COSTA GLAYCHMAN<br \/>\n<strong>RONIL\u00c7O GUERREIRO \u2013<\/strong>\u00a0ANDR\u00c9 ALVES PEREIRA, ZUMILSON CUST\u00d3DIO DA SILVA e CLOVIS RIBEIRO CINTRA NETO<br \/>\n<strong>SILVIO PITU \u2013<\/strong>\u00a0ANTONIO CIRINO FERRO, VERA CRISTINA GALV\u00c3O BACCHI e ZAIDA TERESINHA GARCIA TERRA<br \/>\n<strong>VETERIN\u00c1RIO FRANCISCO \u2013<\/strong>\u00a0GRUPO REAL, C\u00cdCERO \u00c1VILA DE LIMA e ROS\u00c2NGELA MARIA ROCHA GIMENES<br \/>\n<strong>WILSON LANDS \u2013<\/strong>\u00a0MIGUEL JOAQUIM DE PAULA INIESTA, LEANDRO FABR\u00cdCIO VALENTE DA ROSA BRITTES e SUILENE CAMPOS RODRIGUES VIANNA<\/p>\n<p style=\"text-align: justify;\">A Sess\u00e3o Solene ter\u00e1 transmiss\u00e3o ao vivo pela TV C\u00e2mara, no canal 7.3, e no Youtube da Casa de Leis.<\/p>\n","protected":false},"excerpt":{"rendered":"<p>Em comemora\u00e7\u00e3o aos 126 anos, a C\u00e2mara Municipal de Campo Grande promove, na quinta-feira, dia 21, \u00e0s 19 horas, a tradicional Sess\u00e3o Solene de outorga do T\u00edtulo de Cidad\u00e3o Campo-Grandense, T\u00edtulo de Cidad\u00e3o Benem\u00e9rito e Medalha do M\u00e9rito Legislativo \u201cJos\u00e9 Ant\u00f4nio Pereira\u201d. O evento ocorre no Centro de Conven\u00e7\u00f5es Rubens Gil de Camillo, o Pal\u00e1cio [&hellip;]<\/p>\n","protected":false},"author":2,"featured_media":202396,"comment_status":"open","ping_status":"open","sticky":false,"template":"","format":"standard","meta":{"_monsterinsights_skip_tracking":false,"_monsterinsights_sitenote_active":false,"_monsterinsights_sitenote_note":"","_monsterinsights_sitenote_category":0},"categories":[4328],"tags":[],"aioseo_notices":[],"_links":{"self":[{"href":"https:\/\/mspontocom.com.br\/site\/wp-json\/wp\/v2\/posts\/202395"}],"collection":[{"href":"https:\/\/mspontocom.com.br\/site\/wp-json\/wp\/v2\/posts"}],"about":[{"href":"https:\/\/mspontocom.com.br\/site\/wp-json\/wp\/v2\/types\/post"}],"author":[{"embeddable":true,"href":"https:\/\/mspontocom.com.br\/site\/wp-json\/wp\/v2\/users\/2"}],"replies":[{"embeddable":true,"href":"https:\/\/mspontocom.com.br\/site\/wp-json\/wp\/v2\/comments?post=202395"}],"version-history":[{"count":1,"href":"https:\/\/mspontocom.com.br\/site\/wp-json\/wp\/v2\/posts\/202395\/revisions"}],"predecessor-version":[{"id":202397,"href":"https:\/\/mspontocom.com.br\/site\/wp-json\/wp\/v2\/posts\/202395\/revisions\/202397"}],"wp:featuredmedia":[{"embeddable":true,"href":"https:\/\/mspontocom.com.br\/site\/wp-json\/wp\/v2\/media\/202396"}],"wp:attachment":[{"href":"https:\/\/mspontocom.com.br\/site\/wp-json\/wp\/v2\/media?parent=202395"}],"wp:term":[{"taxonomy":"category","embeddable":true,"href":"https:\/\/mspontocom.com.br\/site\/wp-json\/wp\/v2\/categories?post=202395"},{"taxonomy":"post_tag","embeddable":true,"href":"https:\/\/mspontocom.com.br\/site\/wp-json\/wp\/v2\/tags?post=202395"}],"curies":[{"name":"wp","href":"https:\/\/api.w.org\/{rel}","templated":true}]}}