{"id":202432,"date":"2025-08-21T05:58:54","date_gmt":"2025-08-21T09:58:54","guid":{"rendered":"https:\/\/mspontocom.com.br\/site\/?p=202432"},"modified":"2025-08-21T06:27:17","modified_gmt":"2025-08-21T10:27:17","slug":"ruraltur-ms-comeca-nesta-quinta-feira-em-campo-grande","status":"publish","type":"post","link":"https:\/\/mspontocom.com.br\/site\/ruraltur-ms-comeca-nesta-quinta-feira-em-campo-grande\/","title":{"rendered":"Ruraltur MS come\u00e7a nesta quinta-feira em Campo Grande"},"content":{"rendered":"<p style=\"text-align: justify;\"><img loading=\"lazy\" class=\"alignnone size-full wp-image-202433\" src=\"http:\/\/mspontocom.com.br\/site\/wp-content\/uploads\/2025\/08\/site-ruraltur-ms-comeca-nesta-quinta-feira-em-campo-grande-rural-tur.png\" alt=\"\" width=\"1390\" height=\"980\" srcset=\"https:\/\/mspontocom.com.br\/site\/wp-content\/uploads\/2025\/08\/site-ruraltur-ms-comeca-nesta-quinta-feira-em-campo-grande-rural-tur.png 1390w, https:\/\/mspontocom.com.br\/site\/wp-content\/uploads\/2025\/08\/site-ruraltur-ms-comeca-nesta-quinta-feira-em-campo-grande-rural-tur-260x183.png 260w, https:\/\/mspontocom.com.br\/site\/wp-content\/uploads\/2025\/08\/site-ruraltur-ms-comeca-nesta-quinta-feira-em-campo-grande-rural-tur-1024x722.png 1024w, https:\/\/mspontocom.com.br\/site\/wp-content\/uploads\/2025\/08\/site-ruraltur-ms-comeca-nesta-quinta-feira-em-campo-grande-rural-tur-768x541.png 768w\" sizes=\"(max-width: 1390px) 100vw, 1390px\" \/>Tem\u00e1ticas como empreendedorismo, sustentabilidade, inova\u00e7\u00e3o, economia criativa, produ\u00e7\u00e3o rural e turismo fazem parte da programa\u00e7\u00e3o da Ruraltur MS que tem in\u00edcio <strong>nesta quinta-feira (21), na Feira Central de Campo Grande, com entrada pela Avenida Cal\u00f3geras, a partir das 15h. <\/strong><\/p>\n<p style=\"text-align: justify;\">Com programa\u00e7\u00e3o para todas as idades, a Ruraltur MS segue at\u00e9 sexta-feira (22) reunindo 130 expositores na mostra \u201cIsto \u00e9 Mato Grosso do Sul\u201d, que apresenta os principais atrativos tur\u00edsticos do Estado, al\u00e9m de artesanato e produtos de agroind\u00fastrias.<\/p>\n<p style=\"text-align: justify;\">O p\u00fablico tamb\u00e9m poder\u00e1 vivenciar experi\u00eancias de turismo rural e de aventura, como parede de escalada, rapel e a tradicional Fazendinha, al\u00e9m de acompanhar receitas t\u00edpicas preparadas ao vivo na Cozinha Show.<\/p>\n<p style=\"text-align: justify;\">Os visitantes tamb\u00e9m poder\u00e3o conhecer iniciativas inovadoras no campo no espa\u00e7o Inova Agro, composto pela Smart Farm com a participa\u00e7\u00e3o de startups, oficinas pr\u00e1ticas da Rota Rural e o primeiro concurso de queijos artesanais do Estado.<\/p>\n<p style=\"text-align: justify;\">O cronograma ainda promove para os empreendedores oportunidades de conquistar novos mercados e parcerias, por meio de Sess\u00f5es de Neg\u00f3cios e do \u201cCapivara Tank\u201d, que possibilita a apresenta\u00e7\u00e3o das empresas ao p\u00fablico do evento.<\/p>\n<p style=\"text-align: justify;\">Nos dois dias de Ruraltur MS, empreendedores e interessados em empreender tamb\u00e9m ter\u00e3o acesso ao atendimento especializado do Sebrae\/MS e poder\u00e3o conhecer as principais linhas de cr\u00e9dito dispon\u00edveis para os pequenos neg\u00f3cios por meio do Mutir\u00e3o Acredita que ir\u00e1 reunir representantes de cinco institui\u00e7\u00f5es financeiras para esclarecer d\u00favidas e fornecer orienta\u00e7\u00f5es.<\/p>\n<p style=\"text-align: justify;\">Est\u00e3o confirmadas no evento as presen\u00e7as de representantes do Banco do Brasil, Caixa, Sicoob, Sicredi e Cresol.<\/p>\n<p style=\"text-align: justify;\">A Ruraltur MS tamb\u00e9m ser\u00e1 palco para a 6\u00aa Mostra de Turismo de Campo Grande, realizada em parceria com a Secretaria Municipal de Meio Ambiente, Gest\u00e3o Urbana e Desenvolvimento Econ\u00f4mico, Tur\u00edstico e Sustent\u00e1vel (Semades). O evento promove um di\u00e1logo sobre o segmento com palestras que abordam tem\u00e1ticas como gest\u00e3o, seguran\u00e7a e novas oportunidades para o setor.<\/p>\n<p style=\"text-align: justify;\">Interessados em participar da Ruraltur MS podem se inscrever e obter mais informa\u00e7\u00f5es sobre o evento por meio do site\u00a0<a href=\"https:\/\/click.divulga.sebrae.ms\/?qs=e3c2ce8d8f5a9d195b06e91db402dbaae99fdf3853e5d773f9ce0e9743cd31a398b2cae3505af9895633d7ea87342b6ff561bd9f614581ba\" target=\"_blank\" rel=\"noopener\" data-saferedirecturl=\"https:\/\/www.google.com\/url?q=https:\/\/click.divulga.sebrae.ms\/?qs%3De3c2ce8d8f5a9d195b06e91db402dbaae99fdf3853e5d773f9ce0e9743cd31a398b2cae3505af9895633d7ea87342b6ff561bd9f614581ba&amp;source=gmail&amp;ust=1755856001269000&amp;usg=AOvVaw3SIFJFaB6jZ6RoY4Cyv5gD\">ruraltur.ms.sebrae.com.br<\/a><wbr \/>.<\/p>\n<p style=\"text-align: justify;\"><strong>Servi\u00e7o:<\/strong><\/p>\n<p style=\"text-align: justify;\">Ruraltur MS 2025<\/p>\n<p style=\"text-align: justify;\">Data: 21 e 22 de agosto de 2025<\/p>\n<p style=\"text-align: justify;\">Hor\u00e1rio: 15h \u00e0s 22h<\/p>\n<p style=\"text-align: justify;\">Local: Feira Central de Campo Grande \u2013 Rua 14 de Julho, n\u00ba3351, Centro<\/p>\n<p style=\"text-align: justify;\">Inscri\u00e7\u00f5es gratuitas:\u00a0<a href=\"https:\/\/click.divulga.sebrae.ms\/?qs=e3c2ce8d8f5a9d195b06e91db402dbaae99fdf3853e5d773f9ce0e9743cd31a398b2cae3505af9895633d7ea87342b6ff561bd9f614581ba\" target=\"_blank\" rel=\"noopener\" data-saferedirecturl=\"https:\/\/www.google.com\/url?q=https:\/\/click.divulga.sebrae.ms\/?qs%3De3c2ce8d8f5a9d195b06e91db402dbaae99fdf3853e5d773f9ce0e9743cd31a398b2cae3505af9895633d7ea87342b6ff561bd9f614581ba&amp;source=gmail&amp;ust=1755856001269000&amp;usg=AOvVaw3SIFJFaB6jZ6RoY4Cyv5gD\">ruraltur.ms.sebrae.<wbr \/>com.br<\/a><\/p>\n<table class=\"m_2742711832915540896container\" border=\"0\" width=\"600\" cellspacing=\"0\" cellpadding=\"0\" align=\"center\">\n<tbody>\n<tr>\n<td><\/td>\n<\/tr>\n<\/tbody>\n<\/table>\n","protected":false},"excerpt":{"rendered":"<p>Tem\u00e1ticas como empreendedorismo, sustentabilidade, inova\u00e7\u00e3o, economia criativa, produ\u00e7\u00e3o rural e turismo fazem parte da programa\u00e7\u00e3o da Ruraltur MS que tem in\u00edcio nesta quinta-feira (21), na Feira Central de Campo Grande, com entrada pela Avenida Cal\u00f3geras, a partir das 15h. Com programa\u00e7\u00e3o para todas as idades, a Ruraltur MS segue at\u00e9 sexta-feira (22) reunindo 130 expositores [&hellip;]<\/p>\n","protected":false},"author":2,"featured_media":202433,"comment_status":"open","ping_status":"open","sticky":false,"template":"","format":"standard","meta":{"_monsterinsights_skip_tracking":false,"_monsterinsights_sitenote_active":false,"_monsterinsights_sitenote_note":"","_monsterinsights_sitenote_category":0},"categories":[4328,15,14],"tags":[123,21865,43403,536],"aioseo_notices":[],"_links":{"self":[{"href":"https:\/\/mspontocom.com.br\/site\/wp-json\/wp\/v2\/posts\/202432"}],"collection":[{"href":"https:\/\/mspontocom.com.br\/site\/wp-json\/wp\/v2\/posts"}],"about":[{"href":"https:\/\/mspontocom.com.br\/site\/wp-json\/wp\/v2\/types\/post"}],"author":[{"embeddable":true,"href":"https:\/\/mspontocom.com.br\/site\/wp-json\/wp\/v2\/users\/2"}],"replies":[{"embeddable":true,"href":"https:\/\/mspontocom.com.br\/site\/wp-json\/wp\/v2\/comments?post=202432"}],"version-history":[{"count":1,"href":"https:\/\/mspontocom.com.br\/site\/wp-json\/wp\/v2\/posts\/202432\/revisions"}],"predecessor-version":[{"id":202434,"href":"https:\/\/mspontocom.com.br\/site\/wp-json\/wp\/v2\/posts\/202432\/revisions\/202434"}],"wp:featuredmedia":[{"embeddable":true,"href":"https:\/\/mspontocom.com.br\/site\/wp-json\/wp\/v2\/media\/202433"}],"wp:attachment":[{"href":"https:\/\/mspontocom.com.br\/site\/wp-json\/wp\/v2\/media?parent=202432"}],"wp:term":[{"taxonomy":"category","embeddable":true,"href":"https:\/\/mspontocom.com.br\/site\/wp-json\/wp\/v2\/categories?post=202432"},{"taxonomy":"post_tag","embeddable":true,"href":"https:\/\/mspontocom.com.br\/site\/wp-json\/wp\/v2\/tags?post=202432"}],"curies":[{"name":"wp","href":"https:\/\/api.w.org\/{rel}","templated":true}]}}