{"id":202694,"date":"2025-08-28T04:30:10","date_gmt":"2025-08-28T08:30:10","guid":{"rendered":"https:\/\/mspontocom.com.br\/site\/?p=202694"},"modified":"2025-08-28T08:17:03","modified_gmt":"2025-08-28T12:17:03","slug":"aguas-guariroba-leva-de-emissao-de-rg-a-atendimento-medico-para-acao-em-campo-grande","status":"publish","type":"post","link":"https:\/\/mspontocom.com.br\/site\/aguas-guariroba-leva-de-emissao-de-rg-a-atendimento-medico-para-acao-em-campo-grande\/","title":{"rendered":"\u00c1guas Guariroba leva de emiss\u00e3o de RG a atendimento m\u00e9dico para a\u00e7\u00e3o em Campo Grande"},"content":{"rendered":"<div style=\"text-align: justify;\"><img loading=\"lazy\" class=\"alignnone size-full wp-image-202695\" src=\"http:\/\/mspontocom.com.br\/site\/wp-content\/uploads\/2025\/08\/site-aguas-guariroba-leva-de-emissao-de-rg-a-atendimento-medico-para-acao-em-campo-grande-prospera.jpg\" alt=\"\" width=\"1024\" height=\"668\" srcset=\"https:\/\/mspontocom.com.br\/site\/wp-content\/uploads\/2025\/08\/site-aguas-guariroba-leva-de-emissao-de-rg-a-atendimento-medico-para-acao-em-campo-grande-prospera.jpg 1024w, https:\/\/mspontocom.com.br\/site\/wp-content\/uploads\/2025\/08\/site-aguas-guariroba-leva-de-emissao-de-rg-a-atendimento-medico-para-acao-em-campo-grande-prospera-260x170.jpg 260w, https:\/\/mspontocom.com.br\/site\/wp-content\/uploads\/2025\/08\/site-aguas-guariroba-leva-de-emissao-de-rg-a-atendimento-medico-para-acao-em-campo-grande-prospera-768x501.jpg 768w\" sizes=\"(max-width: 1024px) 100vw, 1024px\" \/>A terceira edi\u00e7\u00e3o do Prospera ser\u00e1 realizado no<strong> pr\u00f3ximo s\u00e1bado, dia 30 de agosto,<\/strong> reunindo uma s\u00e9rie de a\u00e7\u00f5es e servi\u00e7os gratuitos no bairro <strong>Moreninhas<\/strong>, em Campo Grande.<\/div>\n<div style=\"text-align: justify;\"><\/div>\n<div style=\"text-align: justify;\">Realizado simultaneamente em diversos munic\u00edpios do pa\u00eds, o evento \u00e9 uma iniciativa do Instituto Aegea.<\/div>\n<div style=\"text-align: justify;\"><\/div>\n<div style=\"text-align: justify;\">O evento ser\u00e1 realizado no<strong> Parque Jacques da Luz, das 9h \u00e0s 15h,<\/strong> e contar\u00e1 com atendimentos nas \u00e1reas de sa\u00fade, cidadania, emprego, assist\u00eancia social, bem-estar animal, lazer e capacita\u00e7\u00e3o profissional.<\/div>\n<div style=\"text-align: justify;\"><\/div>\n<div style=\"text-align: justify;\">Entre os principais servi\u00e7os oferecidos gratuitamente ao p\u00fablico est\u00e3o:<\/div>\n<ul style=\"text-align: justify;\">\n<li>Emiss\u00e3o de RG<\/li>\n<li>Cadastro \u00fanico (Cad\u00danico)<\/li>\n<li>Cadastro na Tarifa Social de \u00c1gua e Esgoto<\/li>\n<li>Orienta\u00e7\u00e3o jur\u00eddica<\/li>\n<li>Cadastro de empregos<\/li>\n<li>Atendimento m\u00e9dico b\u00e1sico<\/li>\n<li>Vacina\u00e7\u00e3o, castra\u00e7\u00e3o e atendimento veterin\u00e1rio para pets<\/li>\n<li>Ado\u00e7\u00e3o de animais<\/li>\n<li>Distribui\u00e7\u00e3o de mudas de hortali\u00e7as<\/li>\n<li>Corte de cabelo<\/li>\n<li>Espa\u00e7o recreativo com brinquedos<\/li>\n<li>Tenda de gibis<\/li>\n<li>Feira de Empreendedores \u2013 com produtos e artesanatos da comunidade local<\/li>\n<\/ul>\n<figure style=\"text-align: justify;\">\n<div><\/div>\n<\/figure>\n<div style=\"text-align: justify;\">Al\u00e9m dos parceiros, a \u00c1guas Guariroba leva uma s\u00e9rie de atendimentos ao cliente e capacita\u00e7\u00f5es.<\/div>\n<div style=\"text-align: justify;\"><\/div>\n<div style=\"text-align: justify;\">O Prospera 2025 tamb\u00e9m ser\u00e1 palco do lan\u00e7amento oficial da carreta de Responsabilidade Social da concession\u00e1ria, a \u2018Carreta da Transforma\u00e7\u00e3o\u2019.<\/div>\n<div style=\"text-align: justify;\"><\/div>\n<div style=\"text-align: justify;\">Por meio dela, a empresa levar\u00e1 at\u00e9 os bairros da Capital seus atendimentos e suas a\u00e7\u00f5es sociais com cursos profissionalizantes.<\/div>\n<div style=\"text-align: justify;\"><\/div>\n<div style=\"text-align: justify;\">Neste s\u00e1bado ser\u00e3o realizadas oficinas do Bolha de Sab\u00e3o, projeto que ensina a produ\u00e7\u00e3o de sab\u00e3o com \u00f3leo de cozinha usado, gerando assim uma renda para fam\u00edlias mais carentes.<\/div>\n<div style=\"text-align: justify;\"><\/div>\n<div style=\"text-align: justify;\">Haver\u00e1 tamb\u00e9m inscri\u00e7\u00f5es para os cursos gratuitos do projeto \u2018M\u00e3os e Obras\u2019, nas \u00e1reas de encanador hidr\u00e1ulico, empreendedorismo e fundamentos iniciais de instala\u00e7\u00e3o de hidr\u00f4metro.<\/div>\n<div style=\"text-align: justify;\"><\/div>\n<div style=\"text-align: justify;\"><\/div>\n<div style=\"text-align: justify;\"><b>Servi\u00e7o<\/b><\/div>\n<div style=\"text-align: justify;\"><b>O qu\u00ea:<\/b>\u00a0A\u00e7\u00e3o Social \u2013 Prospera 2025: Um movimento pelo cuidado com a vida<br \/>\n<b>Quando:<\/b>\u00a030 de agosto de 2025 (s\u00e1bado)<br \/>\n<b>Onde:<\/b>\u00a0Parque Jacques da Luz<br \/>\n<b>Endere\u00e7o:<\/b>\u00a0R. Barreiras, s\/n, esquina com Rua Copa\u00edba \u2013 Vila Moreninha III, Campo Grande \u2013 MS<br \/>\n<b>Hor\u00e1rio:<\/b>\u00a0Das 9h \u00e0s 15h (hor\u00e1rio local)<\/div>\n","protected":false},"excerpt":{"rendered":"<p>A terceira edi\u00e7\u00e3o do Prospera ser\u00e1 realizado no pr\u00f3ximo s\u00e1bado, dia 30 de agosto, reunindo uma s\u00e9rie de a\u00e7\u00f5es e servi\u00e7os gratuitos no bairro Moreninhas, em Campo Grande. Realizado simultaneamente em diversos munic\u00edpios do pa\u00eds, o evento \u00e9 uma iniciativa do Instituto Aegea. O evento ser\u00e1 realizado no Parque Jacques da Luz, das 9h \u00e0s [&hellip;]<\/p>\n","protected":false},"author":2,"featured_media":202695,"comment_status":"open","ping_status":"open","sticky":false,"template":"","format":"standard","meta":{"_monsterinsights_skip_tracking":false,"_monsterinsights_sitenote_active":false,"_monsterinsights_sitenote_note":"","_monsterinsights_sitenote_category":0},"categories":[4328],"tags":[5131,43477],"aioseo_notices":[],"_links":{"self":[{"href":"https:\/\/mspontocom.com.br\/site\/wp-json\/wp\/v2\/posts\/202694"}],"collection":[{"href":"https:\/\/mspontocom.com.br\/site\/wp-json\/wp\/v2\/posts"}],"about":[{"href":"https:\/\/mspontocom.com.br\/site\/wp-json\/wp\/v2\/types\/post"}],"author":[{"embeddable":true,"href":"https:\/\/mspontocom.com.br\/site\/wp-json\/wp\/v2\/users\/2"}],"replies":[{"embeddable":true,"href":"https:\/\/mspontocom.com.br\/site\/wp-json\/wp\/v2\/comments?post=202694"}],"version-history":[{"count":2,"href":"https:\/\/mspontocom.com.br\/site\/wp-json\/wp\/v2\/posts\/202694\/revisions"}],"predecessor-version":[{"id":202697,"href":"https:\/\/mspontocom.com.br\/site\/wp-json\/wp\/v2\/posts\/202694\/revisions\/202697"}],"wp:featuredmedia":[{"embeddable":true,"href":"https:\/\/mspontocom.com.br\/site\/wp-json\/wp\/v2\/media\/202695"}],"wp:attachment":[{"href":"https:\/\/mspontocom.com.br\/site\/wp-json\/wp\/v2\/media?parent=202694"}],"wp:term":[{"taxonomy":"category","embeddable":true,"href":"https:\/\/mspontocom.com.br\/site\/wp-json\/wp\/v2\/categories?post=202694"},{"taxonomy":"post_tag","embeddable":true,"href":"https:\/\/mspontocom.com.br\/site\/wp-json\/wp\/v2\/tags?post=202694"}],"curies":[{"name":"wp","href":"https:\/\/api.w.org\/{rel}","templated":true}]}}