{"id":202853,"date":"2025-09-03T05:16:34","date_gmt":"2025-09-03T09:16:34","guid":{"rendered":"https:\/\/mspontocom.com.br\/site\/?p=202853"},"modified":"2025-09-03T13:21:13","modified_gmt":"2025-09-03T17:21:13","slug":"unimed-campo-grande-promove-forum-saude-com-programacao-aberta-ao-publico","status":"publish","type":"post","link":"https:\/\/mspontocom.com.br\/site\/unimed-campo-grande-promove-forum-saude-com-programacao-aberta-ao-publico\/","title":{"rendered":"Unimed Campo Grande promove F\u00f3rum Sa\u00fade com programa\u00e7\u00e3o aberta ao p\u00fablico"},"content":{"rendered":"<div style=\"text-align: justify;\"><img loading=\"lazy\" class=\"alignnone size-full wp-image-202855\" src=\"http:\/\/mspontocom.com.br\/site\/wp-content\/uploads\/2025\/09\/site-unimed-campo-grande-promove-forum-saude-com-programacao-aberta-ao-publico-2-forum-de-sustentabilidade-unimed-cg.png\" alt=\"\" width=\"1080\" height=\"1350\" srcset=\"https:\/\/mspontocom.com.br\/site\/wp-content\/uploads\/2025\/09\/site-unimed-campo-grande-promove-forum-saude-com-programacao-aberta-ao-publico-2-forum-de-sustentabilidade-unimed-cg.png 1080w, https:\/\/mspontocom.com.br\/site\/wp-content\/uploads\/2025\/09\/site-unimed-campo-grande-promove-forum-saude-com-programacao-aberta-ao-publico-2-forum-de-sustentabilidade-unimed-cg-224x280.png 224w, https:\/\/mspontocom.com.br\/site\/wp-content\/uploads\/2025\/09\/site-unimed-campo-grande-promove-forum-saude-com-programacao-aberta-ao-publico-2-forum-de-sustentabilidade-unimed-cg-819x1024.png 819w, https:\/\/mspontocom.com.br\/site\/wp-content\/uploads\/2025\/09\/site-unimed-campo-grande-promove-forum-saude-com-programacao-aberta-ao-publico-2-forum-de-sustentabilidade-unimed-cg-768x960.png 768w\" sizes=\"(max-width: 1080px) 100vw, 1080px\" \/>A Unimed Campo Grande realiza, nos dias 11 e 12 de setembro, a 2\u00aa edi\u00e7\u00e3o do\u00a0<b>F\u00f3rum de Sustentabilidade,\u00a0<\/b>com o tema<b>\u00a0\u201cSa\u00fade Sustent\u00e1vel: O Caminho para um Futuro Verde, Inclusivo e \u00c9tico\u201d<\/b>.<\/div>\n<div style=\"text-align: justify;\"><\/div>\n<div style=\"text-align: justify;\">O evento, que integra o calend\u00e1rio institucional da cooperativa m\u00e9dica, reafirma o compromisso da institui\u00e7\u00e3o com as diretrizes <b>ESG (Ambiental, Social e Governan\u00e7a),<\/b>\u00a0promovendo di\u00e1logos estrat\u00e9gicos, troca de experi\u00eancias e dissemina\u00e7\u00e3o de boas pr\u00e1ticas sustent\u00e1veis no setor da sa\u00fade.<\/div>\n<div style=\"text-align: justify;\"><\/div>\n<div style=\"text-align: justify;\">A grande novidade desta edi\u00e7\u00e3o \u00e9 a programa\u00e7\u00e3o aberta ao p\u00fablico no dia 12 de setembro (sexta-feira), no Bioparque Pantanal, a partir das 8 horas.<\/div>\n<div style=\"text-align: justify;\"><\/div>\n<div style=\"text-align: justify;\"><strong>A entrada \u00e9 gratuita<\/strong> e o evento \u00e9 voltado a profissionais da sa\u00fade, estudantes, gestores p\u00fablicos, pesquisadores e toda a popula\u00e7\u00e3o interessada em sustentabilidade e bem-estar coletivo.<\/div>\n<div style=\"text-align: justify;\"><\/div>\n<div style=\"text-align: justify;\">Para participar, basta confirmar inscri\u00e7\u00e3o no link<b>:\u00a0<\/b><b><u><a id=\"m_4947256836458975202OWA631d015d-feda-0dba-1961-a29dd02e85fb\" href=\"https:\/\/unimed.me\/051\/forumesg-dia12\" target=\"_blank\" rel=\"noopener\" data-saferedirecturl=\"https:\/\/www.google.com\/url?q=https:\/\/unimed.me\/051\/forumesg-dia12&amp;source=gmail&amp;ust=1756989306117000&amp;usg=AOvVaw1_Aqub1IRAr-IONsjr-oWi\">https:\/\/unimed.me\/051\/<wbr \/>forumesg-dia12<\/a><\/u><\/b><\/div>\n<div style=\"text-align: justify;\"><\/div>\n<div style=\"text-align: justify;\"><\/div>\n<div style=\"text-align: justify;\"><b>PROGRAMA\u00c7\u00c3O<\/b><\/div>\n<div style=\"text-align: justify;\"><b><u>Dia 11\/09: Para m\u00e9dicos cooperados e convidados<\/u><\/b><\/div>\n<div style=\"text-align: justify;\">Local: Audit\u00f3rio da OCB\/MS<\/div>\n<div style=\"text-align: justify;\">Hor\u00e1rio: a partir das 18h30<\/div>\n<div style=\"text-align: justify;\"><b>PALESTRAS<\/b><\/div>\n<div style=\"text-align: justify;\"><b>Avan\u00e7os da Sustentabilidade para a Sa\u00fade do Setor<\/b><\/div>\n<div style=\"text-align: justify;\">-Dr. Maur\u00edcio Sim\u00f5es Corr\u00eaa (presidente da federa\u00e7\u00e3o Unimed MS e secret\u00e1rio de Estado de Sa\u00fade de MS)<\/div>\n<div style=\"text-align: justify;\"><b>Judicializa\u00e7\u00e3o da Sa\u00fade e o Equil\u00edbrio Econ\u00f4mico: Caminhos para um Sistema Sustent\u00e1vel\u00a0<\/b><\/div>\n<div style=\"text-align: justify;\">-Dr. Cl\u00eanio Schulze (Juiz Federal)<\/div>\n<div style=\"text-align: justify;\"><b><u>Dia 12\/09: Aberto ao p\u00fablico | Bioparque Pantanal | Entrada gratuita<\/u><\/b><\/div>\n<div style=\"text-align: justify;\">Hor\u00e1rio: a partir das 8h<\/div>\n<div style=\"text-align: justify;\"><b>PAIN\u00c9IS TEM\u00c1TICOS \u2013 Impactos Globais em Sa\u00fade e Sustentabilidade<\/b><\/div>\n<div style=\"text-align: justify;\">-9h \u2013 Biodiversidade<\/div>\n<div style=\"text-align: justify;\"><b>Abordagens Integradas em Sa\u00fade: Converg\u00eancia do Conceito \u201cOne Health\u201d e a Farm\u00e1cia Viva<\/b><\/div>\n<div style=\"text-align: justify;\">Com: Danila Frias | M\u00e1rcia Cardeal (Secretaria de Sa\u00fade)<\/div>\n<div style=\"text-align: justify;\">-10h \u2013 Mudan\u00e7a do Clima<\/div>\n<div style=\"text-align: justify;\"><b>Altera\u00e7\u00f5es Clim\u00e1ticas no Pantanal: dos Impactos Ambientais \u00e0s Emerg\u00eancias em Sa\u00fade<\/b><\/div>\n<div style=\"text-align: justify;\">Com: Dr. Luiz Carlos (Fiocruz) | Dra. Hayd\u00e9e Marina do Valle (Unimed CG)<\/div>\n<div style=\"text-align: justify;\">-11h \u2013 Recursos H\u00eddricos<\/div>\n<div style=\"text-align: justify;\"><b>Do Estresse H\u00eddrico \u00e0 A\u00e7\u00e3o Local \u2013 Estrat\u00e9gias para Enfrentar os Impactos Clim\u00e1ticos<\/b><\/div>\n<div style=\"text-align: justify;\">Com: Marcelo Hartman (Unimed Po\u00e1) | Dr. Rodrigo Quadros (Unimed CG)<\/div>\n<div style=\"text-align: justify;\"><b>PAIN\u00c9IS ESG \u2013 Pr\u00e1ticas Sustent\u00e1veis na Sa\u00fade<\/b><\/div>\n<div style=\"text-align: justify;\">-14h \u2013 E (Ambiental)<\/div>\n<div style=\"text-align: justify;\"><b>Gest\u00e3o Segura de Res\u00edduos em Sa\u00fade e a Log\u00edstica Reversa<\/b><\/div>\n<div style=\"text-align: justify;\">Com: Ellen Ribeiro (Hospital S\u00e3o Juli\u00e3o) | Bruno Madallena (Ecocare)<\/div>\n<div style=\"text-align: justify;\">-15h \u2013 S (Social)<\/div>\n<div style=\"text-align: justify;\"><b>Ci\u00eancia da Felicidade: A Sa\u00fade e o Bem-Estar no Ambiente Colaborativo<\/b><\/div>\n<div style=\"text-align: justify;\">Com: Benedito Nunes (FIC) | Celso Regis (OCB\/MS)<\/div>\n<div style=\"text-align: justify;\">-16h30 \u2013 G (Governan\u00e7a)<\/div>\n<div style=\"text-align: justify;\"><b>Governan\u00e7a Cl\u00ednica e Atendimento \u00c9tico e de Excel\u00eancia<\/b><\/div>\n<div style=\"text-align: justify;\">Com: Juliana Guelfi (Compliance Unimed CG) | Dra. Marcela Ramone (Diretora T\u00e9cnica Hospital Unimed CG)<\/div>\n<div style=\"text-align: justify;\"><\/div>\n<div style=\"text-align: justify;\"><\/div>\n","protected":false},"excerpt":{"rendered":"<p>A Unimed Campo Grande realiza, nos dias 11 e 12 de setembro, a 2\u00aa edi\u00e7\u00e3o do\u00a0F\u00f3rum de Sustentabilidade,\u00a0com o tema\u00a0\u201cSa\u00fade Sustent\u00e1vel: O Caminho para um Futuro Verde, Inclusivo e \u00c9tico\u201d. O evento, que integra o calend\u00e1rio institucional da cooperativa m\u00e9dica, reafirma o compromisso da institui\u00e7\u00e3o com as diretrizes ESG (Ambiental, Social e Governan\u00e7a),\u00a0promovendo di\u00e1logos estrat\u00e9gicos, [&hellip;]<\/p>\n","protected":false},"author":2,"featured_media":202855,"comment_status":"open","ping_status":"open","sticky":false,"template":"","format":"standard","meta":{"_monsterinsights_skip_tracking":false,"_monsterinsights_sitenote_active":false,"_monsterinsights_sitenote_note":"","_monsterinsights_sitenote_category":0},"categories":[4328,11],"tags":[43502,7487,7417],"aioseo_notices":[],"_links":{"self":[{"href":"https:\/\/mspontocom.com.br\/site\/wp-json\/wp\/v2\/posts\/202853"}],"collection":[{"href":"https:\/\/mspontocom.com.br\/site\/wp-json\/wp\/v2\/posts"}],"about":[{"href":"https:\/\/mspontocom.com.br\/site\/wp-json\/wp\/v2\/types\/post"}],"author":[{"embeddable":true,"href":"https:\/\/mspontocom.com.br\/site\/wp-json\/wp\/v2\/users\/2"}],"replies":[{"embeddable":true,"href":"https:\/\/mspontocom.com.br\/site\/wp-json\/wp\/v2\/comments?post=202853"}],"version-history":[{"count":2,"href":"https:\/\/mspontocom.com.br\/site\/wp-json\/wp\/v2\/posts\/202853\/revisions"}],"predecessor-version":[{"id":202856,"href":"https:\/\/mspontocom.com.br\/site\/wp-json\/wp\/v2\/posts\/202853\/revisions\/202856"}],"wp:featuredmedia":[{"embeddable":true,"href":"https:\/\/mspontocom.com.br\/site\/wp-json\/wp\/v2\/media\/202855"}],"wp:attachment":[{"href":"https:\/\/mspontocom.com.br\/site\/wp-json\/wp\/v2\/media?parent=202853"}],"wp:term":[{"taxonomy":"category","embeddable":true,"href":"https:\/\/mspontocom.com.br\/site\/wp-json\/wp\/v2\/categories?post=202853"},{"taxonomy":"post_tag","embeddable":true,"href":"https:\/\/mspontocom.com.br\/site\/wp-json\/wp\/v2\/tags?post=202853"}],"curies":[{"name":"wp","href":"https:\/\/api.w.org\/{rel}","templated":true}]}}