{"id":202885,"date":"2025-09-04T04:10:04","date_gmt":"2025-09-04T08:10:04","guid":{"rendered":"https:\/\/mspontocom.com.br\/site\/?p=202885"},"modified":"2025-09-04T06:26:38","modified_gmt":"2025-09-04T10:26:38","slug":"roda-de-negocios-brasil-chile-reforca-papel-estrategico-de-campo-grande","status":"publish","type":"post","link":"https:\/\/mspontocom.com.br\/site\/roda-de-negocios-brasil-chile-reforca-papel-estrategico-de-campo-grande\/","title":{"rendered":"Roda de Neg\u00f3cios Brasil\u2013Chile refor\u00e7a papel estrat\u00e9gico de Campo Grande"},"content":{"rendered":"<p style=\"text-align: justify;\"><img loading=\"lazy\" class=\"alignnone size-full wp-image-202886\" src=\"http:\/\/mspontocom.com.br\/site\/wp-content\/uploads\/2025\/09\/site-roda-de-negocios-brasilchile-reforca-papel-estrategico-de-campo-grande-roda-de-negocios-brasil-chile-.jpeg\" alt=\"\" width=\"1536\" height=\"1021\" srcset=\"https:\/\/mspontocom.com.br\/site\/wp-content\/uploads\/2025\/09\/site-roda-de-negocios-brasilchile-reforca-papel-estrategico-de-campo-grande-roda-de-negocios-brasil-chile-.jpeg 1536w, https:\/\/mspontocom.com.br\/site\/wp-content\/uploads\/2025\/09\/site-roda-de-negocios-brasilchile-reforca-papel-estrategico-de-campo-grande-roda-de-negocios-brasil-chile--260x173.jpeg 260w, https:\/\/mspontocom.com.br\/site\/wp-content\/uploads\/2025\/09\/site-roda-de-negocios-brasilchile-reforca-papel-estrategico-de-campo-grande-roda-de-negocios-brasil-chile--1024x681.jpeg 1024w, https:\/\/mspontocom.com.br\/site\/wp-content\/uploads\/2025\/09\/site-roda-de-negocios-brasilchile-reforca-papel-estrategico-de-campo-grande-roda-de-negocios-brasil-chile--768x511.jpeg 768w\" sizes=\"(max-width: 1536px) 100vw, 1536px\" \/>No cora\u00e7\u00e3o da Rota Bioce\u00e2nica, Campo Grande se projeta como hub de neg\u00f3cios, tornando-se ponto de encontro entre empres\u00e1rios e autoridades dos pa\u00edses envolvidos.<\/p>\n<p style=\"text-align: justify;\">Nesta quarta-feira (3), teve in\u00edcio a Roda de Neg\u00f3cios Brasil-Chile, na sede da Federa\u00e7\u00e3o das Ind\u00fastrias de Mato Grosso do Sul (Fiems), com foco na coopera\u00e7\u00e3o bilateral, ampliar parcerias empresariais e gerar desenvolvimento econ\u00f4mico na Capital e no Estado.<\/p>\n<p style=\"text-align: justify;\">O painel destacou estrat\u00e9gias para ampliar a competitividade dos neg\u00f3cios locais, fortalecer cadeias produtivas e adotar solu\u00e7\u00f5es sustent\u00e1veis.<\/p>\n<p style=\"text-align: justify;\">Al\u00e9m disso, projetos estrat\u00e9gicos para a Rota Bioce\u00e2nica.<\/p>\n<p style=\"text-align: justify;\">Durante a abertura, a prefeita Adriane Lopes refor\u00e7ou que a constru\u00e7\u00e3o conjunta com o Chile tem sido muito positiva para o desenvolvimento econ\u00f4mico de Campo Grande e de Mato Grosso do Sul. Ela lembrou que a parceria entre os governos federal, estadual e municipal \u00e9 fundamental para concretizar o sonho da Rota e ressaltou o papel central da municipalidade.<\/p>\n<blockquote><p><em>\u201cA Rota Bioce\u00e2nica \u00e9 um desafio gigantesco. Se n\u00f3s n\u00e3o trabalharmos juntos \u2014 governo federal, estadual e municipal \u2014 ela n\u00e3o acontece. Isso far\u00e1 toda a diferen\u00e7a na regi\u00e3o central do Brasil, porque acredito muito no nosso Estado e ainda mais na nossa Capital, que se tornar\u00e1 um hub log\u00edstico, levando avan\u00e7os e integra\u00e7\u00e3o para nossas cidades. N\u00e3o seremos um obst\u00e1culo ao crescimento, mas sim uma ponte para o futuro.\u201d<\/em><\/p><\/blockquote>\n<p style=\"text-align: justify;\">Na sequ\u00eancia, Adriane destacou o compromisso da Prefeitura em continuar desenvolvendo a\u00e7\u00f5es para dar efetividade ao processo, com foco em capacita\u00e7\u00e3o gratuita da m\u00e3o de obra e na desburocratiza\u00e7\u00e3o para destravar processos e incentivar empresas.<\/p>\n<blockquote><p><em>\u201cNa municipalidade, vamos desenvolver a\u00e7\u00f5es concretas para tornar essa rota uma realidade para nossas cidades, para nosso Estado e para os pa\u00edses envolvidos. Temos convic\u00e7\u00e3o de que este grande projeto ter\u00e1 impacto direto no crescimento de Campo Grande e de toda a regi\u00e3o.\u201d<\/em><\/p><\/blockquote>\n<p style=\"text-align: justify;\">Entre as a\u00e7\u00f5es j\u00e1 em andamento, destacam-se a inser\u00e7\u00e3o da Capital na Rota Bioce\u00e2nica, medidas de desburocratiza\u00e7\u00e3o para abertura de novas empresas, rapidez na emiss\u00e3o de licen\u00e7as ambientais e habite-se, al\u00e9m de programas de qualifica\u00e7\u00e3o gratuita que j\u00e1 certificaram mais de 10 mil pessoas.<\/p>\n<p style=\"text-align: justify;\">Campo Grande tamb\u00e9m preside o Comit\u00ea Gestor de Munic\u00edpios da Rota Bioce\u00e2nica, fortalecendo rela\u00e7\u00f5es t\u00e9cnicas, econ\u00f4micas, culturais, tur\u00edsticas e acad\u00eamicas no \u00e2mbito da governan\u00e7a.<\/p>\n<p style=\"text-align: justify;\"><span style=\"font-size: 14pt;\"><strong>Coopera\u00e7\u00e3o e integra\u00e7\u00e3o regional<\/strong><\/span><\/p>\n<p style=\"text-align: justify;\">Os representantes chilenos refor\u00e7aram a import\u00e2ncia da coopera\u00e7\u00e3o bilateral e do papel estrat\u00e9gico das pequenas empresas para economias mais sustent\u00e1veis.<\/p>\n<p style=\"text-align: justify;\">O governador de Tarapac\u00e1, Jos\u00e9 Miguel Carvajal, citou a oportunidade de estreitar la\u00e7os com o com\u00e9rcio internacional.<\/p>\n<blockquote><p><em>\u201cEncontramos um aliado estrat\u00e9gico para a Rota que liga ao Chile aqui em Campo Grande e Mato Grosso do Sul. Nosso escrit\u00f3rio tem 2 anos e seguimos avan\u00e7ando em nossas parcerias comerciais. A delega\u00e7\u00e3o do Corredor Bioce\u00e2nico assumiu esse compromisso de aumentar a competitividade entre os pa\u00edses.\u201d<\/em><\/p><\/blockquote>\n<p style=\"text-align: justify;\">Segundo ele, a rodada de neg\u00f3cios fortalece o tr\u00e2nsito comercial e integra tamb\u00e9m culturas, respeito e cordialidade.<\/p>\n<p style=\"text-align: justify;\"><span style=\"font-size: 14pt;\"><strong>Com\u00e9rcio e turismo entre Brasil e Chile<\/strong><\/span><\/p>\n<p style=\"text-align: justify;\">A embaixadora e diretora do Departamento de Integra\u00e7\u00e3o Regional do Itamaraty, Daniela Benjamin, apresentou dados sobre a rela\u00e7\u00e3o bilateral.<\/p>\n<p style=\"text-align: justify;\">Segundo ela, em 2024 mais de 20% da pauta comercial foi composta por produtos do agroneg\u00f3cio, como carnes, pescado e vinhos.<\/p>\n<p style=\"text-align: justify;\">O Brasil aparece entre os principais importadores de vinhos chilenos no mundo, movimentando mais de US$ 200 milh\u00f5es no ano passado, n\u00famero em forte expans\u00e3o.<\/p>\n<p style=\"text-align: justify;\">No setor do turismo, em 2024 mais de 780 mil brasileiros visitaram o Chile e mais de 650 mil chilenos estiveram no Brasil, tornando o Chile o maior emissor de turistas ao pa\u00eds, superando os Estados Unidos.<\/p>\n<p style=\"text-align: justify;\">Esse avan\u00e7o est\u00e1 ligado \u00e0 melhoria da conectividade a\u00e9rea, com novos voos entre Santiago e capitais brasileiras, al\u00e9m de iniciativas como o uso do PIX por turistas brasileiros no Chile, o que tem facilitado a vida de viajantes.<\/p>\n<blockquote><p><em>\u201cEstamos confiantes de que a concretiza\u00e7\u00e3o da Rota Bioce\u00e2nica contribuir\u00e1 para ampliar ainda mais n\u00e3o apenas a intera\u00e7\u00e3o, mas tamb\u00e9m a confian\u00e7a m\u00fatua no com\u00e9rcio dos nossos produtos\u201d, finalizou Daniela.<\/em><\/p><\/blockquote>\n<p style=\"text-align: justify;\">\n<p style=\"text-align: justify;\">\n<p style=\"text-align: justify;\">foto: Roberto Ajala<\/p>\n","protected":false},"excerpt":{"rendered":"<p>No cora\u00e7\u00e3o da Rota Bioce\u00e2nica, Campo Grande se projeta como hub de neg\u00f3cios, tornando-se ponto de encontro entre empres\u00e1rios e autoridades dos pa\u00edses envolvidos. Nesta quarta-feira (3), teve in\u00edcio a Roda de Neg\u00f3cios Brasil-Chile, na sede da Federa\u00e7\u00e3o das Ind\u00fastrias de Mato Grosso do Sul (Fiems), com foco na coopera\u00e7\u00e3o bilateral, ampliar parcerias empresariais e [&hellip;]<\/p>\n","protected":false},"author":2,"featured_media":202886,"comment_status":"open","ping_status":"open","sticky":false,"template":"","format":"standard","meta":{"_monsterinsights_skip_tracking":false,"_monsterinsights_sitenote_active":false,"_monsterinsights_sitenote_note":"","_monsterinsights_sitenote_category":0},"categories":[4328],"tags":[43509,123,29799],"aioseo_notices":[],"_links":{"self":[{"href":"https:\/\/mspontocom.com.br\/site\/wp-json\/wp\/v2\/posts\/202885"}],"collection":[{"href":"https:\/\/mspontocom.com.br\/site\/wp-json\/wp\/v2\/posts"}],"about":[{"href":"https:\/\/mspontocom.com.br\/site\/wp-json\/wp\/v2\/types\/post"}],"author":[{"embeddable":true,"href":"https:\/\/mspontocom.com.br\/site\/wp-json\/wp\/v2\/users\/2"}],"replies":[{"embeddable":true,"href":"https:\/\/mspontocom.com.br\/site\/wp-json\/wp\/v2\/comments?post=202885"}],"version-history":[{"count":1,"href":"https:\/\/mspontocom.com.br\/site\/wp-json\/wp\/v2\/posts\/202885\/revisions"}],"predecessor-version":[{"id":202887,"href":"https:\/\/mspontocom.com.br\/site\/wp-json\/wp\/v2\/posts\/202885\/revisions\/202887"}],"wp:featuredmedia":[{"embeddable":true,"href":"https:\/\/mspontocom.com.br\/site\/wp-json\/wp\/v2\/media\/202886"}],"wp:attachment":[{"href":"https:\/\/mspontocom.com.br\/site\/wp-json\/wp\/v2\/media?parent=202885"}],"wp:term":[{"taxonomy":"category","embeddable":true,"href":"https:\/\/mspontocom.com.br\/site\/wp-json\/wp\/v2\/categories?post=202885"},{"taxonomy":"post_tag","embeddable":true,"href":"https:\/\/mspontocom.com.br\/site\/wp-json\/wp\/v2\/tags?post=202885"}],"curies":[{"name":"wp","href":"https:\/\/api.w.org\/{rel}","templated":true}]}}