{"id":202913,"date":"2025-09-05T04:11:08","date_gmt":"2025-09-05T08:11:08","guid":{"rendered":"https:\/\/mspontocom.com.br\/site\/?p=202913"},"modified":"2025-09-05T06:56:26","modified_gmt":"2025-09-05T10:56:26","slug":"eclipse-lunar-de-07-de-setembro-tera-transmissao-ao-vivo","status":"publish","type":"post","link":"https:\/\/mspontocom.com.br\/site\/eclipse-lunar-de-07-de-setembro-tera-transmissao-ao-vivo\/","title":{"rendered":"Eclipse lunar de 07 de setembro ter\u00e1 transmiss\u00e3o ao vivo"},"content":{"rendered":"<p style=\"text-align: justify;\"><img loading=\"lazy\" class=\"alignnone size-full wp-image-202923\" src=\"http:\/\/mspontocom.com.br\/site\/wp-content\/uploads\/2025\/09\/site-eclipse-lunar-de-07-de-setembro-tera-transmissao-ao-vivo-eclipse.webp\" alt=\"\" width=\"1024\" height=\"721\" srcset=\"https:\/\/mspontocom.com.br\/site\/wp-content\/uploads\/2025\/09\/site-eclipse-lunar-de-07-de-setembro-tera-transmissao-ao-vivo-eclipse.webp 1024w, https:\/\/mspontocom.com.br\/site\/wp-content\/uploads\/2025\/09\/site-eclipse-lunar-de-07-de-setembro-tera-transmissao-ao-vivo-eclipse-260x183.webp 260w, https:\/\/mspontocom.com.br\/site\/wp-content\/uploads\/2025\/09\/site-eclipse-lunar-de-07-de-setembro-tera-transmissao-ao-vivo-eclipse-768x541.webp 768w\" sizes=\"(max-width: 1024px) 100vw, 1024px\" \/>No dia 7 de setembro de 2025 acontecer\u00e1 um eclipse lunar total, <strong>mas, infelizmente, o \u00e1pice do fen\u00f4meno n\u00e3o poder\u00e1 ser observado no Brasil. <\/strong><\/p>\n<p style=\"text-align: justify;\">A maior parte do pa\u00eds perder\u00e1 o momento da totalidade, restando apenas uma breve chance de observa\u00e7\u00e3o para os moradores do extremo leste brasileiro.<\/p>\n<p style=\"text-align: justify;\">Para que todos os brasileiros possam apreciar esse raro espet\u00e1culo, a Ur\u00e2nia Planet\u00e1rio transmitir\u00e1 imagens ao vivo diretamente da \u00c1sia e da Austr\u00e1lia, onde o eclipse ser\u00e1 observado em sua totalidade.<\/p>\n<p style=\"text-align: justify;\">A transmiss\u00e3o reunir\u00e1 registros de observat\u00f3rios profissionais e de astr\u00f4nomos amadores dessas regi\u00f5es.<\/p>\n<p style=\"text-align: justify;\">A live ter\u00e1 in\u00edcio \u00e0s 13h30 no canal do YouTube da Ur\u00e2nia Planet\u00e1rio (assista aqui:\u00a0<a href=\"https:\/\/youtube.com\/live\/wkbOWIOQAKI\" target=\"_blank\" rel=\"noopener\" data-saferedirecturl=\"https:\/\/www.google.com\/url?q=https:\/\/youtube.com\/live\/wkbOWIOQAKI&amp;source=gmail&amp;ust=1757152725539000&amp;usg=AOvVaw0CD45s1FzrFhPg6yukaAn7\">https:\/\/youtube.com\/live\/<wbr \/>wkbOWIOQAKI<\/a>\u00a0) e contar\u00e1 com coment\u00e1rios do Prof. Dr. Marcos Calil.<\/p>\n<p style=\"text-align: justify;\">Al\u00e9m do eclipse, haver\u00e1 uma observa\u00e7\u00e3o solar em tempo real utilizando o telesc\u00f3pio Lunt 50mm Double Stack do Ur\u00e2nia Observat\u00f3rio.<\/p>\n","protected":false},"excerpt":{"rendered":"<p>No dia 7 de setembro de 2025 acontecer\u00e1 um eclipse lunar total, mas, infelizmente, o \u00e1pice do fen\u00f4meno n\u00e3o poder\u00e1 ser observado no Brasil. A maior parte do pa\u00eds perder\u00e1 o momento da totalidade, restando apenas uma breve chance de observa\u00e7\u00e3o para os moradores do extremo leste brasileiro. Para que todos os brasileiros possam apreciar [&hellip;]<\/p>\n","protected":false},"author":2,"featured_media":202923,"comment_status":"open","ping_status":"open","sticky":false,"template":"","format":"standard","meta":{"_monsterinsights_skip_tracking":false,"_monsterinsights_sitenote_active":false,"_monsterinsights_sitenote_note":"","_monsterinsights_sitenote_category":0},"categories":[7752],"tags":[6881,22020,23444,38169],"aioseo_notices":[],"_links":{"self":[{"href":"https:\/\/mspontocom.com.br\/site\/wp-json\/wp\/v2\/posts\/202913"}],"collection":[{"href":"https:\/\/mspontocom.com.br\/site\/wp-json\/wp\/v2\/posts"}],"about":[{"href":"https:\/\/mspontocom.com.br\/site\/wp-json\/wp\/v2\/types\/post"}],"author":[{"embeddable":true,"href":"https:\/\/mspontocom.com.br\/site\/wp-json\/wp\/v2\/users\/2"}],"replies":[{"embeddable":true,"href":"https:\/\/mspontocom.com.br\/site\/wp-json\/wp\/v2\/comments?post=202913"}],"version-history":[{"count":2,"href":"https:\/\/mspontocom.com.br\/site\/wp-json\/wp\/v2\/posts\/202913\/revisions"}],"predecessor-version":[{"id":202924,"href":"https:\/\/mspontocom.com.br\/site\/wp-json\/wp\/v2\/posts\/202913\/revisions\/202924"}],"wp:featuredmedia":[{"embeddable":true,"href":"https:\/\/mspontocom.com.br\/site\/wp-json\/wp\/v2\/media\/202923"}],"wp:attachment":[{"href":"https:\/\/mspontocom.com.br\/site\/wp-json\/wp\/v2\/media?parent=202913"}],"wp:term":[{"taxonomy":"category","embeddable":true,"href":"https:\/\/mspontocom.com.br\/site\/wp-json\/wp\/v2\/categories?post=202913"},{"taxonomy":"post_tag","embeddable":true,"href":"https:\/\/mspontocom.com.br\/site\/wp-json\/wp\/v2\/tags?post=202913"}],"curies":[{"name":"wp","href":"https:\/\/api.w.org\/{rel}","templated":true}]}}