{"id":202955,"date":"2025-09-07T07:52:39","date_gmt":"2025-09-07T11:52:39","guid":{"rendered":"https:\/\/mspontocom.com.br\/site\/?p=202955"},"modified":"2025-09-07T07:52:39","modified_gmt":"2025-09-07T11:52:39","slug":"papa-leao-14-canoniza-jovem-que-realizou-milagre-em-campo-grande","status":"publish","type":"post","link":"https:\/\/mspontocom.com.br\/site\/papa-leao-14-canoniza-jovem-que-realizou-milagre-em-campo-grande\/","title":{"rendered":"Papa Le\u00e3o 14 canoniza jovem que realizou milagre em Campo Grande"},"content":{"rendered":"<p><strong><img loading=\"lazy\" class=\"alignnone size-full wp-image-202966\" src=\"http:\/\/mspontocom.com.br\/site\/wp-content\/uploads\/2025\/09\/site-papa-leao-14-canoniza-jovem-nascido-em-campo-grande-carlo.jpeg\" alt=\"\" width=\"750\" height=\"422\" srcset=\"https:\/\/mspontocom.com.br\/site\/wp-content\/uploads\/2025\/09\/site-papa-leao-14-canoniza-jovem-nascido-em-campo-grande-carlo.jpeg 750w, https:\/\/mspontocom.com.br\/site\/wp-content\/uploads\/2025\/09\/site-papa-leao-14-canoniza-jovem-nascido-em-campo-grande-carlo-260x146.jpeg 260w\" sizes=\"(max-width: 750px) 100vw, 750px\" \/>Carlo Acutis<\/strong> foi canonizado hoje no Vaticano pelo papa Le\u00e3o 14.<\/p>\n<p>Dois milagres realizados pelo italiano s\u00e3o reconhecidos pela Igreja e um deles aconteceu no Brasil.<\/p>\n<p>Acutis \u00e9 considerado o &#8220;primeiro santo millennial&#8221; porque nasceu nos anos 1990.<\/p>\n<p><span style=\"font-size: 18pt;\"><strong>O que aconteceu<\/strong><\/span><\/p>\n<p>Acutis teria curado um menino de <strong>Campo Grande<\/strong>.<\/p>\n<p>Matheus Vianna tinha 2 anos quando foi diagnosticado com p\u00e2ncreas anular, uma rara doen\u00e7a cong\u00eanita.<\/p>\n<p>Um dos principais sintomas da condi\u00e7\u00e3o eram os v\u00f4mitos repetidos.<\/p>\n<p>Quadro de obstru\u00e7\u00e3o digestiva poderia ser revertido apenas com cirurgia, que n\u00e3o foi realizada.<\/p>\n<p>A av\u00f3 explicou ao UOL, no ano passado, que Matheus estava &#8220;muito magro e fraco&#8221; e o procedimento poderia ser arriscado.<\/p>\n<p>&#8220;Cheguei a chorar para a doutora e dizia que ia perder o menino&#8221;, disse<\/p>\n<p>Fam\u00edlia de Matheus diz que ele foi curado ap\u00f3s tocar em uma pe\u00e7a de roupa que teria o sangue de Carlo Acutis.<\/p>\n<p>Em 2013, o padre Marcelo Ten\u00f3rio, da par\u00f3quia S\u00e3o Sebasti\u00e3o, trouxe da It\u00e1lia para Campo Grande um peda\u00e7o de uma camiseta que supostamente pertenceu ao futuro santo.<\/p>\n<p>L\u00edder religioso pediu para que os fi\u00e9is fizessem um pedido de milagre durante a missa.<\/p>\n<p>Segundo o relato da fam\u00edlia, na ocasi\u00e3o, Matheus perguntou ao av\u00f4 o que era um &#8220;milagre&#8221;.<\/p>\n<p>&#8220;\u00c9 quando voc\u00ea deseja muito uma coisa do fundo do seu cora\u00e7\u00e3o e ela se realiza&#8221;, teria respondido \u00e0 crian\u00e7a<\/p>\n<p>O menino estendeu os bra\u00e7os para tocar na pe\u00e7a e pediu para &#8220;parar de vomitar&#8221;.<\/p>\n<p>Ap\u00f3s o epis\u00f3dio, a av\u00f3 ficou impressionada com a mudan\u00e7a da crian\u00e7a e resolveu refazer os exames, que n\u00e3o mostraram mais a les\u00e3o.<\/p>\n<p>Hoje com 15 anos, Matheus vive com a fam\u00edlia em Goi\u00e1s e guarda um quadro de Acutis com ele.<\/p>\n<p>Milagre n\u00e3o \u00e9 \u00fanica liga\u00e7\u00e3o de Carlo Acutis com o Brasil.<\/p>\n<p>O adolescente morreu aos 15 anos, v\u00edtima de leucemia, na cidade italiana de Monza, no dia 12 de outubro.<\/p>\n<p>Na data, \u00e9 celebrado pelos cat\u00f3licos o dia de Nossa Senhora Aparecida, padroeira do Brasil.<\/p>\n<p><span style=\"font-size: 14pt;\"><strong>E o outro milagre?<\/strong><\/span><\/p>\n<p>Segundo milagre atribu\u00eddo a Acutis foi a cura de uma mulher chamada Valeria Valverde.<\/p>\n<p>A costa-riquenha de 21 anos entrou em coma ap\u00f3s um acidente de bicicleta em Floren\u00e7a, na It\u00e1lia, no qual ela bateu a cabe\u00e7a gravemente.<\/p>\n<p>M\u00e3e de Val\u00e9ria fez uma peregrina\u00e7\u00e3o a Assis, na It\u00e1lia, para rezar pela cura da filha no t\u00famulo de Acutis.<\/p>\n<p>Ela deixou um bilhete escrito e, no mesmo dia, Val\u00e9ria come\u00e7ou a respirar sozinha.<\/p>\n<p>No dia seguinte, recuperou o movimento dos membros superiores e parcialmente a fala.<\/p>\n<p>fonte:UOL<\/p>\n<p>Imagem: Guglielmo Mangiapane\/Reuters<\/p>\n","protected":false},"excerpt":{"rendered":"<p>Carlo Acutis foi canonizado hoje no Vaticano pelo papa Le\u00e3o 14. Dois milagres realizados pelo italiano s\u00e3o reconhecidos pela Igreja e um deles aconteceu no Brasil. Acutis \u00e9 considerado o &#8220;primeiro santo millennial&#8221; porque nasceu nos anos 1990. O que aconteceu Acutis teria curado um menino de Campo Grande. Matheus Vianna tinha 2 anos quando [&hellip;]<\/p>\n","protected":false},"author":2,"featured_media":202966,"comment_status":"open","ping_status":"open","sticky":false,"template":"","format":"standard","meta":{"_monsterinsights_skip_tracking":false,"_monsterinsights_sitenote_active":false,"_monsterinsights_sitenote_note":"","_monsterinsights_sitenote_category":0},"categories":[4328],"tags":[123,43521,4513,43520,4294,1821],"aioseo_notices":[],"_links":{"self":[{"href":"https:\/\/mspontocom.com.br\/site\/wp-json\/wp\/v2\/posts\/202955"}],"collection":[{"href":"https:\/\/mspontocom.com.br\/site\/wp-json\/wp\/v2\/posts"}],"about":[{"href":"https:\/\/mspontocom.com.br\/site\/wp-json\/wp\/v2\/types\/post"}],"author":[{"embeddable":true,"href":"https:\/\/mspontocom.com.br\/site\/wp-json\/wp\/v2\/users\/2"}],"replies":[{"embeddable":true,"href":"https:\/\/mspontocom.com.br\/site\/wp-json\/wp\/v2\/comments?post=202955"}],"version-history":[{"count":2,"href":"https:\/\/mspontocom.com.br\/site\/wp-json\/wp\/v2\/posts\/202955\/revisions"}],"predecessor-version":[{"id":202967,"href":"https:\/\/mspontocom.com.br\/site\/wp-json\/wp\/v2\/posts\/202955\/revisions\/202967"}],"wp:featuredmedia":[{"embeddable":true,"href":"https:\/\/mspontocom.com.br\/site\/wp-json\/wp\/v2\/media\/202966"}],"wp:attachment":[{"href":"https:\/\/mspontocom.com.br\/site\/wp-json\/wp\/v2\/media?parent=202955"}],"wp:term":[{"taxonomy":"category","embeddable":true,"href":"https:\/\/mspontocom.com.br\/site\/wp-json\/wp\/v2\/categories?post=202955"},{"taxonomy":"post_tag","embeddable":true,"href":"https:\/\/mspontocom.com.br\/site\/wp-json\/wp\/v2\/tags?post=202955"}],"curies":[{"name":"wp","href":"https:\/\/api.w.org\/{rel}","templated":true}]}}