{"id":202996,"date":"2025-09-08T04:00:52","date_gmt":"2025-09-08T08:00:52","guid":{"rendered":"https:\/\/mspontocom.com.br\/site\/?p=202996"},"modified":"2025-09-08T07:30:35","modified_gmt":"2025-09-08T11:30:35","slug":"economia-campo-grande-lidera-competitividade-no-centro-oeste-e-avanca-no-cenario-nacional","status":"publish","type":"post","link":"https:\/\/mspontocom.com.br\/site\/economia-campo-grande-lidera-competitividade-no-centro-oeste-e-avanca-no-cenario-nacional\/","title":{"rendered":"ECONOMIA: Campo Grande lidera competitividade no Centro-Oeste e avan\u00e7a no cen\u00e1rio nacional"},"content":{"rendered":"<p style=\"text-align: justify;\"><img loading=\"lazy\" class=\"alignnone size-full wp-image-202999\" src=\"http:\/\/mspontocom.com.br\/site\/wp-content\/uploads\/2025\/09\/site-economia-campo-grande-lidera-competitividade-no-centro-oeste-e-avanca-no-cenario-nacional-campo-grande.jpeg\" alt=\"\" width=\"1280\" height=\"852\" srcset=\"https:\/\/mspontocom.com.br\/site\/wp-content\/uploads\/2025\/09\/site-economia-campo-grande-lidera-competitividade-no-centro-oeste-e-avanca-no-cenario-nacional-campo-grande.jpeg 1280w, https:\/\/mspontocom.com.br\/site\/wp-content\/uploads\/2025\/09\/site-economia-campo-grande-lidera-competitividade-no-centro-oeste-e-avanca-no-cenario-nacional-campo-grande-260x173.jpeg 260w, https:\/\/mspontocom.com.br\/site\/wp-content\/uploads\/2025\/09\/site-economia-campo-grande-lidera-competitividade-no-centro-oeste-e-avanca-no-cenario-nacional-campo-grande-1024x682.jpeg 1024w, https:\/\/mspontocom.com.br\/site\/wp-content\/uploads\/2025\/09\/site-economia-campo-grande-lidera-competitividade-no-centro-oeste-e-avanca-no-cenario-nacional-campo-grande-768x511.jpeg 768w\" sizes=\"(max-width: 1280px) 100vw, 1280px\" \/>Campo Grande manteve em 2025 a 1\u00aa coloca\u00e7\u00e3o no Ranking de Competitividade dos Munic\u00edpios do Centro-Oeste, elaborado pelo Centro de Lideran\u00e7a P\u00fablica (CLP), superando Cuiab\u00e1 e Goi\u00e2nia ao consolidar-se como a mais competitiva da regi\u00e3o.<\/p>\n<p style=\"text-align: justify;\">No cen\u00e1rio geral nacional, o crescimento foi de 15 pontos, saindo da 86\u00aa para a 71\u00aa coloca\u00e7\u00e3o no pa\u00eds, mantendo ainda a primeira posi\u00e7\u00e3o no Estado de Mato Grosso do Sul.<\/p>\n<p style=\"text-align: justify;\">No indicador de Inova\u00e7\u00e3o e Dinamismo Econ\u00f4mico, a capital avan\u00e7ou 45 posi\u00e7\u00f5es, alcan\u00e7ando o 33\u00ba lugar.<\/p>\n<p style=\"text-align: justify;\">Para a prefeita Adriane Lopes (PP), o resultado \u00e9 fruto de uma gest\u00e3o focada em modernizar a cidade e criar um ambiente competitivo para atrair investimentos:<\/p>\n<blockquote><p><em>\u201cEsse reconhecimento mostra que Campo Grande est\u00e1 no caminho certo. Estamos fazendo o certo e investindo em pol\u00edticas que desburocratizam, atraem empresas, geram empregos e fortalecem nosso capital humano. Nosso compromisso \u00e9 transformar esse avan\u00e7o em oportunidades reais para a popula\u00e7\u00e3o.\u201d<\/em><\/p><\/blockquote>\n<p style=\"text-align: justify;\">Campo Grande tem se consolidado como um polo de desenvolvimento, com crescimento populacional, atra\u00e7\u00e3o de investimentos e um ambiente favor\u00e1vel aos neg\u00f3cios.<\/p>\n<p style=\"text-align: justify;\">Esse dinamismo gera oportunidades relevantes em diferentes \u00e1reas.<\/p>\n<p style=\"text-align: justify;\">Al\u00e9m disso, a Rota Bioce\u00e2nica representa um diferencial estrat\u00e9gico, pois ao viabilizar a liga\u00e7\u00e3o direta com o Chile, abrir\u00e1 um novo caminho para agilizar e baratear exporta\u00e7\u00f5es rumo \u00e0 \u00c1sia.<\/p>\n<p style=\"text-align: justify;\">O desempenho de Campo Grande se destaca tamb\u00e9m nos pilares de Funcionamento da M\u00e1quina P\u00fablica, em 13\u00ba lugar, e de Inser\u00e7\u00e3o Econ\u00f4mica, com avan\u00e7o de 41 posi\u00e7\u00f5es no ranking.<\/p>\n<p style=\"text-align: justify;\">Esse ambiente favor\u00e1vel se traduz diretamente no mercado de trabalho: a capital liderou em julho de 2025 com +583 vagas formais, mantendo seis meses consecutivos de saldos positivos.<\/p>\n<p style=\"text-align: justify;\">Hoje, j\u00e1 s\u00e3o cerca de 255 mil v\u00ednculos ativos, o que representa um quarto de todos os empregos formais de Mato Grosso do Sul, que soma quase 700 mil v\u00ednculos (Caged).<\/p>\n<p style=\"text-align: justify;\">O dinamismo local, aliado ao \u00edndice hist\u00f3rico de 2,9% de desocupa\u00e7\u00e3o no segundo trimestre de 2025 \u2013 o menor desde 2012 e um dos quatro mais baixos do pa\u00eds, segundo a Pnad Cont\u00ednua\/IBGE \u2013 evidencia um mercado de trabalho aquecido e diversificado.<\/p>\n<p style=\"text-align: justify;\">O pleno emprego, por sua vez, fortalece o consumo, atrai investimentos e estimula o empreendedorismo, sustentando o papel de Campo Grande como motor econ\u00f4mico da regi\u00e3o.<\/p>\n","protected":false},"excerpt":{"rendered":"<p>Campo Grande manteve em 2025 a 1\u00aa coloca\u00e7\u00e3o no Ranking de Competitividade dos Munic\u00edpios do Centro-Oeste, elaborado pelo Centro de Lideran\u00e7a P\u00fablica (CLP), superando Cuiab\u00e1 e Goi\u00e2nia ao consolidar-se como a mais competitiva da regi\u00e3o. No cen\u00e1rio geral nacional, o crescimento foi de 15 pontos, saindo da 86\u00aa para a 71\u00aa coloca\u00e7\u00e3o no pa\u00eds, mantendo [&hellip;]<\/p>\n","protected":false},"author":2,"featured_media":202999,"comment_status":"open","ping_status":"open","sticky":false,"template":"","format":"standard","meta":{"_monsterinsights_skip_tracking":false,"_monsterinsights_sitenote_active":false,"_monsterinsights_sitenote_note":"","_monsterinsights_sitenote_category":0},"categories":[4328],"tags":[123,43528,147],"aioseo_notices":[],"_links":{"self":[{"href":"https:\/\/mspontocom.com.br\/site\/wp-json\/wp\/v2\/posts\/202996"}],"collection":[{"href":"https:\/\/mspontocom.com.br\/site\/wp-json\/wp\/v2\/posts"}],"about":[{"href":"https:\/\/mspontocom.com.br\/site\/wp-json\/wp\/v2\/types\/post"}],"author":[{"embeddable":true,"href":"https:\/\/mspontocom.com.br\/site\/wp-json\/wp\/v2\/users\/2"}],"replies":[{"embeddable":true,"href":"https:\/\/mspontocom.com.br\/site\/wp-json\/wp\/v2\/comments?post=202996"}],"version-history":[{"count":2,"href":"https:\/\/mspontocom.com.br\/site\/wp-json\/wp\/v2\/posts\/202996\/revisions"}],"predecessor-version":[{"id":203000,"href":"https:\/\/mspontocom.com.br\/site\/wp-json\/wp\/v2\/posts\/202996\/revisions\/203000"}],"wp:featuredmedia":[{"embeddable":true,"href":"https:\/\/mspontocom.com.br\/site\/wp-json\/wp\/v2\/media\/202999"}],"wp:attachment":[{"href":"https:\/\/mspontocom.com.br\/site\/wp-json\/wp\/v2\/media?parent=202996"}],"wp:term":[{"taxonomy":"category","embeddable":true,"href":"https:\/\/mspontocom.com.br\/site\/wp-json\/wp\/v2\/categories?post=202996"},{"taxonomy":"post_tag","embeddable":true,"href":"https:\/\/mspontocom.com.br\/site\/wp-json\/wp\/v2\/tags?post=202996"}],"curies":[{"name":"wp","href":"https:\/\/api.w.org\/{rel}","templated":true}]}}