{"id":203100,"date":"2025-09-12T06:08:43","date_gmt":"2025-09-12T10:08:43","guid":{"rendered":"https:\/\/mspontocom.com.br\/site\/?p=203100"},"modified":"2025-09-12T06:08:43","modified_gmt":"2025-09-12T10:08:43","slug":"eua-diz-que-reagirao-fortemente-a-caca-as-bruxas-do-stf","status":"publish","type":"post","link":"https:\/\/mspontocom.com.br\/site\/eua-diz-que-reagirao-fortemente-a-caca-as-bruxas-do-stf\/","title":{"rendered":"EUA diz que reagir\u00e3o fortemente a ca\u00e7a \u00e0s bruxas do STF"},"content":{"rendered":"<p style=\"text-align: justify;\"><img loading=\"lazy\" class=\"alignnone size-full wp-image-203107\" src=\"http:\/\/mspontocom.com.br\/site\/wp-content\/uploads\/2025\/09\/site-eua-diz-que-reagirao-fortemente-a-caca-as-bruxas-do-stf-aletrump1.webp\" alt=\"\" width=\"712\" height=\"370\" srcset=\"https:\/\/mspontocom.com.br\/site\/wp-content\/uploads\/2025\/09\/site-eua-diz-que-reagirao-fortemente-a-caca-as-bruxas-do-stf-aletrump1.webp 712w, https:\/\/mspontocom.com.br\/site\/wp-content\/uploads\/2025\/09\/site-eua-diz-que-reagirao-fortemente-a-caca-as-bruxas-do-stf-aletrump1-260x135.webp 260w\" sizes=\"(max-width: 712px) 100vw, 712px\" \/>O secret\u00e1rio de Estado do governo de <strong>Donald Trump<\/strong> respondeu rapidamente \u00e0 not\u00e9icia de que, como estava previstos antes mesmo de se iniciar, o julgamento do STF que resultou na condena\u00e7\u00e3o do ex-presidente <strong>Jair Bolsonaro<\/strong> e demais acusados.<\/p>\n<blockquote><p><span style=\"font-size: 14pt;\"><em>\u201cAs persegui\u00e7\u00f5es pol\u00edticas do violador de direitos humanos Alexandre de Moraes continua. j\u00e1 que ele e outros membros do\u00a0 STF decidiram injustamente pela pris\u00e3o do ex-presidente Jair Bolsonaro\u201d, diz o secret\u00e1rio de Estado.<\/em><\/span><\/p><\/blockquote>\n<p style=\"text-align: justify;\">E\u00a0 prometeu: <strong>\u201cOs Estados Unidos responder\u00e3o de forma adequada a essa ca\u00e7a \u00e0s bruxas\u201d.<\/strong><\/p>\n<p style=\"text-align: justify;\">A condena\u00e7\u00e3o de Bolsonaro e demais acusados foi decidida pela Primeira Turma do STF, e o placar de 4\u00d71 era esperado mesmo antes de iniciar o julgamento, em raz\u00e3o da predomin\u00e2ncia de ministros comprometifos de alguma forma com a senten\u00e7a.<\/p>\n<p style=\"text-align: justify;\">\n","protected":false},"excerpt":{"rendered":"<p>O secret\u00e1rio de Estado do governo de Donald Trump respondeu rapidamente \u00e0 not\u00e9icia de que, como estava previstos antes mesmo de se iniciar, o julgamento do STF que resultou na condena\u00e7\u00e3o do ex-presidente Jair Bolsonaro e demais acusados. \u201cAs persegui\u00e7\u00f5es pol\u00edticas do violador de direitos humanos Alexandre de Moraes continua. j\u00e1 que ele e outros [&hellip;]<\/p>\n","protected":false},"author":2,"featured_media":203107,"comment_status":"open","ping_status":"open","sticky":false,"template":"","format":"standard","meta":{"_monsterinsights_skip_tracking":false,"_monsterinsights_sitenote_active":false,"_monsterinsights_sitenote_note":"","_monsterinsights_sitenote_category":0},"categories":[30260,7,30259,12],"tags":[43552,1539,43551,3014],"aioseo_notices":[],"_links":{"self":[{"href":"https:\/\/mspontocom.com.br\/site\/wp-json\/wp\/v2\/posts\/203100"}],"collection":[{"href":"https:\/\/mspontocom.com.br\/site\/wp-json\/wp\/v2\/posts"}],"about":[{"href":"https:\/\/mspontocom.com.br\/site\/wp-json\/wp\/v2\/types\/post"}],"author":[{"embeddable":true,"href":"https:\/\/mspontocom.com.br\/site\/wp-json\/wp\/v2\/users\/2"}],"replies":[{"embeddable":true,"href":"https:\/\/mspontocom.com.br\/site\/wp-json\/wp\/v2\/comments?post=203100"}],"version-history":[{"count":2,"href":"https:\/\/mspontocom.com.br\/site\/wp-json\/wp\/v2\/posts\/203100\/revisions"}],"predecessor-version":[{"id":203108,"href":"https:\/\/mspontocom.com.br\/site\/wp-json\/wp\/v2\/posts\/203100\/revisions\/203108"}],"wp:featuredmedia":[{"embeddable":true,"href":"https:\/\/mspontocom.com.br\/site\/wp-json\/wp\/v2\/media\/203107"}],"wp:attachment":[{"href":"https:\/\/mspontocom.com.br\/site\/wp-json\/wp\/v2\/media?parent=203100"}],"wp:term":[{"taxonomy":"category","embeddable":true,"href":"https:\/\/mspontocom.com.br\/site\/wp-json\/wp\/v2\/categories?post=203100"},{"taxonomy":"post_tag","embeddable":true,"href":"https:\/\/mspontocom.com.br\/site\/wp-json\/wp\/v2\/tags?post=203100"}],"curies":[{"name":"wp","href":"https:\/\/api.w.org\/{rel}","templated":true}]}}