{"id":203115,"date":"2025-09-12T04:31:30","date_gmt":"2025-09-12T08:31:30","guid":{"rendered":"https:\/\/mspontocom.com.br\/site\/?p=203115"},"modified":"2025-09-12T08:17:46","modified_gmt":"2025-09-12T12:17:46","slug":"associacao-comercial-abre-inscricoes-para-capacitacao-ia-em-campo-grande","status":"publish","type":"post","link":"https:\/\/mspontocom.com.br\/site\/associacao-comercial-abre-inscricoes-para-capacitacao-ia-em-campo-grande\/","title":{"rendered":"Associa\u00e7\u00e3o Comercial abre inscri\u00e7\u00f5es para capacita\u00e7\u00e3o IA em Campo Grande"},"content":{"rendered":"<p style=\"text-align: justify;\"><img loading=\"lazy\" class=\"alignnone size-full wp-image-203128\" src=\"http:\/\/mspontocom.com.br\/site\/wp-content\/uploads\/2025\/09\/site-associacao-comercial-abre-inscricoes-para-capacitacao-ia-em-campo-grande-ai.png\" alt=\"\" width=\"1260\" height=\"720\" srcset=\"https:\/\/mspontocom.com.br\/site\/wp-content\/uploads\/2025\/09\/site-associacao-comercial-abre-inscricoes-para-capacitacao-ia-em-campo-grande-ai.png 1260w, https:\/\/mspontocom.com.br\/site\/wp-content\/uploads\/2025\/09\/site-associacao-comercial-abre-inscricoes-para-capacitacao-ia-em-campo-grande-ai-260x149.png 260w, https:\/\/mspontocom.com.br\/site\/wp-content\/uploads\/2025\/09\/site-associacao-comercial-abre-inscricoes-para-capacitacao-ia-em-campo-grande-ai-1024x585.png 1024w, https:\/\/mspontocom.com.br\/site\/wp-content\/uploads\/2025\/09\/site-associacao-comercial-abre-inscricoes-para-capacitacao-ia-em-campo-grande-ai-768x439.png 768w\" sizes=\"(max-width: 1260px) 100vw, 1260px\" \/>A Confedera\u00e7\u00e3o Nacional de Jovens Empres\u00e1rios (CONAJE), com o apoio da Associa\u00e7\u00e3o Comercial e Industrial de Campo Grande (ACICG) est\u00e1 oferecendo a Capacita\u00e7\u00e3o Nacional em Intelig\u00eancia Artificial.<\/p>\n<p style=\"text-align: justify;\">A iniciativa vai preparar empreendedores para utilizar as ferramentas de Intelig\u00eancia Artificial Generativa no dia a dia dos seus neg\u00f3cios.<\/p>\n<p style=\"text-align: justify;\">Com in\u00edcio em 15 de setembro, o programa ter\u00e1 quatro encontros online ao vivo, nos quais os participantes ir\u00e3o aprender de forma pr\u00e1tica e interativa como aplicar a IA em diferentes \u00e1reas empresariais \u2014 da cria\u00e7\u00e3o de produtos digitais a estrat\u00e9gias de marketing, gest\u00e3o e aumento de produtividade.<\/p>\n<p style=\"text-align: justify;\">A capacita\u00e7\u00e3o \u00e9 direcionada a jovens empres\u00e1rios, empreendedores e associados da ACICG interessados em inova\u00e7\u00e3o que desejam explorar, de forma pr\u00e1tica, como a IA pode transformar seus neg\u00f3cios.<\/p>\n<p style=\"text-align: justify;\"><strong>As inscri\u00e7\u00f5es seguem at\u00e9 sexta-feira (12 de setembro) e podem ser feitas pelo\u00a0<\/strong><a href=\"https:\/\/docs.google.com\/forms\/d\/e\/1FAIpQLSfCdM_9yqw-3agGrFISualSpVyAAUnAVQlwvtNy6sMNjNmpbw\/viewform\" target=\"_blank\" rel=\"noopener\" data-saferedirecturl=\"https:\/\/www.google.com\/url?q=https:\/\/docs.google.com\/forms\/d\/e\/1FAIpQLSfCdM_9yqw-3agGrFISualSpVyAAUnAVQlwvtNy6sMNjNmpbw\/viewform&amp;source=gmail&amp;ust=1757761353935000&amp;usg=AOvVaw18ESryrJgxSB46YQPYeMPv\">link<\/a>.<\/p>\n<p style=\"text-align: justify;\">A capacita\u00e7\u00e3o \u00e9 gratuita para associados da ACICG e oferece certificado de participa\u00e7\u00e3o.<\/p>\n<p style=\"text-align: justify;\">Para n\u00e3o associados, o investimento \u00e9 de R$ 300, garantindo acesso integral ao conte\u00fado e materiais exclusivos.<\/p>\n<p style=\"text-align: justify;\"><b>Servi\u00e7o<\/b><br \/>\n<b>Inscri\u00e7\u00f5es<\/b>: at\u00e9 12\/09 &#8211; sexta-feira<b><br \/>\nIn\u00edcio das aulas<\/b>: 15\/09\/2025<br \/>\n<b>P\u00fablico<\/b>: Jovens empres\u00e1rios, empreendedores e associados da ACICG<br \/>\n<b>Valor<\/b>: Gratuito para associados | R$ 300 para\u00a0n\u00e3o\u00a0associados<\/p>\n","protected":false},"excerpt":{"rendered":"<p>A Confedera\u00e7\u00e3o Nacional de Jovens Empres\u00e1rios (CONAJE), com o apoio da Associa\u00e7\u00e3o Comercial e Industrial de Campo Grande (ACICG) est\u00e1 oferecendo a Capacita\u00e7\u00e3o Nacional em Intelig\u00eancia Artificial. A iniciativa vai preparar empreendedores para utilizar as ferramentas de Intelig\u00eancia Artificial Generativa no dia a dia dos seus neg\u00f3cios. Com in\u00edcio em 15 de setembro, o programa [&hellip;]<\/p>\n","protected":false},"author":2,"featured_media":203128,"comment_status":"open","ping_status":"open","sticky":false,"template":"","format":"standard","meta":{"_monsterinsights_skip_tracking":false,"_monsterinsights_sitenote_active":false,"_monsterinsights_sitenote_note":"","_monsterinsights_sitenote_category":0},"categories":[4328,70],"tags":[1440,123,436,34786,455,32677],"aioseo_notices":[],"_links":{"self":[{"href":"https:\/\/mspontocom.com.br\/site\/wp-json\/wp\/v2\/posts\/203115"}],"collection":[{"href":"https:\/\/mspontocom.com.br\/site\/wp-json\/wp\/v2\/posts"}],"about":[{"href":"https:\/\/mspontocom.com.br\/site\/wp-json\/wp\/v2\/types\/post"}],"author":[{"embeddable":true,"href":"https:\/\/mspontocom.com.br\/site\/wp-json\/wp\/v2\/users\/2"}],"replies":[{"embeddable":true,"href":"https:\/\/mspontocom.com.br\/site\/wp-json\/wp\/v2\/comments?post=203115"}],"version-history":[{"count":2,"href":"https:\/\/mspontocom.com.br\/site\/wp-json\/wp\/v2\/posts\/203115\/revisions"}],"predecessor-version":[{"id":203129,"href":"https:\/\/mspontocom.com.br\/site\/wp-json\/wp\/v2\/posts\/203115\/revisions\/203129"}],"wp:featuredmedia":[{"embeddable":true,"href":"https:\/\/mspontocom.com.br\/site\/wp-json\/wp\/v2\/media\/203128"}],"wp:attachment":[{"href":"https:\/\/mspontocom.com.br\/site\/wp-json\/wp\/v2\/media?parent=203115"}],"wp:term":[{"taxonomy":"category","embeddable":true,"href":"https:\/\/mspontocom.com.br\/site\/wp-json\/wp\/v2\/categories?post=203115"},{"taxonomy":"post_tag","embeddable":true,"href":"https:\/\/mspontocom.com.br\/site\/wp-json\/wp\/v2\/tags?post=203115"}],"curies":[{"name":"wp","href":"https:\/\/api.w.org\/{rel}","templated":true}]}}