{"id":203141,"date":"2025-09-15T07:35:26","date_gmt":"2025-09-15T11:35:26","guid":{"rendered":"https:\/\/mspontocom.com.br\/site\/?p=203141"},"modified":"2025-09-15T07:35:26","modified_gmt":"2025-09-15T11:35:26","slug":"albania-nomeia-inteligencia-artificial-como-ministra-contra-a-corrupcao","status":"publish","type":"post","link":"https:\/\/mspontocom.com.br\/site\/albania-nomeia-inteligencia-artificial-como-ministra-contra-a-corrupcao\/","title":{"rendered":"Alb\u00e2nia nomeia Intelig\u00eancia Artificial como ministra contra a corrup\u00e7\u00e3o"},"content":{"rendered":"<p style=\"text-align: justify;\"><img loading=\"lazy\" class=\"alignnone size-full wp-image-203177\" src=\"http:\/\/mspontocom.com.br\/site\/wp-content\/uploads\/2025\/09\/site-albania-nomeia-ia-como-ministra-contra-a-corrupcao-albania.webp\" alt=\"\" width=\"848\" height=\"477\" srcset=\"https:\/\/mspontocom.com.br\/site\/wp-content\/uploads\/2025\/09\/site-albania-nomeia-ia-como-ministra-contra-a-corrupcao-albania.webp 848w, https:\/\/mspontocom.com.br\/site\/wp-content\/uploads\/2025\/09\/site-albania-nomeia-ia-como-ministra-contra-a-corrupcao-albania-260x146.webp 260w, https:\/\/mspontocom.com.br\/site\/wp-content\/uploads\/2025\/09\/site-albania-nomeia-ia-como-ministra-contra-a-corrupcao-albania-768x432.webp 768w\" sizes=\"(max-width: 848px) 100vw, 848px\" \/>O primeiro-ministro da Alb\u00e2nia, Edi Rama anunciou uma\u00a0 intelig\u00eancia artificial para ser a ministra respons\u00e1vel pelos contratos p\u00fablicos do pa\u00eds, com o objetivo de combater a corrup\u00e7\u00e3o, considerada um dos maiores entraves para o desenvolvimento nacional.<\/p>\n<p style=\"text-align: justify;\">A IA se chama Diella, nome inspirado em \u201cdiell\/dielli\u201d \u2014palavra que significa \u201csol\u201d em alban\u00eas.<\/p>\n<p style=\"text-align: justify;\">Desde janeiro, ela atua em car\u00e1ter experimental, aconselhando cidad\u00e3os sobre como interagir com servi\u00e7os p\u00fablicos online e fornecendo informa\u00e7\u00f5es pr\u00e1ticas sobre os tr\u00e2mites do governo digital.<\/p>\n<p style=\"text-align: justify;\">Na \u00faltima quinta-feira Rama a \u201cpromoveu\u201d oficialmente ao cargo de ministra, conferindo-lhe status de integrante do gabinete, ainda que virtual.<\/p>\n<p style=\"text-align: justify;\">O prop\u00f3sito \u00e9 que Diella supervisione todos os processos de concursos p\u00fablicos, retirando a influ\u00eancia direta de minist\u00e9rios chefiados por pessoas nessas decis\u00f5es.<\/p>\n<p style=\"text-align: justify;\">O primeiro-ministro afirmou que o objetivo \u00e9 permitir que cada etapa seja totalmente transparente e \u201c100% livre de corrup\u00e7\u00e3o\u201d.<\/p>\n<p style=\"text-align: justify;\">Segundo ele, a tecnologia deve contribuir para eliminar pr\u00e1ticas clientelistas e criar um sistema imparcial de uso de recursos.<\/p>\n<blockquote><p><em> \u201cDiella \u00e9 a primeira integrante que n\u00e3o est\u00e1 fisicamente presente, mas foi criada virtualmente por intelig\u00eancia artificial\u201d, declarou Rama durante a apresenta\u00e7\u00e3o do novo governo.<\/em><\/p><\/blockquote>\n<p style=\"text-align: justify;\">A iniciativa faz parte da estrat\u00e9gia da Alb\u00e2nia para avan\u00e7ar em sua candidatura \u00e0 Uni\u00e3o Europeia, com meta de ades\u00e3o at\u00e9 2030.<\/p>\n<p style=\"text-align: justify;\">Desde seu lan\u00e7amento, a identidade visual de Diella \u00e9 a de uma mulher com trajes tradicionais albaneses, refor\u00e7ando um elemento cultural na comunica\u00e7\u00e3o com a popula\u00e7\u00e3o.<\/p>\n<p style=\"text-align: justify;\">fonte: Poder 360<\/p>\n","protected":false},"excerpt":{"rendered":"<p>O primeiro-ministro da Alb\u00e2nia, Edi Rama anunciou uma\u00a0 intelig\u00eancia artificial para ser a ministra respons\u00e1vel pelos contratos p\u00fablicos do pa\u00eds, com o objetivo de combater a corrup\u00e7\u00e3o, considerada um dos maiores entraves para o desenvolvimento nacional. A IA se chama Diella, nome inspirado em \u201cdiell\/dielli\u201d \u2014palavra que significa \u201csol\u201d em alban\u00eas. Desde janeiro, ela atua [&hellip;]<\/p>\n","protected":false},"author":2,"featured_media":203177,"comment_status":"open","ping_status":"open","sticky":false,"template":"","format":"standard","meta":{"_monsterinsights_skip_tracking":false,"_monsterinsights_sitenote_active":false,"_monsterinsights_sitenote_note":"","_monsterinsights_sitenote_category":0},"categories":[7,12],"tags":[43566,25086,327,43567,1876],"aioseo_notices":[],"_links":{"self":[{"href":"https:\/\/mspontocom.com.br\/site\/wp-json\/wp\/v2\/posts\/203141"}],"collection":[{"href":"https:\/\/mspontocom.com.br\/site\/wp-json\/wp\/v2\/posts"}],"about":[{"href":"https:\/\/mspontocom.com.br\/site\/wp-json\/wp\/v2\/types\/post"}],"author":[{"embeddable":true,"href":"https:\/\/mspontocom.com.br\/site\/wp-json\/wp\/v2\/users\/2"}],"replies":[{"embeddable":true,"href":"https:\/\/mspontocom.com.br\/site\/wp-json\/wp\/v2\/comments?post=203141"}],"version-history":[{"count":2,"href":"https:\/\/mspontocom.com.br\/site\/wp-json\/wp\/v2\/posts\/203141\/revisions"}],"predecessor-version":[{"id":203178,"href":"https:\/\/mspontocom.com.br\/site\/wp-json\/wp\/v2\/posts\/203141\/revisions\/203178"}],"wp:featuredmedia":[{"embeddable":true,"href":"https:\/\/mspontocom.com.br\/site\/wp-json\/wp\/v2\/media\/203177"}],"wp:attachment":[{"href":"https:\/\/mspontocom.com.br\/site\/wp-json\/wp\/v2\/media?parent=203141"}],"wp:term":[{"taxonomy":"category","embeddable":true,"href":"https:\/\/mspontocom.com.br\/site\/wp-json\/wp\/v2\/categories?post=203141"},{"taxonomy":"post_tag","embeddable":true,"href":"https:\/\/mspontocom.com.br\/site\/wp-json\/wp\/v2\/tags?post=203141"}],"curies":[{"name":"wp","href":"https:\/\/api.w.org\/{rel}","templated":true}]}}