{"id":203167,"date":"2025-09-15T06:21:28","date_gmt":"2025-09-15T10:21:28","guid":{"rendered":"https:\/\/mspontocom.com.br\/site\/?p=203167"},"modified":"2025-09-15T06:21:28","modified_gmt":"2025-09-15T10:21:28","slug":"deputado-dos-eua-diz-que-apoiadores-de-moraes-serao-punidos","status":"publish","type":"post","link":"https:\/\/mspontocom.com.br\/site\/deputado-dos-eua-diz-que-apoiadores-de-moraes-serao-punidos\/","title":{"rendered":"Deputado dos EUA diz que apoiadores de Moraes ser\u00e3o \u201cpunidos\u201d"},"content":{"rendered":"<p style=\"text-align: justify;\"><img loading=\"lazy\" class=\"alignnone size-full wp-image-203168\" src=\"http:\/\/mspontocom.com.br\/site\/wp-content\/uploads\/2025\/09\/site-deputado-dos-eua-diz-que-apoiadores-de-moraes-serao-punidos-ale-obceno.jpg\" alt=\"\" width=\"560\" height=\"315\" srcset=\"https:\/\/mspontocom.com.br\/site\/wp-content\/uploads\/2025\/09\/site-deputado-dos-eua-diz-que-apoiadores-de-moraes-serao-punidos-ale-obceno.jpg 560w, https:\/\/mspontocom.com.br\/site\/wp-content\/uploads\/2025\/09\/site-deputado-dos-eua-diz-que-apoiadores-de-moraes-serao-punidos-ale-obceno-260x146.jpg 260w\" sizes=\"(max-width: 560px) 100vw, 560px\" \/><\/p>\n<p style=\"text-align: justify;\">O deputado republicano Rich McCormick, da Ge\u00f3rgia (EUA), afirmou que o ministro do STF <strong>Alexandre de Moraes<\/strong> e \u201ctodos que permitem seus abusos na Suprema Corte e no Congresso\u201d ser\u00e3o <strong>\u201cseveramente punidos\u201d. <\/strong><\/p>\n<p style=\"text-align: justify;\">A declara\u00e7\u00e3o foi feita em seu perfil no X.<\/p>\n<p style=\"text-align: justify;\">A publica\u00e7\u00e3o respondeu \u00e0 condena\u00e7\u00e3o do ex-presidente <strong>Jair Bolsonaro<\/strong> (PL) pelo Supremo por tentativa de golpe de Estado.<\/p>\n<p style=\"text-align: justify;\">Segundo McCormick, a senten\u00e7a foi \u201cinjusta\u201d.<\/p>\n<p style=\"text-align: justify;\">Na postagem, o deputado disse que um \u201ccolegiado fraudado\u201d de 5 ministros condenou Bolsonaro.<\/p>\n<p style=\"text-align: justify;\">Citou Moraes como \u201cviolador de direitos humanos sancionado e conhecido odiador de Bolsonaro\u201d, al\u00e9m de criticar Cristiano Zanin, ex-advogado de Lula, e Fl\u00e1vio Dino, ex-ministro da Justi\u00e7a.<\/p>\n<p style=\"text-align: justify;\">McCormick tamb\u00e9m chamou os ministros do STF de <strong>\u201cbandidos criminosos\u201d<\/strong> que \u201cn\u00e3o merecem ser chamados de seres humanos decentes\u201d.<\/p>\n<p style=\"text-align: justify;\">O republicano citou o voto do ministro Luiz Fux, que absolveu Bolsonaro e outros 5 r\u00e9us.<\/p>\n<p style=\"text-align: justify;\">Segundo ele, Fux teve \u201ccoragem de chamar a acusa\u00e7\u00e3o do que o mundo j\u00e1 sabe que \u00e9: guerra pol\u00edtica com o objetivo de destruir um homem inocente\u201d.<\/p>\n","protected":false},"excerpt":{"rendered":"<p>O deputado republicano Rich McCormick, da Ge\u00f3rgia (EUA), afirmou que o ministro do STF Alexandre de Moraes e \u201ctodos que permitem seus abusos na Suprema Corte e no Congresso\u201d ser\u00e3o \u201cseveramente punidos\u201d. A declara\u00e7\u00e3o foi feita em seu perfil no X. A publica\u00e7\u00e3o respondeu \u00e0 condena\u00e7\u00e3o do ex-presidente Jair Bolsonaro (PL) pelo Supremo por tentativa [&hellip;]<\/p>\n","protected":false},"author":2,"featured_media":203168,"comment_status":"open","ping_status":"open","sticky":false,"template":"","format":"standard","meta":{"_monsterinsights_skip_tracking":false,"_monsterinsights_sitenote_active":false,"_monsterinsights_sitenote_note":"","_monsterinsights_sitenote_category":0},"categories":[30260,7,30259,12],"tags":[29093,1430,1539,35247,43564],"aioseo_notices":[],"_links":{"self":[{"href":"https:\/\/mspontocom.com.br\/site\/wp-json\/wp\/v2\/posts\/203167"}],"collection":[{"href":"https:\/\/mspontocom.com.br\/site\/wp-json\/wp\/v2\/posts"}],"about":[{"href":"https:\/\/mspontocom.com.br\/site\/wp-json\/wp\/v2\/types\/post"}],"author":[{"embeddable":true,"href":"https:\/\/mspontocom.com.br\/site\/wp-json\/wp\/v2\/users\/2"}],"replies":[{"embeddable":true,"href":"https:\/\/mspontocom.com.br\/site\/wp-json\/wp\/v2\/comments?post=203167"}],"version-history":[{"count":2,"href":"https:\/\/mspontocom.com.br\/site\/wp-json\/wp\/v2\/posts\/203167\/revisions"}],"predecessor-version":[{"id":203170,"href":"https:\/\/mspontocom.com.br\/site\/wp-json\/wp\/v2\/posts\/203167\/revisions\/203170"}],"wp:featuredmedia":[{"embeddable":true,"href":"https:\/\/mspontocom.com.br\/site\/wp-json\/wp\/v2\/media\/203168"}],"wp:attachment":[{"href":"https:\/\/mspontocom.com.br\/site\/wp-json\/wp\/v2\/media?parent=203167"}],"wp:term":[{"taxonomy":"category","embeddable":true,"href":"https:\/\/mspontocom.com.br\/site\/wp-json\/wp\/v2\/categories?post=203167"},{"taxonomy":"post_tag","embeddable":true,"href":"https:\/\/mspontocom.com.br\/site\/wp-json\/wp\/v2\/tags?post=203167"}],"curies":[{"name":"wp","href":"https:\/\/api.w.org\/{rel}","templated":true}]}}