{"id":203196,"date":"2025-09-16T06:17:07","date_gmt":"2025-09-16T10:17:07","guid":{"rendered":"https:\/\/mspontocom.com.br\/site\/?p=203196"},"modified":"2025-09-16T06:17:07","modified_gmt":"2025-09-16T10:17:07","slug":"casa-branca-compartilha-artigo-que-esculhamba-o-stf","status":"publish","type":"post","link":"https:\/\/mspontocom.com.br\/site\/casa-branca-compartilha-artigo-que-esculhamba-o-stf\/","title":{"rendered":"Casa Branca compartilha artigo que &#8220;esculhamba o STF"},"content":{"rendered":"<p style=\"text-align: justify;\"><img loading=\"lazy\" class=\"alignnone size-full wp-image-203198\" src=\"http:\/\/mspontocom.com.br\/site\/wp-content\/uploads\/2025\/09\/site-casa-branca-compartilha-artigo-que-esculhamba-o-stf-aletrump1.webp\" alt=\"\" width=\"712\" height=\"370\" srcset=\"https:\/\/mspontocom.com.br\/site\/wp-content\/uploads\/2025\/09\/site-casa-branca-compartilha-artigo-que-esculhamba-o-stf-aletrump1.webp 712w, https:\/\/mspontocom.com.br\/site\/wp-content\/uploads\/2025\/09\/site-casa-branca-compartilha-artigo-que-esculhamba-o-stf-aletrump1-260x135.webp 260w\" sizes=\"(max-width: 712px) 100vw, 712px\" \/>A porta-voz da Casa Branca, Karoline Leavitt, compartilhou nesta 2\u00aa feira\u00a0 um artigo de opini\u00e3o do Wall Street Journal que critica a condena\u00e7\u00e3o do ex-presidente Jair Bolsonaro pelo STF por\u00a0 SUPOSTA tentativa de golpe de Estado.<\/p>\n<p style=\"text-align: justify;\">Intitulado \u201cThe Brazilian Way of Lawfare Gets Bolsonaro\u201d (\u201cO jeito brasileiro de lawfare atinge Bolsonaro\u201d, em tradu\u00e7\u00e3o livre), o texto da colunista conservadora Mary Anastasia O\u2019Grady acusa a Corte de praticar \u201clawfare\u201d contra Bolsonaro.<\/p>\n<blockquote><p><em>\u201cEm 8 de janeiro de 2023, uma multid\u00e3o de apoiadores de Bolsonaro invadiu a pra\u00e7a federal em Bras\u00edlia. V\u00e2ndalos danificaram os pr\u00e9dios. Bolsonaro estava na Fl\u00f3rida, j\u00e1 tendo deixado o cargo, e os militares n\u00e3o participaram. Que golpe. Nada disso importou para o ministro Moraes e seus companheiros ideol\u00f3gicos no Tribunal na semana passada. Eles tinham o homem certo e n\u00e3o encontrar um crime n\u00e3o os impediria de coloc\u00e1-lo atr\u00e1s das grades\u201d, diz.<\/em><\/p><\/blockquote>\n<p style=\"text-align: justify;\">Leavitt publicou o artigo em sua conta no X (ex-Twitter).<\/p>\n<p>\u00c9 mais uma manifesta\u00e7\u00e3o do governo do presidente<strong> Donald Trump<\/strong> contra a condena\u00e7\u00e3o de Bolsonaro a 27 anos e 3 meses de pris\u00e3o.<\/p>\n<p style=\"text-align: justify;\">O artigo de O\u2019Grady publicado no domingo (14.set) afirma que a decis\u00e3o do STF que condenou Bolsonaro foi enviesada e tinha como objetivo prender o ex-presidente.<\/p>\n<p style=\"text-align: justify;\">Ela declarou que \u201cnem inten\u00e7\u00f5es nem discurso s\u00e3o suficientes para condenar por tentativa de golpe\u201d.<\/p>\n<p><img loading=\"lazy\" class=\"alignnone size-full wp-image-203197\" src=\"http:\/\/mspontocom.com.br\/site\/wp-content\/uploads\/2025\/09\/site-casa-branca-casa-branca.webp\" alt=\"\" width=\"1264\" height=\"1200\" srcset=\"https:\/\/mspontocom.com.br\/site\/wp-content\/uploads\/2025\/09\/site-casa-branca-casa-branca.webp 1264w, https:\/\/mspontocom.com.br\/site\/wp-content\/uploads\/2025\/09\/site-casa-branca-casa-branca-260x247.webp 260w, https:\/\/mspontocom.com.br\/site\/wp-content\/uploads\/2025\/09\/site-casa-branca-casa-branca-1024x972.webp 1024w, https:\/\/mspontocom.com.br\/site\/wp-content\/uploads\/2025\/09\/site-casa-branca-casa-branca-768x729.webp 768w\" sizes=\"(max-width: 1264px) 100vw, 1264px\" \/><\/p>\n<p style=\"text-align: justify;\">Segundo a articulista, o<strong> Supremo atuou de forma politizada<\/strong> e permitiu que o processo fosse julgado diretamente em Bras\u00edlia, sem passar por inst\u00e2ncias inferiores \u2013uma das teses da defesa do ex-presidente.<\/p>\n<p style=\"text-align: justify;\">Ela destacou o voto divergente do ministro <strong>Luiz Fux<\/strong> e classificou o relator da a\u00e7\u00e3o, <strong>Alexandre de Moraes, como um \u201cnot\u00f3rio advers\u00e1rio de Bolsonaro\u201d<\/strong> e disse que \u201cem um pa\u00eds s\u00e9rio\u201d ele, \u201ccomo suposto alvo do suposto compl\u00f4\u201d, teria se declarado impedido no caso.<\/p>\n<p style=\"text-align: justify;\">Citou que <strong>Fl\u00e1vio Dino e Cristiano Zanin<\/strong>, que votaram a favor da condena\u00e7\u00e3o, foram, respectivamente, <strong>ministro da Justi\u00e7a e advogado do presidente Lula.<\/strong><\/p>\n","protected":false},"excerpt":{"rendered":"<p>A porta-voz da Casa Branca, Karoline Leavitt, compartilhou nesta 2\u00aa feira\u00a0 um artigo de opini\u00e3o do Wall Street Journal que critica a condena\u00e7\u00e3o do ex-presidente Jair Bolsonaro pelo STF por\u00a0 SUPOSTA tentativa de golpe de Estado. Intitulado \u201cThe Brazilian Way of Lawfare Gets Bolsonaro\u201d (\u201cO jeito brasileiro de lawfare atinge Bolsonaro\u201d, em tradu\u00e7\u00e3o livre), o [&hellip;]<\/p>\n","protected":false},"author":2,"featured_media":203198,"comment_status":"open","ping_status":"open","sticky":false,"template":"","format":"standard","meta":{"_monsterinsights_skip_tracking":false,"_monsterinsights_sitenote_active":false,"_monsterinsights_sitenote_note":"","_monsterinsights_sitenote_category":0},"categories":[7,12],"tags":[17132,2635,43568,43569,3014],"aioseo_notices":[],"_links":{"self":[{"href":"https:\/\/mspontocom.com.br\/site\/wp-json\/wp\/v2\/posts\/203196"}],"collection":[{"href":"https:\/\/mspontocom.com.br\/site\/wp-json\/wp\/v2\/posts"}],"about":[{"href":"https:\/\/mspontocom.com.br\/site\/wp-json\/wp\/v2\/types\/post"}],"author":[{"embeddable":true,"href":"https:\/\/mspontocom.com.br\/site\/wp-json\/wp\/v2\/users\/2"}],"replies":[{"embeddable":true,"href":"https:\/\/mspontocom.com.br\/site\/wp-json\/wp\/v2\/comments?post=203196"}],"version-history":[{"count":1,"href":"https:\/\/mspontocom.com.br\/site\/wp-json\/wp\/v2\/posts\/203196\/revisions"}],"predecessor-version":[{"id":203199,"href":"https:\/\/mspontocom.com.br\/site\/wp-json\/wp\/v2\/posts\/203196\/revisions\/203199"}],"wp:featuredmedia":[{"embeddable":true,"href":"https:\/\/mspontocom.com.br\/site\/wp-json\/wp\/v2\/media\/203198"}],"wp:attachment":[{"href":"https:\/\/mspontocom.com.br\/site\/wp-json\/wp\/v2\/media?parent=203196"}],"wp:term":[{"taxonomy":"category","embeddable":true,"href":"https:\/\/mspontocom.com.br\/site\/wp-json\/wp\/v2\/categories?post=203196"},{"taxonomy":"post_tag","embeddable":true,"href":"https:\/\/mspontocom.com.br\/site\/wp-json\/wp\/v2\/tags?post=203196"}],"curies":[{"name":"wp","href":"https:\/\/api.w.org\/{rel}","templated":true}]}}