{"id":203253,"date":"2025-09-17T03:05:57","date_gmt":"2025-09-17T07:05:57","guid":{"rendered":"https:\/\/mspontocom.com.br\/site\/?p=203253"},"modified":"2025-09-17T07:32:09","modified_gmt":"2025-09-17T11:32:09","slug":"camara-municipal-institui-o-voluntarios-da-saude-em-campo-grande","status":"publish","type":"post","link":"https:\/\/mspontocom.com.br\/site\/camara-municipal-institui-o-voluntarios-da-saude-em-campo-grande\/","title":{"rendered":"C\u00e2mara Municipal institui o \u201cVolunt\u00e1rios da Sa\u00fade\u201d em Campo Grande"},"content":{"rendered":"<p style=\"font-weight: 400; text-align: justify;\"><img loading=\"lazy\" class=\"alignnone size-full wp-image-203254\" src=\"http:\/\/mspontocom.com.br\/site\/wp-content\/uploads\/2025\/09\/site-camara-municipal-aprova-projeto-de-lei-que-institui-o-voluntarios-da-saude-em-campo-grande-img-3341-ver-dro-victor-rocha-fto-izaias-medeiros.jpg\" alt=\"\" width=\"900\" height=\"599\" srcset=\"https:\/\/mspontocom.com.br\/site\/wp-content\/uploads\/2025\/09\/site-camara-municipal-aprova-projeto-de-lei-que-institui-o-voluntarios-da-saude-em-campo-grande-img-3341-ver-dro-victor-rocha-fto-izaias-medeiros.jpg 900w, https:\/\/mspontocom.com.br\/site\/wp-content\/uploads\/2025\/09\/site-camara-municipal-aprova-projeto-de-lei-que-institui-o-voluntarios-da-saude-em-campo-grande-img-3341-ver-dro-victor-rocha-fto-izaias-medeiros-260x173.jpg 260w, https:\/\/mspontocom.com.br\/site\/wp-content\/uploads\/2025\/09\/site-camara-municipal-aprova-projeto-de-lei-que-institui-o-voluntarios-da-saude-em-campo-grande-img-3341-ver-dro-victor-rocha-fto-izaias-medeiros-768x511.jpg 768w\" sizes=\"(max-width: 900px) 100vw, 900px\" \/>A C\u00e2mara Municipal aprovou, durante a Sess\u00e3o Ordin\u00e1ria de ter\u00e7a-feira (16)\u00a0 o Projeto de Lei n\u00ba 11.892\/25<strong>\u00a0<\/strong>de autoria do vereador Dr. Victor Rocha que cria o <strong>\u201cVolunt\u00e1rios da Sa\u00fade\u201d.<\/strong><\/p>\n<p style=\"font-weight: 400; text-align: justify;\">A iniciativa tem como objetivo promover a\u00e7\u00f5es educativas, preventivas e de triagem b\u00e1sica em sa\u00fade f\u00edsica e mental, al\u00e9m de incentivar o bem-estar psicossocial da popula\u00e7\u00e3o.<\/p>\n<p style=\"font-weight: 400; text-align: justify;\">O projeto ser\u00e1 desenvolvido por meio da atua\u00e7\u00e3o de profissionais da sa\u00fade e estudantes volunt\u00e1rios de cursos reconhecidos pelo Minist\u00e9rio da Educa\u00e7\u00e3o (MEC), sem gerar impacto direto ao or\u00e7amento municipal.<\/p>\n<p style=\"font-weight: 400; text-align: justify;\">As a\u00e7\u00f5es acontecer\u00e3o em escolas, pra\u00e7as, unidades de sa\u00fade, centros comunit\u00e1rios e associa\u00e7\u00f5es de bairro, sempre com apoio das lideran\u00e7as locais.<\/p>\n<p style=\"font-weight: 400; text-align: justify;\">Segundo o texto aprovado, a Prefeitura poder\u00e1 firmar parcerias com institui\u00e7\u00f5es de ensino superior, conselhos de classe, organiza\u00e7\u00f5es da sociedade civil e empresas privadas interessadas em apoiar o programa com doa\u00e7\u00f5es de materiais e insumos.<\/p>\n<p style=\"font-weight: 400; text-align: justify;\">A execu\u00e7\u00e3o ficar\u00e1 sob coordena\u00e7\u00e3o da Secretaria Municipal de Sa\u00fade, que elaborar\u00e1 um plano de trabalho anual com metas, cronograma e monitoramento das atividades.<\/p>\n<p style=\"font-weight: 400; text-align: justify;\">Para o autor da proposta, vereador Dr. Victor Rocha, o projeto \u00e9 uma oportunidade de aproximar a popula\u00e7\u00e3o dos cuidados em sa\u00fade de forma acess\u00edvel e preventiva:<\/p>\n<blockquote>\n<p style=\"font-weight: 400;\"><em>\u201cO Volunt\u00e1rios da Sa\u00fade une solidariedade e conhecimento t\u00e9cnico. Com triagens simples e orienta\u00e7\u00e3o adequada, podemos prevenir doen\u00e7as como hipertens\u00e3o, diabetes e obesidade, reduzindo a sobrecarga dos atendimentos de urg\u00eancia e fortalecendo a aten\u00e7\u00e3o b\u00e1sica no SUS. \u00c9 uma iniciativa de grande impacto social, que valoriza o esp\u00edrito cidad\u00e3o e refor\u00e7a o compromisso com uma sa\u00fade p\u00fablica de qualidade em Campo Grande.\u201d<\/em><\/p>\n<\/blockquote>\n<p style=\"font-weight: 400; text-align: justify;\">A lei prev\u00ea ainda que os volunt\u00e1rios recebam certificados de participa\u00e7\u00e3o, como forma de reconhecimento ao trabalho prestado.<\/p>\n<p style=\"font-weight: 400; text-align: justify;\">O projeto de lei segue para san\u00e7\u00e3o da prefeitura de Campo Grande.<\/p>\n<p style=\"text-align: justify;\">FONTE: Assessoria de Imprensa<br \/>\nVereador Dr. Victor Rocha<\/p>\n<p style=\"text-align: justify;\">Foto: Izaias Medeiros \/ Assecom C\u00e2mara CG<\/p>\n","protected":false},"excerpt":{"rendered":"<p>A C\u00e2mara Municipal aprovou, durante a Sess\u00e3o Ordin\u00e1ria de ter\u00e7a-feira (16)\u00a0 o Projeto de Lei n\u00ba 11.892\/25\u00a0de autoria do vereador Dr. Victor Rocha que cria o \u201cVolunt\u00e1rios da Sa\u00fade\u201d. A iniciativa tem como objetivo promover a\u00e7\u00f5es educativas, preventivas e de triagem b\u00e1sica em sa\u00fade f\u00edsica e mental, al\u00e9m de incentivar o bem-estar psicossocial da popula\u00e7\u00e3o. [&hellip;]<\/p>\n","protected":false},"author":2,"featured_media":203254,"comment_status":"open","ping_status":"open","sticky":false,"template":"","format":"standard","meta":{"_monsterinsights_skip_tracking":false,"_monsterinsights_sitenote_active":false,"_monsterinsights_sitenote_note":"","_monsterinsights_sitenote_category":0},"categories":[4328,11],"tags":[24924,123,35124],"aioseo_notices":[],"_links":{"self":[{"href":"https:\/\/mspontocom.com.br\/site\/wp-json\/wp\/v2\/posts\/203253"}],"collection":[{"href":"https:\/\/mspontocom.com.br\/site\/wp-json\/wp\/v2\/posts"}],"about":[{"href":"https:\/\/mspontocom.com.br\/site\/wp-json\/wp\/v2\/types\/post"}],"author":[{"embeddable":true,"href":"https:\/\/mspontocom.com.br\/site\/wp-json\/wp\/v2\/users\/2"}],"replies":[{"embeddable":true,"href":"https:\/\/mspontocom.com.br\/site\/wp-json\/wp\/v2\/comments?post=203253"}],"version-history":[{"count":2,"href":"https:\/\/mspontocom.com.br\/site\/wp-json\/wp\/v2\/posts\/203253\/revisions"}],"predecessor-version":[{"id":203256,"href":"https:\/\/mspontocom.com.br\/site\/wp-json\/wp\/v2\/posts\/203253\/revisions\/203256"}],"wp:featuredmedia":[{"embeddable":true,"href":"https:\/\/mspontocom.com.br\/site\/wp-json\/wp\/v2\/media\/203254"}],"wp:attachment":[{"href":"https:\/\/mspontocom.com.br\/site\/wp-json\/wp\/v2\/media?parent=203253"}],"wp:term":[{"taxonomy":"category","embeddable":true,"href":"https:\/\/mspontocom.com.br\/site\/wp-json\/wp\/v2\/categories?post=203253"},{"taxonomy":"post_tag","embeddable":true,"href":"https:\/\/mspontocom.com.br\/site\/wp-json\/wp\/v2\/tags?post=203253"}],"curies":[{"name":"wp","href":"https:\/\/api.w.org\/{rel}","templated":true}]}}