{"id":203316,"date":"2025-09-19T05:15:57","date_gmt":"2025-09-19T09:15:57","guid":{"rendered":"https:\/\/mspontocom.com.br\/site\/?p=203316"},"modified":"2025-09-19T07:41:27","modified_gmt":"2025-09-19T11:41:27","slug":"prefeitura-e-empresas-firmam-parceria-por-mais-areas-verdes-em-campo-grande","status":"publish","type":"post","link":"https:\/\/mspontocom.com.br\/site\/prefeitura-e-empresas-firmam-parceria-por-mais-areas-verdes-em-campo-grande\/","title":{"rendered":"Prefeitura e empresas firmam parceria por mais \u00e1reas verdes em Campo Grande"},"content":{"rendered":"<p style=\"text-align: justify;\"><img loading=\"lazy\" class=\"alignnone size-full wp-image-203317\" src=\"http:\/\/mspontocom.com.br\/site\/wp-content\/uploads\/2025\/09\/site-prefeitura-e-empresas-firmam-parceria-por-mais-areas-verdes-em-campo-grande-area-verde.jpg\" alt=\"\" width=\"1536\" height=\"863\" srcset=\"https:\/\/mspontocom.com.br\/site\/wp-content\/uploads\/2025\/09\/site-prefeitura-e-empresas-firmam-parceria-por-mais-areas-verdes-em-campo-grande-area-verde.jpg 1536w, https:\/\/mspontocom.com.br\/site\/wp-content\/uploads\/2025\/09\/site-prefeitura-e-empresas-firmam-parceria-por-mais-areas-verdes-em-campo-grande-area-verde-260x146.jpg 260w, https:\/\/mspontocom.com.br\/site\/wp-content\/uploads\/2025\/09\/site-prefeitura-e-empresas-firmam-parceria-por-mais-areas-verdes-em-campo-grande-area-verde-1024x575.jpg 1024w, https:\/\/mspontocom.com.br\/site\/wp-content\/uploads\/2025\/09\/site-prefeitura-e-empresas-firmam-parceria-por-mais-areas-verdes-em-campo-grande-area-verde-768x432.jpg 768w\" sizes=\"(max-width: 1536px) 100vw, 1536px\" \/>Como parte das a\u00e7\u00f5es da Semana da \u00c1rvore, a Prefeitura de Campo Grande formalizou\u00a0 novas parcerias com empresas privadas, por meio do Programa de Parceria Municipal (PROPAM).<\/p>\n<p style=\"text-align: justify;\">A iniciativa busca ampliar a participa\u00e7\u00e3o da sociedade na conserva\u00e7\u00e3o de parques, pra\u00e7as, canteiros, rotat\u00f3rias e demais \u00e1reas verdes, al\u00e9m de promover a conscientiza\u00e7\u00e3o da popula\u00e7\u00e3o sobre a import\u00e2ncia de h\u00e1bitos voltados \u00e0 preserva\u00e7\u00e3o ambiental.<\/p>\n<blockquote><p>\nA chefe do executivo municipal, Adriane Lopes, refor\u00e7ou a import\u00e2ncia dessa parceria com empresas locais.<\/p>\n<p><em> \u201cEstamos incentivando as empresas de Campo Grande a assumirem canteiros na nossa cidade, a cuidarem de \u00e1reas j\u00e1 em plantio de \u00e1rvores e tamb\u00e9m daquelas que ainda n\u00e3o t\u00eam plantio. Temos a ades\u00e3o de v\u00e1rios empres\u00e1rios que est\u00e3o colaborando com a arboriza\u00e7\u00e3o correta na nossa Capital e seguimos buscando mais parceiros\u201d.<\/em><\/p><\/blockquote>\n<p style=\"text-align: justify;\">O PROPAM promove a integra\u00e7\u00e3o entre o setor p\u00fablico e o setor privado, visando unir esfor\u00e7os para a comunidade usufruir de \u00e1reas p\u00fablicas qualificadas, contribuindo para a conserva\u00e7\u00e3o ambiental e a melhoria da qualidade de vida.<\/p>\n<p style=\"text-align: justify;\">O programa busca auxiliar a Prefeitura na manuten\u00e7\u00e3o e preserva\u00e7\u00e3o de pra\u00e7as, parques, \u00e1reas verdes, canteiros e rotat\u00f3rias, por meio de conv\u00eanios com empresas, ind\u00fastrias, com\u00e9rcios em geral, prestadores de servi\u00e7os, institui\u00e7\u00f5es, organiza\u00e7\u00f5es n\u00e3o governamentais e pessoas f\u00edsicas.<\/p>\n","protected":false},"excerpt":{"rendered":"<p>Como parte das a\u00e7\u00f5es da Semana da \u00c1rvore, a Prefeitura de Campo Grande formalizou\u00a0 novas parcerias com empresas privadas, por meio do Programa de Parceria Municipal (PROPAM). A iniciativa busca ampliar a participa\u00e7\u00e3o da sociedade na conserva\u00e7\u00e3o de parques, pra\u00e7as, canteiros, rotat\u00f3rias e demais \u00e1reas verdes, al\u00e9m de promover a conscientiza\u00e7\u00e3o da popula\u00e7\u00e3o sobre a [&hellip;]<\/p>\n","protected":false},"author":2,"featured_media":203317,"comment_status":"open","ping_status":"open","sticky":false,"template":"","format":"standard","meta":{"_monsterinsights_skip_tracking":false,"_monsterinsights_sitenote_active":false,"_monsterinsights_sitenote_note":"","_monsterinsights_sitenote_category":0},"categories":[4328],"tags":[43586,43585,165],"aioseo_notices":[],"_links":{"self":[{"href":"https:\/\/mspontocom.com.br\/site\/wp-json\/wp\/v2\/posts\/203316"}],"collection":[{"href":"https:\/\/mspontocom.com.br\/site\/wp-json\/wp\/v2\/posts"}],"about":[{"href":"https:\/\/mspontocom.com.br\/site\/wp-json\/wp\/v2\/types\/post"}],"author":[{"embeddable":true,"href":"https:\/\/mspontocom.com.br\/site\/wp-json\/wp\/v2\/users\/2"}],"replies":[{"embeddable":true,"href":"https:\/\/mspontocom.com.br\/site\/wp-json\/wp\/v2\/comments?post=203316"}],"version-history":[{"count":1,"href":"https:\/\/mspontocom.com.br\/site\/wp-json\/wp\/v2\/posts\/203316\/revisions"}],"predecessor-version":[{"id":203318,"href":"https:\/\/mspontocom.com.br\/site\/wp-json\/wp\/v2\/posts\/203316\/revisions\/203318"}],"wp:featuredmedia":[{"embeddable":true,"href":"https:\/\/mspontocom.com.br\/site\/wp-json\/wp\/v2\/media\/203317"}],"wp:attachment":[{"href":"https:\/\/mspontocom.com.br\/site\/wp-json\/wp\/v2\/media?parent=203316"}],"wp:term":[{"taxonomy":"category","embeddable":true,"href":"https:\/\/mspontocom.com.br\/site\/wp-json\/wp\/v2\/categories?post=203316"},{"taxonomy":"post_tag","embeddable":true,"href":"https:\/\/mspontocom.com.br\/site\/wp-json\/wp\/v2\/tags?post=203316"}],"curies":[{"name":"wp","href":"https:\/\/api.w.org\/{rel}","templated":true}]}}