{"id":203487,"date":"2025-09-25T04:18:33","date_gmt":"2025-09-25T08:18:33","guid":{"rendered":"https:\/\/mspontocom.com.br\/site\/?p=203487"},"modified":"2025-09-25T08:48:29","modified_gmt":"2025-09-25T12:48:29","slug":"campo-grande-leva-projetos-inovadores-para-seminario-internacional","status":"publish","type":"post","link":"https:\/\/mspontocom.com.br\/site\/campo-grande-leva-projetos-inovadores-para-seminario-internacional\/","title":{"rendered":"Campo Grande leva projetos inovadores para Semin\u00e1rio Internacional"},"content":{"rendered":"<p style=\"text-align: justify;\"><img loading=\"lazy\" class=\"alignnone size-full wp-image-203488\" src=\"http:\/\/mspontocom.com.br\/site\/wp-content\/uploads\/2025\/09\/site-campo-grande-leva-projetos-inovadores-para-seminario-internacional-projeto.jpeg\" alt=\"\" width=\"1024\" height=\"682\" srcset=\"https:\/\/mspontocom.com.br\/site\/wp-content\/uploads\/2025\/09\/site-campo-grande-leva-projetos-inovadores-para-seminario-internacional-projeto.jpeg 1024w, https:\/\/mspontocom.com.br\/site\/wp-content\/uploads\/2025\/09\/site-campo-grande-leva-projetos-inovadores-para-seminario-internacional-projeto-260x173.jpeg 260w, https:\/\/mspontocom.com.br\/site\/wp-content\/uploads\/2025\/09\/site-campo-grande-leva-projetos-inovadores-para-seminario-internacional-projeto-768x512.jpeg 768w\" sizes=\"(max-width: 1024px) 100vw, 1024px\" \/>A Secretaria de Assist\u00eancia Social e Cidadania (SAS) de Campo Grande vai apresentar tr\u00eas projetos inovadores em um evento internacional voltado \u00e0 popula\u00e7\u00e3o em situa\u00e7\u00e3o de rua.<\/p>\n<p style=\"text-align: justify;\">O \u201cSemin\u00e1rio Internacional Pessoas em Situa\u00e7\u00e3o de Rua: cuidado integral e direitos j\u00e1!\u201d acontece nos dias 22 e 23 de outubro, na Fiocruz Bras\u00edlia (DF).<\/p>\n<p style=\"text-align: justify;\">Desenvolvidos por profissionais da Superintend\u00eancia de Prote\u00e7\u00e3o Social Especial, da Superintend\u00eancia de Pol\u00edtica de Direitos Humanos, do Servi\u00e7o Especializado em Abordagem Social (Seas) e da Ger\u00eancia de Prote\u00e7\u00e3o Social, os projetos foram selecionados entre dezenas de experi\u00eancias enviadas de todo o Brasil.<\/p>\n<p style=\"text-align: justify;\">Os trabalhos apresentados ser\u00e3o:<\/p>\n<p style=\"text-align: justify;\">Desocupar sem excluir: experi\u00eancia do Seas na garantia de direito; Inverno Acolhedor e Cria\u00e7\u00e3o de ger\u00eancia voltada \u00e0 articula\u00e7\u00e3o intersetorial na prote\u00e7\u00e3o \u00e0 popula\u00e7\u00e3o em situa\u00e7\u00e3o de rua.<\/p>\n<p style=\"text-align: justify;\"><strong>Inverno Acolhedor: acolhimento e dignidade<\/strong><\/p>\n<p style=\"text-align: justify;\">Idealizado pela Superintend\u00eancia de Pol\u00edtica de Direitos Humanos, o Projeto Inverno Acolhedor oferece apoio \u00e0 popula\u00e7\u00e3o em situa\u00e7\u00e3o de rua nos dias de temperaturas iguais ou inferiores a 12\u00baC.<\/p>\n<p style=\"text-align: justify;\">Instalado no Parque Ayrton Senna, o projeto proporcionou abrigo, refei\u00e7\u00f5es, agasalhos, cuidados de sa\u00fade e acolhimento para animais de estima\u00e7\u00e3o durante oito frentes frias.<\/p>\n<p style=\"text-align: justify;\">Mais do que um ponto de apoio, a iniciativa \u00e9 intersetorial, integrando secretarias e \u00f3rg\u00e3os municipais como EMHA, Funsat e Guarda Civil Metropolitana.<\/p>\n<p style=\"text-align: justify;\">A sociedade civil tamb\u00e9m se mobilizou com doa\u00e7\u00f5es de alimentos e itens essenciais, transformando a a\u00e7\u00e3o em esfor\u00e7o coletivo e solid\u00e1rio.<\/p>\n<p style=\"text-align: justify;\">J\u00e1 a nova ger\u00eancia de Prote\u00e7\u00e3o Social \u00e0 Popula\u00e7\u00e3o em Situa\u00e7\u00e3o de Rua criada em abril, fortalece a comunica\u00e7\u00e3o e integra\u00e7\u00e3o entre equipes de assist\u00eancia social, como o Centro POP e o Seas.<\/p>\n<p style=\"text-align: justify;\">Entre as inova\u00e7\u00f5es est\u00e3o protocolos padronizados e uma central de vagas, garantindo mais transpar\u00eancia e agilidade no atendimento.<\/p>\n<p style=\"text-align: justify;\">A iniciativa \u00e9 assinada pela secret\u00e1ria Camilla Nascimento, pela superintendente de Prote\u00e7\u00e3o Social Especial, Tereza Cristina Bauermeister e outros cinco profissionais da SAS.<\/p>\n<p style=\"text-align: justify;\">Outro destaque \u00e9 a a\u00e7\u00e3o do Seas em um antigo im\u00f3vel no centro da cidade, ocupado irregularmente por seis fam\u00edlias migrantes.<\/p>\n<p style=\"text-align: justify;\">Por meio de abordagem humanizada, escuta qualificada e articula\u00e7\u00e3o com a EMHA e o Cadastro \u00danico, a a\u00e7\u00e3o garantiu desocupa\u00e7\u00e3o digna e inser\u00e7\u00e3o da maioria das fam\u00edlias no programa de Aluguel Social, com acompanhamento socioassistencial.<\/p>\n<p style=\"text-align: justify;\">O evento \u00e9 promovido pelo coletivo Trilhas de Cuidado nas Ruas, em parceria com a Escola Nacional de Sa\u00fade P\u00fablica Sergio Arouca (Ensp\/Fiocruz) e o Instituto de Pesquisa Econ\u00f4mica Aplicada (Ipea).<\/p>\n","protected":false},"excerpt":{"rendered":"<p>A Secretaria de Assist\u00eancia Social e Cidadania (SAS) de Campo Grande vai apresentar tr\u00eas projetos inovadores em um evento internacional voltado \u00e0 popula\u00e7\u00e3o em situa\u00e7\u00e3o de rua. O \u201cSemin\u00e1rio Internacional Pessoas em Situa\u00e7\u00e3o de Rua: cuidado integral e direitos j\u00e1!\u201d acontece nos dias 22 e 23 de outubro, na Fiocruz Bras\u00edlia (DF). Desenvolvidos por profissionais [&hellip;]<\/p>\n","protected":false},"author":2,"featured_media":203488,"comment_status":"open","ping_status":"open","sticky":false,"template":"","format":"standard","meta":{"_monsterinsights_skip_tracking":false,"_monsterinsights_sitenote_active":false,"_monsterinsights_sitenote_note":"","_monsterinsights_sitenote_category":0},"categories":[4328],"tags":[123,24698,319,813,43626,906],"aioseo_notices":[],"_links":{"self":[{"href":"https:\/\/mspontocom.com.br\/site\/wp-json\/wp\/v2\/posts\/203487"}],"collection":[{"href":"https:\/\/mspontocom.com.br\/site\/wp-json\/wp\/v2\/posts"}],"about":[{"href":"https:\/\/mspontocom.com.br\/site\/wp-json\/wp\/v2\/types\/post"}],"author":[{"embeddable":true,"href":"https:\/\/mspontocom.com.br\/site\/wp-json\/wp\/v2\/users\/2"}],"replies":[{"embeddable":true,"href":"https:\/\/mspontocom.com.br\/site\/wp-json\/wp\/v2\/comments?post=203487"}],"version-history":[{"count":1,"href":"https:\/\/mspontocom.com.br\/site\/wp-json\/wp\/v2\/posts\/203487\/revisions"}],"predecessor-version":[{"id":203489,"href":"https:\/\/mspontocom.com.br\/site\/wp-json\/wp\/v2\/posts\/203487\/revisions\/203489"}],"wp:featuredmedia":[{"embeddable":true,"href":"https:\/\/mspontocom.com.br\/site\/wp-json\/wp\/v2\/media\/203488"}],"wp:attachment":[{"href":"https:\/\/mspontocom.com.br\/site\/wp-json\/wp\/v2\/media?parent=203487"}],"wp:term":[{"taxonomy":"category","embeddable":true,"href":"https:\/\/mspontocom.com.br\/site\/wp-json\/wp\/v2\/categories?post=203487"},{"taxonomy":"post_tag","embeddable":true,"href":"https:\/\/mspontocom.com.br\/site\/wp-json\/wp\/v2\/tags?post=203487"}],"curies":[{"name":"wp","href":"https:\/\/api.w.org\/{rel}","templated":true}]}}