{"id":203571,"date":"2025-09-30T06:03:18","date_gmt":"2025-09-30T10:03:18","guid":{"rendered":"https:\/\/mspontocom.com.br\/site\/?p=203571"},"modified":"2025-09-30T06:03:18","modified_gmt":"2025-09-30T10:03:18","slug":"advogado-dos-eua-diz-que-moraes-foge-de-notificacao-ha-7-meses","status":"publish","type":"post","link":"https:\/\/mspontocom.com.br\/site\/advogado-dos-eua-diz-que-moraes-foge-de-notificacao-ha-7-meses\/","title":{"rendered":"Advogado dos EUA diz que Moraes foge de notifica\u00e7\u00e3o h\u00e1 7 meses"},"content":{"rendered":"<p style=\"text-align: justify;\"><img loading=\"lazy\" class=\"alignnone size-full wp-image-203585\" src=\"http:\/\/mspontocom.com.br\/site\/wp-content\/uploads\/2025\/09\/site-advogado-dos-eua-diz-que-moraes-foge-de-notificacao-ha-7-meses-alesafado.jpg\" alt=\"\" width=\"1920\" height=\"1223\" srcset=\"https:\/\/mspontocom.com.br\/site\/wp-content\/uploads\/2025\/09\/site-advogado-dos-eua-diz-que-moraes-foge-de-notificacao-ha-7-meses-alesafado.jpg 1920w, https:\/\/mspontocom.com.br\/site\/wp-content\/uploads\/2025\/09\/site-advogado-dos-eua-diz-que-moraes-foge-de-notificacao-ha-7-meses-alesafado-260x166.jpg 260w, https:\/\/mspontocom.com.br\/site\/wp-content\/uploads\/2025\/09\/site-advogado-dos-eua-diz-que-moraes-foge-de-notificacao-ha-7-meses-alesafado-1024x652.jpg 1024w, https:\/\/mspontocom.com.br\/site\/wp-content\/uploads\/2025\/09\/site-advogado-dos-eua-diz-que-moraes-foge-de-notificacao-ha-7-meses-alesafado-768x489.jpg 768w, https:\/\/mspontocom.com.br\/site\/wp-content\/uploads\/2025\/09\/site-advogado-dos-eua-diz-que-moraes-foge-de-notificacao-ha-7-meses-alesafado-1536x978.jpg 1536w\" sizes=\"(max-width: 1920px) 100vw, 1920px\" \/>Um dos advogados norte-americanos que processam o ministro do STF Alexandre de Moraes, Martin de Luca, publicou post na rede social X para lembrar que h\u00e1 sete meses o ministro do STF n\u00e3o se deixa notificar dos processos a que responde na Justi\u00e7a dos Estados Unidos.<\/p>\n<p style=\"text-align: justify;\">De Luca publicou a mensagem ao comentar o fato de Moraes haver divulgado sua cr\u00edtica ao deputado Eduardo Bolsonaro (PL-SP), que se encontra exilado nos EUA, que ainda n\u00e3o foi encontrado para a devida notifica\u00e7\u00e3o de carta rogat\u00f3ria.<\/p>\n<p style=\"text-align: justify;\">Para Moraes, o deputado dificulta a noiticia\u00e7\u00e3o.<\/p>\n<p style=\"text-align: justify;\">De Luca acusa o ministro da mesma atitude.<\/p>\n<p style=\"text-align: justify;\">\u201cAlexandre de Moraes est\u00e1 reclamando que Eduardo Bolsonaro est\u00e1 se esquivando do processo criminal que Moraes contra ele por discurso em solo americano\u201d, afirma o advogado, que representa a Trump Media.<\/p>\n<blockquote><p><em>\u201cIncrivelmente descarado vindo de um homem que vem se esquivando do servi\u00e7o no caso Rumble contra ele na Fl\u00f3rida h\u00e1 7 meses\u201d, diz Martin de Luca.<\/em><\/p><\/blockquote>\n<p style=\"text-align: justify;\">\u201cAt\u00e9 hoje, Moraes continua se esquivando da cita\u00e7\u00e3o. A mais recente \u00e9 que ele est\u00e1 pressionando o Superuir Tribunal de Justi\u00e7a (STJ) brasileiro, que deveria autorizar a cita\u00e7\u00e3o de Moraes, para n\u00e3o processar o pedido de cita\u00e7\u00e3o dos EUA.\u201d<\/p>\n<p style=\"text-align: justify;\"><img loading=\"lazy\" class=\"alignnone size-full wp-image-203572\" src=\"http:\/\/mspontocom.com.br\/site\/wp-content\/uploads\/2025\/09\/site-post-post.jpg\" alt=\"\" width=\"640\" height=\"800\" srcset=\"https:\/\/mspontocom.com.br\/site\/wp-content\/uploads\/2025\/09\/site-post-post.jpg 640w, https:\/\/mspontocom.com.br\/site\/wp-content\/uploads\/2025\/09\/site-post-post-224x280.jpg 224w\" sizes=\"(max-width: 640px) 100vw, 640px\" \/><\/p>\n","protected":false},"excerpt":{"rendered":"<p>Um dos advogados norte-americanos que processam o ministro do STF Alexandre de Moraes, Martin de Luca, publicou post na rede social X para lembrar que h\u00e1 sete meses o ministro do STF n\u00e3o se deixa notificar dos processos a que responde na Justi\u00e7a dos Estados Unidos. De Luca publicou a mensagem ao comentar o fato [&hellip;]<\/p>\n","protected":false},"author":2,"featured_media":203585,"comment_status":"open","ping_status":"open","sticky":false,"template":"","format":"standard","meta":{"_monsterinsights_skip_tracking":false,"_monsterinsights_sitenote_active":false,"_monsterinsights_sitenote_note":"","_monsterinsights_sitenote_category":0},"categories":[30260,2528,7,30259,12],"tags":[43645,874,1539,38198,35247,7719],"aioseo_notices":[],"_links":{"self":[{"href":"https:\/\/mspontocom.com.br\/site\/wp-json\/wp\/v2\/posts\/203571"}],"collection":[{"href":"https:\/\/mspontocom.com.br\/site\/wp-json\/wp\/v2\/posts"}],"about":[{"href":"https:\/\/mspontocom.com.br\/site\/wp-json\/wp\/v2\/types\/post"}],"author":[{"embeddable":true,"href":"https:\/\/mspontocom.com.br\/site\/wp-json\/wp\/v2\/users\/2"}],"replies":[{"embeddable":true,"href":"https:\/\/mspontocom.com.br\/site\/wp-json\/wp\/v2\/comments?post=203571"}],"version-history":[{"count":2,"href":"https:\/\/mspontocom.com.br\/site\/wp-json\/wp\/v2\/posts\/203571\/revisions"}],"predecessor-version":[{"id":203586,"href":"https:\/\/mspontocom.com.br\/site\/wp-json\/wp\/v2\/posts\/203571\/revisions\/203586"}],"wp:featuredmedia":[{"embeddable":true,"href":"https:\/\/mspontocom.com.br\/site\/wp-json\/wp\/v2\/media\/203585"}],"wp:attachment":[{"href":"https:\/\/mspontocom.com.br\/site\/wp-json\/wp\/v2\/media?parent=203571"}],"wp:term":[{"taxonomy":"category","embeddable":true,"href":"https:\/\/mspontocom.com.br\/site\/wp-json\/wp\/v2\/categories?post=203571"},{"taxonomy":"post_tag","embeddable":true,"href":"https:\/\/mspontocom.com.br\/site\/wp-json\/wp\/v2\/tags?post=203571"}],"curies":[{"name":"wp","href":"https:\/\/api.w.org\/{rel}","templated":true}]}}