{"id":203678,"date":"2025-10-03T06:42:11","date_gmt":"2025-10-03T10:42:11","guid":{"rendered":"https:\/\/mspontocom.com.br\/site\/?p=203678"},"modified":"2025-10-03T06:42:11","modified_gmt":"2025-10-03T10:42:11","slug":"eua-e-trump-pegarao-lula-de-surpresa-no-pulo-diz-direita","status":"publish","type":"post","link":"https:\/\/mspontocom.com.br\/site\/eua-e-trump-pegarao-lula-de-surpresa-no-pulo-diz-direita\/","title":{"rendered":"EUA e Trump pegar\u00e3o Lula de surpresa, no pulo, diz Direita"},"content":{"rendered":"<section class=\"single-body-thumbnail m-negative-1 lg:mx-0\">\n<figure class=\"wp-caption alignnone img-fluid\"><\/figure>\n<\/section>\n<div class=\"single-content\">\n<p style=\"text-align: justify;\"><img loading=\"lazy\" class=\"alignnone size-full wp-image-203686\" src=\"http:\/\/mspontocom.com.br\/site\/wp-content\/uploads\/2025\/10\/site-zona-de-confronto-estados-unidos-e-trump-pegarao-lula-de-surpresa-no-pulo-ale-trump1.jpg\" alt=\"\" width=\"1280\" height=\"720\" srcset=\"https:\/\/mspontocom.com.br\/site\/wp-content\/uploads\/2025\/10\/site-zona-de-confronto-estados-unidos-e-trump-pegarao-lula-de-surpresa-no-pulo-ale-trump1.jpg 1280w, https:\/\/mspontocom.com.br\/site\/wp-content\/uploads\/2025\/10\/site-zona-de-confronto-estados-unidos-e-trump-pegarao-lula-de-surpresa-no-pulo-ale-trump1-260x146.jpg 260w, https:\/\/mspontocom.com.br\/site\/wp-content\/uploads\/2025\/10\/site-zona-de-confronto-estados-unidos-e-trump-pegarao-lula-de-surpresa-no-pulo-ale-trump1-1024x576.jpg 1024w, https:\/\/mspontocom.com.br\/site\/wp-content\/uploads\/2025\/10\/site-zona-de-confronto-estados-unidos-e-trump-pegarao-lula-de-surpresa-no-pulo-ale-trump1-768x432.jpg 768w\" sizes=\"(max-width: 1280px) 100vw, 1280px\" \/>\u201cEstados Unidos e Donald Trump pegar\u00e3o Lula de surpresa, no pulo, e todo mundo vai ver.\u201d<\/p>\n<p style=\"text-align: justify;\">Essa \u00e9 a leitura que circula nos corredores da <strong>direita<\/strong> em Bras\u00edlia e entre aliados do presidente Trump pr\u00f3ximos \u00e0 Casa Branca, segundo apura\u00e7\u00e3o junto a interlocutores.<\/p>\n<p style=\"text-align: justify;\">Fontes da direita em Bras\u00edlia e aliados do governo Trump em Washington afirmam que o presidente Lula poder\u00e1 ser colocado em uma situa\u00e7\u00e3o delicada caso decida apoiar o plano de paz proposto pelos Estados Unidos para encerrar a guerra entre Israel e Hamas.<\/p>\n<p style=\"text-align: justify;\">Segundo apura\u00e7\u00f5es, auxiliares de Trump e do ex-presidente Jair Bolsonaro, avaliam que, embora a esquerda brasileira e setores do governo j\u00e1 demonstrem simpatia pela iniciativa, o plano exp\u00f5e um ponto caro e de contradi\u00e7\u00e3o.<\/p>\n<p style=\"text-align: justify;\">A proposta norte-americana prev\u00ea, entre outros aspectos, a concess\u00e3o de anistia ampla a integrantes do Hamas que aceitarem coexistir pacificamente na regi\u00e3o, tendo como condi\u00e7\u00e3o central para a pacifica\u00e7\u00e3o.<\/p>\n<p style=\"text-align: justify;\">Na pr\u00e1tica, a medida vai fragilizar o discurso do governo brasileiro e do STF que rejeita qualquer possibilidade de anistia aos envolvidos nos atos de 8 de janeiro.<\/p>\n<p style=\"text-align: justify;\">Dificilmente a esquerda ter\u00e1 espa\u00e7o pol\u00edtico para recusar apoio \u00e0 proposta, j\u00e1 que grande parte de sua base eleitoral est\u00e1 ligada \u00e0 causa palestina e raramente manifesta respaldo a Israel.<\/p>\n<p style=\"text-align: justify;\">A expectativa, segundo esse n\u00facleo, \u00e9 de que o governo Lula se alinhe \u00e0 proposta de Trump.<\/p>\n<p style=\"text-align: justify;\">Logo, a oposi\u00e7\u00e3o vai, sim, explorar a incoer\u00eancia para turbinar o argumento de que o Brasil mant\u00e9m uma pol\u00edtica de persegui\u00e7\u00e3o contra advers\u00e1rios internos, ao mesmo tempo em que aceitaria um perd\u00e3o amplo a integrantes de um grupo enquadrado como terrorista por diversos pa\u00edses.<\/p>\n<p style=\"text-align: justify;\">fonte:\u00a0 Gazeta\u00a0 do Povo<\/p>\n<p style=\"text-align: justify;\"><b>Nos acompanhe, veja mais not\u00edcias em<\/b>: <span style=\"color: #0000ff;\"><u><a href=\"http:\/\/www.mspontocom.com.br\/\"><span style=\"font-family: Calibri, sans-serif;\">www.mspontocom.com.br<\/span><\/a><\/u><\/span><\/p>\n<\/div>\n","protected":false},"excerpt":{"rendered":"<p>\u201cEstados Unidos e Donald Trump pegar\u00e3o Lula de surpresa, no pulo, e todo mundo vai ver.\u201d Essa \u00e9 a leitura que circula nos corredores da direita em Bras\u00edlia e entre aliados do presidente Trump pr\u00f3ximos \u00e0 Casa Branca, segundo apura\u00e7\u00e3o junto a interlocutores. Fontes da direita em Bras\u00edlia e aliados do governo Trump em Washington [&hellip;]<\/p>\n","protected":false},"author":2,"featured_media":203686,"comment_status":"open","ping_status":"open","sticky":false,"template":"","format":"standard","meta":{"_monsterinsights_skip_tracking":false,"_monsterinsights_sitenote_active":false,"_monsterinsights_sitenote_note":"","_monsterinsights_sitenote_category":0},"categories":[30260,7,30259,12],"tags":[32323,1539,480,43669,43668,28326],"aioseo_notices":[],"_links":{"self":[{"href":"https:\/\/mspontocom.com.br\/site\/wp-json\/wp\/v2\/posts\/203678"}],"collection":[{"href":"https:\/\/mspontocom.com.br\/site\/wp-json\/wp\/v2\/posts"}],"about":[{"href":"https:\/\/mspontocom.com.br\/site\/wp-json\/wp\/v2\/types\/post"}],"author":[{"embeddable":true,"href":"https:\/\/mspontocom.com.br\/site\/wp-json\/wp\/v2\/users\/2"}],"replies":[{"embeddable":true,"href":"https:\/\/mspontocom.com.br\/site\/wp-json\/wp\/v2\/comments?post=203678"}],"version-history":[{"count":2,"href":"https:\/\/mspontocom.com.br\/site\/wp-json\/wp\/v2\/posts\/203678\/revisions"}],"predecessor-version":[{"id":203687,"href":"https:\/\/mspontocom.com.br\/site\/wp-json\/wp\/v2\/posts\/203678\/revisions\/203687"}],"wp:featuredmedia":[{"embeddable":true,"href":"https:\/\/mspontocom.com.br\/site\/wp-json\/wp\/v2\/media\/203686"}],"wp:attachment":[{"href":"https:\/\/mspontocom.com.br\/site\/wp-json\/wp\/v2\/media?parent=203678"}],"wp:term":[{"taxonomy":"category","embeddable":true,"href":"https:\/\/mspontocom.com.br\/site\/wp-json\/wp\/v2\/categories?post=203678"},{"taxonomy":"post_tag","embeddable":true,"href":"https:\/\/mspontocom.com.br\/site\/wp-json\/wp\/v2\/tags?post=203678"}],"curies":[{"name":"wp","href":"https:\/\/api.w.org\/{rel}","templated":true}]}}