{"id":203752,"date":"2025-10-06T06:00:04","date_gmt":"2025-10-06T10:00:04","guid":{"rendered":"https:\/\/mspontocom.com.br\/site\/?p=203752"},"modified":"2025-10-06T08:33:14","modified_gmt":"2025-10-06T12:33:14","slug":"metanol-campo-grande-orienta-sobre-consumo-de-alcool","status":"publish","type":"post","link":"https:\/\/mspontocom.com.br\/site\/metanol-campo-grande-orienta-sobre-consumo-de-alcool\/","title":{"rendered":"METANOL: Campo Grande orienta sobre consumo de \u00e1lcool"},"content":{"rendered":"<p style=\"text-align: justify;\"><img loading=\"lazy\" class=\"alignnone size-full wp-image-203753\" src=\"http:\/\/mspontocom.com.br\/site\/wp-content\/uploads\/2025\/10\/site-metanol-campo-grande-orienta-sobre-consumo-de-alcool-metanol.webp\" alt=\"\" width=\"419\" height=\"279\" srcset=\"https:\/\/mspontocom.com.br\/site\/wp-content\/uploads\/2025\/10\/site-metanol-campo-grande-orienta-sobre-consumo-de-alcool-metanol.webp 419w, https:\/\/mspontocom.com.br\/site\/wp-content\/uploads\/2025\/10\/site-metanol-campo-grande-orienta-sobre-consumo-de-alcool-metanol-260x173.webp 260w\" sizes=\"(max-width: 419px) 100vw, 419px\" \/><\/p>\n<p style=\"text-align: justify;\">A Prefeitura de Campo Grande, por meio da Secretaria Municipal de Sa\u00fade (Sesau), informa que recebeu a notifica\u00e7\u00e3o do primeiro caso suspeito de intoxica\u00e7\u00e3o por ingest\u00e3o de bebida alco\u00f3lica na Capital, infelizmente evoluindo para \u00f3bito no dia 2 de outubro.<\/p>\n<p style=\"text-align: justify;\">O paciente de 21 anos, foi atendido na UPA Universit\u00e1rio com sintomas de mal-estar, n\u00e1useas, v\u00f4mitos e dor abdominal intensa.<\/p>\n<p style=\"text-align: justify;\">A Sesau est\u00e1 acompanhando a investiga\u00e7\u00e3o em conjunto com a Vigil\u00e2ncia Sanit\u00e1ria Estadual, Procon, Decon e Garras, al\u00e9m de manter contato direto com o Ciatox, Lacen e Labcem para apoio t\u00e9cnico e laboratorial.<\/p>\n<p style=\"text-align: justify;\">Amostras da bebida foram coletadas e encaminhadas a laborat\u00f3rios de refer\u00eancia pelo Estado, e o exame toxicol\u00f3gico segue em andamento no IMOL.<\/p>\n<p style=\"text-align: justify;\">A Coordenadoria de Informa\u00e7\u00f5es Estrat\u00e9gicas em Vigil\u00e2ncia em Sa\u00fade (CIEVS-CG) emitiu um Alerta Epidemiol\u00f3gico sobre os casos de intoxica\u00e7\u00e3o por metanol relacionados ao consumo de bebidas alco\u00f3licas no pa\u00eds, diante da preocupa\u00e7\u00e3o crescente e da notifica\u00e7\u00e3o de situa\u00e7\u00f5es semelhantes em outros estados.<\/p>\n<p style=\"text-align: justify;\">A Coordenadoria de Vigil\u00e2ncia Sanit\u00e1ria de Campo Grande (CVS) est\u00e1 intensificando a fiscaliza\u00e7\u00e3o e a\u00e7\u00f5es conjuntas com outros \u00f3rg\u00e3os, refor\u00e7ando as medidas de preven\u00e7\u00e3o e controle.<\/p>\n<p style=\"text-align: justify;\"><span style=\"font-size: 14pt;\"><strong>Para reduzir os riscos, a Sesau orienta a popula\u00e7\u00e3o:<\/strong><\/span><\/p>\n<ul class=\"wp-block-list\" style=\"text-align: justify;\">\n<li>Compre apenas em estabelecimentos confi\u00e1veis e exija a nota fiscal (confira o QR Code da NFC-e).<\/li>\n<li>Prefira garrafas lacradas e \u00edntegras; recuse produtos com tampa violada, r\u00f3tulo irregular ou impress\u00e3o de baixa qualidade.<\/li>\n<li>Confira o r\u00f3tulo completo (marca, fabricante\/CNPJ, lote, teor alco\u00f3lico e SAC).<\/li>\n<li>Solicite a abertura da garrafa na sua frente. Evite bebidas a granel, \u201crefil\u201d ou misturas de origem duvidosa.<\/li>\n<li>Desconfie de pre\u00e7os muito abaixo do mercado.<\/li>\n<li>Atente-se a sinais suspeitos: odor de solvente\/acetona, turbidez, sedimentos ou colora\u00e7\u00e3o anormal.<\/li>\n<\/ul>\n<p style=\"text-align: justify;\"><b>Nos acompanhe, veja mais not\u00edcias em<\/b>: <span style=\"color: #0000ff;\"><u><a href=\"http:\/\/www.mspontocom.com.br\/\"><span style=\"font-family: Calibri, sans-serif;\">www.mspontocom.com.br<\/span><\/a><\/u><\/span><\/p>\n","protected":false},"excerpt":{"rendered":"<p>A Prefeitura de Campo Grande, por meio da Secretaria Municipal de Sa\u00fade (Sesau), informa que recebeu a notifica\u00e7\u00e3o do primeiro caso suspeito de intoxica\u00e7\u00e3o por ingest\u00e3o de bebida alco\u00f3lica na Capital, infelizmente evoluindo para \u00f3bito no dia 2 de outubro. O paciente de 21 anos, foi atendido na UPA Universit\u00e1rio com sintomas de mal-estar, n\u00e1useas, [&hellip;]<\/p>\n","protected":false},"author":2,"featured_media":203753,"comment_status":"open","ping_status":"open","sticky":false,"template":"","format":"standard","meta":{"_monsterinsights_skip_tracking":false,"_monsterinsights_sitenote_active":false,"_monsterinsights_sitenote_note":"","_monsterinsights_sitenote_category":0},"categories":[4328,11],"tags":[681,123,1469,43660,27970,165],"aioseo_notices":[],"_links":{"self":[{"href":"https:\/\/mspontocom.com.br\/site\/wp-json\/wp\/v2\/posts\/203752"}],"collection":[{"href":"https:\/\/mspontocom.com.br\/site\/wp-json\/wp\/v2\/posts"}],"about":[{"href":"https:\/\/mspontocom.com.br\/site\/wp-json\/wp\/v2\/types\/post"}],"author":[{"embeddable":true,"href":"https:\/\/mspontocom.com.br\/site\/wp-json\/wp\/v2\/users\/2"}],"replies":[{"embeddable":true,"href":"https:\/\/mspontocom.com.br\/site\/wp-json\/wp\/v2\/comments?post=203752"}],"version-history":[{"count":1,"href":"https:\/\/mspontocom.com.br\/site\/wp-json\/wp\/v2\/posts\/203752\/revisions"}],"predecessor-version":[{"id":203754,"href":"https:\/\/mspontocom.com.br\/site\/wp-json\/wp\/v2\/posts\/203752\/revisions\/203754"}],"wp:featuredmedia":[{"embeddable":true,"href":"https:\/\/mspontocom.com.br\/site\/wp-json\/wp\/v2\/media\/203753"}],"wp:attachment":[{"href":"https:\/\/mspontocom.com.br\/site\/wp-json\/wp\/v2\/media?parent=203752"}],"wp:term":[{"taxonomy":"category","embeddable":true,"href":"https:\/\/mspontocom.com.br\/site\/wp-json\/wp\/v2\/categories?post=203752"},{"taxonomy":"post_tag","embeddable":true,"href":"https:\/\/mspontocom.com.br\/site\/wp-json\/wp\/v2\/tags?post=203752"}],"curies":[{"name":"wp","href":"https:\/\/api.w.org\/{rel}","templated":true}]}}