{"id":203797,"date":"2025-10-08T05:42:44","date_gmt":"2025-10-08T09:42:44","guid":{"rendered":"https:\/\/mspontocom.com.br\/site\/?p=203797"},"modified":"2025-10-08T05:42:44","modified_gmt":"2025-10-08T09:42:44","slug":"anticomunista-e-critico-de-lula-esse-e-o-negociador-de-trump","status":"publish","type":"post","link":"https:\/\/mspontocom.com.br\/site\/anticomunista-e-critico-de-lula-esse-e-o-negociador-de-trump\/","title":{"rendered":"Anticomunista e cr\u00edtico de Lula. Esse \u00e9 o negociador de Trump"},"content":{"rendered":"<p class=\"postParagraph_post-paragraph__juWZN\" style=\"text-align: justify;\"><img loading=\"lazy\" class=\"alignnone size-full wp-image-203811\" src=\"http:\/\/mspontocom.com.br\/site\/wp-content\/uploads\/2025\/10\/site-anticomunista-e-critico-de-lula-esse-e-o-negociador-de-trump-rubio.webp\" alt=\"\" width=\"675\" height=\"449\" srcset=\"https:\/\/mspontocom.com.br\/site\/wp-content\/uploads\/2025\/10\/site-anticomunista-e-critico-de-lula-esse-e-o-negociador-de-trump-rubio.webp 675w, https:\/\/mspontocom.com.br\/site\/wp-content\/uploads\/2025\/10\/site-anticomunista-e-critico-de-lula-esse-e-o-negociador-de-trump-rubio-260x173.webp 260w\" sizes=\"(max-width: 675px) 100vw, 675px\" \/>O governo Lula confirmou que o presidente dos Estados Unidos, Donald Trump, designou o secret\u00e1rio de Estado <strong>Marco Rubio<\/strong> para conduzir as futuras negocia\u00e7\u00f5es bilaterais com o Brasil.<\/p>\n<p class=\"postParagraph_post-paragraph__juWZN\" style=\"text-align: justify;\">A decis\u00e3o foi anunciada ap\u00f3s uma conversa de 30 minutos entre os dois presidentes.<\/p>\n<h2 class=\"postParagraph_post-paragraph__juWZN postParagraph_type-tag-h2__TtFkT\" style=\"text-align: justify;\">O que esperar de Rubio como negociador<\/h2>\n<p class=\"postParagraph_post-paragraph-innerHtml__Q5vwc\" style=\"text-align: justify;\">Para o analista pol\u00edtico Brian Winter, editor-chefe da revista\u00a0<em>Americas Quarterly<\/em>, a designa\u00e7\u00e3o de Rubio como negociador <strong>\u00e9 \u201co caminho mais duro poss\u00edvel para o Brasil\u201d,<\/strong> ou seja, o governo Lula deve lidar com um representante dif\u00edcil, que dever\u00e1 fazer solicita\u00e7\u00f5es exigentes.<\/p>\n<p class=\"postParagraph_post-paragraph__juWZN\" style=\"text-align: justify;\">Em publica\u00e7\u00e3o em seu perfil no X, Winter escreveu que \u201cos brasileiros acham que a liga\u00e7\u00e3o entre Trump e Lula correu bem, mas Trump nomear Marco Rubio como respons\u00e1vel pelas conversas \u00e9 o <strong>cen\u00e1rio mais dif\u00edcil.<\/strong><\/p>\n<p class=\"postParagraph_post-paragraph__juWZN\" style=\"text-align: justify;\"><strong>Rubio \u00e9 um cr\u00edtico antigo de Lula<\/strong> e pode impor exig\u00eancias relacionadas \u00e0 Venezuela, \u00e0 China e a outros temas\u201d.<\/p>\n<p class=\"postParagraph_post-paragraph-innerHtml__Q5vwc\" style=\"text-align: justify;\">Em artigo publicado no final de setembro na\u00a0<em>Americas Quarterly<\/em>, Winter avaliou que a reaproxima\u00e7\u00e3o entre a Casa Branca e o Planalto &#8211; que culminou nesta designa\u00e7\u00e3o de Rubio &#8211; integra a estrat\u00e9gia de Trump para \u201cbaixar a temperatura\u201d nas rela\u00e7\u00f5es com o Brasil &#8211; mas \u201capenas um pouco\u201d.<\/p>\n<h2 class=\"postParagraph_post-paragraph__juWZN postParagraph_type-tag-h2__TtFkT\" style=\"text-align: justify;\">Linha-dura contra a esquerda e anticomunista<\/h2>\n<p class=\"postParagraph_post-paragraph__juWZN\" style=\"text-align: justify;\">Marco Rubio, de 54 anos, \u00e9 um dos principais nomes do Partido Republicano e s\u00edmbolo da ala anticomunista dos Estados Unidos.<\/p>\n<p class=\"postParagraph_post-paragraph__juWZN\" style=\"text-align: justify;\">Filho de cubanos que fugiram do regime de Fidel Castro, o atual secret\u00e1rio de Estado construiu sua trajet\u00f3ria pol\u00edtica combatendo governos, regimes e movimentos de esquerda na Am\u00e9rica Latina.<\/p>\n<p class=\"postParagraph_post-paragraph-innerHtml__Q5vwc\" style=\"text-align: justify;\">\n<div class=\"adBanner_c-ads__vacy1 adBanner_ads-desktop__YVQsV adBanner_d-pos-post-1__MMoGJ adBanner_d-pos-post-1__MMoGJ adBanner_open__ViOaF \" data-ads=\"ads-desktop\">\n<div id=\"d-pos-post-1\" class=\"adBanner_ads-desktop__YVQsV\" style=\"text-align: justify;\">fonte: Gazeta do Povo<\/div>\n<div class=\"adBanner_ads-desktop__YVQsV\" style=\"text-align: justify;\">\n<p><b>Nos acompanhe, veja mais not\u00edcias em<\/b>: <span style=\"color: #0000ff;\"><u><a href=\"http:\/\/www.mspontocom.com.br\/\"><span style=\"font-family: Calibri, sans-serif;\">www.mspontocom.com.br<\/span><\/a><\/u><\/span><\/p>\n<\/div>\n<\/div>\n<p class=\"postParagraph_post-paragraph__juWZN\">\n<div class=\"adBanner_c-ads__vacy1 adBanner_ads-desktop__YVQsV adBanner_d-pos-post-3__EgpwU adBanner_d-pos-post-3__EgpwU adBanner_open__ViOaF \" data-ads=\"ads-desktop\"><\/div>\n","protected":false},"excerpt":{"rendered":"<p>O governo Lula confirmou que o presidente dos Estados Unidos, Donald Trump, designou o secret\u00e1rio de Estado Marco Rubio para conduzir as futuras negocia\u00e7\u00f5es bilaterais com o Brasil. A decis\u00e3o foi anunciada ap\u00f3s uma conversa de 30 minutos entre os dois presidentes. O que esperar de Rubio como negociador Para o analista pol\u00edtico Brian Winter, [&hellip;]<\/p>\n","protected":false},"author":2,"featured_media":203811,"comment_status":"open","ping_status":"open","sticky":false,"template":"","format":"standard","meta":{"_monsterinsights_skip_tracking":false,"_monsterinsights_sitenote_active":false,"_monsterinsights_sitenote_note":"","_monsterinsights_sitenote_category":0},"categories":[30260,7,30259,12],"tags":[],"aioseo_notices":[],"_links":{"self":[{"href":"https:\/\/mspontocom.com.br\/site\/wp-json\/wp\/v2\/posts\/203797"}],"collection":[{"href":"https:\/\/mspontocom.com.br\/site\/wp-json\/wp\/v2\/posts"}],"about":[{"href":"https:\/\/mspontocom.com.br\/site\/wp-json\/wp\/v2\/types\/post"}],"author":[{"embeddable":true,"href":"https:\/\/mspontocom.com.br\/site\/wp-json\/wp\/v2\/users\/2"}],"replies":[{"embeddable":true,"href":"https:\/\/mspontocom.com.br\/site\/wp-json\/wp\/v2\/comments?post=203797"}],"version-history":[{"count":2,"href":"https:\/\/mspontocom.com.br\/site\/wp-json\/wp\/v2\/posts\/203797\/revisions"}],"predecessor-version":[{"id":203812,"href":"https:\/\/mspontocom.com.br\/site\/wp-json\/wp\/v2\/posts\/203797\/revisions\/203812"}],"wp:featuredmedia":[{"embeddable":true,"href":"https:\/\/mspontocom.com.br\/site\/wp-json\/wp\/v2\/media\/203811"}],"wp:attachment":[{"href":"https:\/\/mspontocom.com.br\/site\/wp-json\/wp\/v2\/media?parent=203797"}],"wp:term":[{"taxonomy":"category","embeddable":true,"href":"https:\/\/mspontocom.com.br\/site\/wp-json\/wp\/v2\/categories?post=203797"},{"taxonomy":"post_tag","embeddable":true,"href":"https:\/\/mspontocom.com.br\/site\/wp-json\/wp\/v2\/tags?post=203797"}],"curies":[{"name":"wp","href":"https:\/\/api.w.org\/{rel}","templated":true}]}}