{"id":203890,"date":"2025-10-10T04:41:39","date_gmt":"2025-10-10T08:41:39","guid":{"rendered":"https:\/\/mspontocom.com.br\/site\/?p=203890"},"modified":"2025-10-10T07:46:44","modified_gmt":"2025-10-10T11:46:44","slug":"tour-acelera-brasil-chega-a-campo-grande-com-foco-em-gestao","status":"publish","type":"post","link":"https:\/\/mspontocom.com.br\/site\/tour-acelera-brasil-chega-a-campo-grande-com-foco-em-gestao\/","title":{"rendered":"Tour Acelera Brasil chega a Campo Grande com foco em gest\u00e3o"},"content":{"rendered":"<p style=\"text-align: justify;\"><img loading=\"lazy\" class=\"alignnone size-full wp-image-203895\" src=\"http:\/\/mspontocom.com.br\/site\/wp-content\/uploads\/2025\/10\/site-tour-acelera-brasil-chega-a-campo-grande-com-foco-em-gestao-images-e1760096698896.jpg\" alt=\"\" width=\"198\" height=\"181\" \/><\/p>\n<p style=\"text-align: justify;\">Hoje, 10 de outubro, Campo Grande sediar\u00e1 o Workshop Acelere sua Empresa, uma das paradas da <a href=\"https:\/\/www.aceleradorempresarial.com.br\/workshop-acelere-sua-empresa-2025-campo-grande-vendas\" target=\"_blank\" rel=\"noopener\" data-saferedirecturl=\"https:\/\/www.google.com\/url?q=https:\/\/www.aceleradorempresarial.com.br\/workshop-acelere-sua-empresa-2025-campo-grande-vendas&amp;source=gmail&amp;ust=1760179846649000&amp;usg=AOvVaw3Zo5sZOmhK3csJccC_qCMn\">Tour Acelera Brasil e<\/a>m 2025.<\/p>\n<p style=\"text-align: justify;\">O encontro ser\u00e1 conduzido por\u00a0<a href=\"https:\/\/www.instagram.com\/marcusmarquesoficial\" target=\"_blank\" rel=\"noopener\" data-saferedirecturl=\"https:\/\/www.google.com\/url?q=https:\/\/www.instagram.com\/marcusmarquesoficial&amp;source=gmail&amp;ust=1760179846649000&amp;usg=AOvVaw04pjfc2QnK18EPyXAbCpNk\">Marcus Marques<\/a>, fundador e CEO do Grupo Acelerador, e ter\u00e1 edi\u00e7\u00e3o \u00fanica na capital sul-mato-grossense.<\/p>\n<p style=\"text-align: justify;\">Voltado a empres\u00e1rios com equipes de 10 a 1.000 colaboradores, o evento re\u00fane cinco horas de conte\u00fado pr\u00e1tico para transformar a rotina de neg\u00f3cios que enfrentam gargalos de crescimento.<\/p>\n<p style=\"text-align: justify;\">Campo Grande ocupa posi\u00e7\u00e3o estrat\u00e9gica no Centro-Oeste, com destaque para o agroneg\u00f3cio, o com\u00e9rcio e a log\u00edstica, al\u00e9m de ser polo educacional e de servi\u00e7os.<\/p>\n<p style=\"text-align: justify;\">O workshop ser\u00e1 baseado em fundamentos aplicados que incluem alavancagem de vendas com previsibilidade, gest\u00e3o eficiente de recursos e margens, forma\u00e7\u00e3o de lideran\u00e7as capazes de engajar equipes, constru\u00e7\u00e3o de uma cultura s\u00f3lida que ret\u00e9m talentos e decis\u00f5es estrat\u00e9gicas orientadas ao crescimento sustent\u00e1vel. Para Marcus Marques, o desafio central das PMEs \u00e9 abandonar a l\u00f3gica de improviso.<\/p>\n<p style=\"text-align: justify;\">Em Campo Grande, al\u00e9m do conte\u00fado t\u00e9cnico, os participantes ter\u00e3o oportunidade de ampliar conex\u00f5es em um ambiente de <strong>networking estrat\u00e9gico.<\/strong><\/p>\n<p style=\"text-align: justify;\">\n<p style=\"text-align: justify;\"><strong>Servi\u00e7o<\/strong><\/p>\n<p style=\"text-align: justify;\"><strong>Workshop Acelere sua Empresa \u2013 Campo Grande (MS)<\/strong><strong><br \/>\n<\/strong>Data: 10 de outubro de 2025<br \/>\nInscri\u00e7\u00f5es e informa\u00e7\u00f5es:<a href=\"https:\/\/www.aceleradorempresarial.com.br\/workshop-acelere-sua-empresa-2025-campo-grande-vendas\" target=\"_blank\" rel=\"noopener\" data-saferedirecturl=\"https:\/\/www.google.com\/url?q=https:\/\/www.aceleradorempresarial.com.br\/workshop-acelere-sua-empresa-2025-campo-grande-vendas&amp;source=gmail&amp;ust=1760179846649000&amp;usg=AOvVaw3Zo5sZOmhK3csJccC_qCMn\">\u00a0site oficial<br \/>\n<\/a>Local:\u00a0Hotel Deville Prime Campo Grande. Av. Mato Grosso, 4250 &#8211; Carand\u00e1 Bosque, Campo Grande &#8211; MS<\/p>\n","protected":false},"excerpt":{"rendered":"<p>Hoje, 10 de outubro, Campo Grande sediar\u00e1 o Workshop Acelere sua Empresa, uma das paradas da Tour Acelera Brasil em 2025. O encontro ser\u00e1 conduzido por\u00a0Marcus Marques, fundador e CEO do Grupo Acelerador, e ter\u00e1 edi\u00e7\u00e3o \u00fanica na capital sul-mato-grossense. Voltado a empres\u00e1rios com equipes de 10 a 1.000 colaboradores, o evento re\u00fane cinco horas [&hellip;]<\/p>\n","protected":false},"author":2,"featured_media":203895,"comment_status":"open","ping_status":"open","sticky":false,"template":"","format":"standard","meta":{"_monsterinsights_skip_tracking":false,"_monsterinsights_sitenote_active":false,"_monsterinsights_sitenote_note":"","_monsterinsights_sitenote_category":0},"categories":[4328,15],"tags":[43709,123,27913],"aioseo_notices":[],"_links":{"self":[{"href":"https:\/\/mspontocom.com.br\/site\/wp-json\/wp\/v2\/posts\/203890"}],"collection":[{"href":"https:\/\/mspontocom.com.br\/site\/wp-json\/wp\/v2\/posts"}],"about":[{"href":"https:\/\/mspontocom.com.br\/site\/wp-json\/wp\/v2\/types\/post"}],"author":[{"embeddable":true,"href":"https:\/\/mspontocom.com.br\/site\/wp-json\/wp\/v2\/users\/2"}],"replies":[{"embeddable":true,"href":"https:\/\/mspontocom.com.br\/site\/wp-json\/wp\/v2\/comments?post=203890"}],"version-history":[{"count":2,"href":"https:\/\/mspontocom.com.br\/site\/wp-json\/wp\/v2\/posts\/203890\/revisions"}],"predecessor-version":[{"id":203896,"href":"https:\/\/mspontocom.com.br\/site\/wp-json\/wp\/v2\/posts\/203890\/revisions\/203896"}],"wp:featuredmedia":[{"embeddable":true,"href":"https:\/\/mspontocom.com.br\/site\/wp-json\/wp\/v2\/media\/203895"}],"wp:attachment":[{"href":"https:\/\/mspontocom.com.br\/site\/wp-json\/wp\/v2\/media?parent=203890"}],"wp:term":[{"taxonomy":"category","embeddable":true,"href":"https:\/\/mspontocom.com.br\/site\/wp-json\/wp\/v2\/categories?post=203890"},{"taxonomy":"post_tag","embeddable":true,"href":"https:\/\/mspontocom.com.br\/site\/wp-json\/wp\/v2\/tags?post=203890"}],"curies":[{"name":"wp","href":"https:\/\/api.w.org\/{rel}","templated":true}]}}