{"id":203892,"date":"2025-10-10T04:34:52","date_gmt":"2025-10-10T08:34:52","guid":{"rendered":"https:\/\/mspontocom.com.br\/site\/?p=203892"},"modified":"2025-10-10T07:41:19","modified_gmt":"2025-10-10T11:41:19","slug":"campo-grande-projeta-aplicativo-que-vai-integrar-paises-da-rota-bioceanica","status":"publish","type":"post","link":"https:\/\/mspontocom.com.br\/site\/campo-grande-projeta-aplicativo-que-vai-integrar-paises-da-rota-bioceanica\/","title":{"rendered":"Campo Grande projeta aplicativo que vai integrar pa\u00edses da Rota Bioce\u00e2nica"},"content":{"rendered":"<p style=\"text-align: justify;\"><img loading=\"lazy\" class=\"alignnone size-full wp-image-203893\" src=\"http:\/\/mspontocom.com.br\/site\/wp-content\/uploads\/2025\/10\/site-campo-grande-projeta-aplicativo-que-vai-integrar-paises-da-rota-bioceanica-app.jpeg\" alt=\"\" width=\"1024\" height=\"693\" srcset=\"https:\/\/mspontocom.com.br\/site\/wp-content\/uploads\/2025\/10\/site-campo-grande-projeta-aplicativo-que-vai-integrar-paises-da-rota-bioceanica-app.jpeg 1024w, https:\/\/mspontocom.com.br\/site\/wp-content\/uploads\/2025\/10\/site-campo-grande-projeta-aplicativo-que-vai-integrar-paises-da-rota-bioceanica-app-260x176.jpeg 260w, https:\/\/mspontocom.com.br\/site\/wp-content\/uploads\/2025\/10\/site-campo-grande-projeta-aplicativo-que-vai-integrar-paises-da-rota-bioceanica-app-768x520.jpeg 768w\" sizes=\"(max-width: 1024px) 100vw, 1024px\" \/>A prefeita Adriane Lopes anunciou durante o VII F\u00f3rum dos Territ\u00f3rios Subnacionais do Corredor Bioce\u00e2nico de Capric\u00f3rnio (CBC), em San Salvador de Jujuy, na Argentina, que Campo Grande ser\u00e1 respons\u00e1vel pelo desenvolvimento do <strong>Aplicativo Rota Bioce\u00e2nica. <\/strong><\/p>\n<p style=\"text-align: justify;\">A ferramenta foi apresentada\u00a0 para fortalecer a integra\u00e7\u00e3o entre os pa\u00edses que comp\u00f5em o corredor, Brasil, Paraguai, Argentina e Chile, reunindo, em um \u00fanico ambiente digital, informa\u00e7\u00f5es oficiais, servi\u00e7os tur\u00edsticos e dados institucionais das cidades participantes.<\/p>\n<p style=\"text-align: justify;\">Com foco em praticidade e integra\u00e7\u00e3o, a plataforma reunir\u00e1 informa\u00e7\u00f5es sobre restaurantes, hot\u00e9is, atra\u00e7\u00f5es tur\u00edsticas, institui\u00e7\u00f5es financeiras e estabelecimentos de sa\u00fade, facilitando o planejamento das viagens e promovendo uma experi\u00eancia completa e segura aos turistas.<\/p>\n<p style=\"text-align: justify;\">Cada munic\u00edpio participante contar\u00e1 com uma p\u00e1gina informativa, com dados sobre popula\u00e7\u00e3o, gest\u00e3o local, cultura e gastronomia, al\u00e9m de uma agenda cultural atualizada com fotos, descri\u00e7\u00f5es e hor\u00e1rios de eventos.<\/p>\n<p style=\"text-align: justify;\">Entre os recursos previstos est\u00e3o previs\u00e3o do tempo, selo de verifica\u00e7\u00e3o para estabelecimentos validados e uma se\u00e7\u00e3o institucional sobre o projeto, garantindo confiabilidade e transpar\u00eancia aos usu\u00e1rios.<\/p>\n<p style=\"text-align: justify;\">Durante o mesmo evento, foi oficializada a cria\u00e7\u00e3o da Alian\u00e7a Bioce\u00e2nica de Munic\u00edpios (ABM), rede internacional de coopera\u00e7\u00e3o que re\u00fane cerca de 25 cidades dos quatro pa\u00edses que integram o corredor.<\/p>\n<p style=\"text-align: justify;\">A Alian\u00e7a nasce com o objetivo de fortalecer o desenvolvimento sustent\u00e1vel, econ\u00f4mico e social das regi\u00f5es envolvidas, com foco no interc\u00e2mbio de boas pr\u00e1ticas, na redu\u00e7\u00e3o das desigualdades regionais e na promo\u00e7\u00e3o da sustentabilidade.<\/p>\n<p style=\"text-align: justify;\"><strong>As principais \u00e1reas de coopera\u00e7\u00e3o incluem:<\/strong><\/p>\n<ul class=\"wp-block-list\" style=\"text-align: justify;\">\n<li><strong>Turismo e cultura:\u00a0<\/strong>promo\u00e7\u00e3o de circuitos integrados, eventos conjuntos e interc\u00e2mbio cultural;<\/li>\n<\/ul>\n<ul class=\"wp-block-list\" style=\"text-align: justify;\">\n<li><strong>Com\u00e9rcio e produ\u00e7\u00e3o:<\/strong>\u00a0fortalecimento de miss\u00f5es empresariais e participa\u00e7\u00e3o em feiras internacionais;<\/li>\n<\/ul>\n<ul class=\"wp-block-list\" style=\"text-align: justify;\">\n<li><strong>Ci\u00eancia, tecnologia e inova\u00e7\u00e3o:\u00a0<\/strong>est\u00edmulo a projetos colaborativos, uso de intelig\u00eancia artificial e desenvolvimento regional;<\/li>\n<\/ul>\n<ul class=\"wp-block-list\" style=\"text-align: justify;\">\n<li><strong>Meio ambiente e sustentabilidade:<\/strong>\u00a0promo\u00e7\u00e3o da economia circular, uso de energias renov\u00e1veis e cria\u00e7\u00e3o de cidades resilientes.<\/li>\n<\/ul>\n<p style=\"text-align: justify;\"><b>Nos acompanhe, veja mais not\u00edcias em<\/b>: <span style=\"color: #0000ff;\"><u><a href=\"http:\/\/www.mspontocom.com.br\/\"><span style=\"font-family: Calibri, sans-serif;\">www.mspontocom.com.br<\/span><\/a><\/u><\/span><\/p>\n","protected":false},"excerpt":{"rendered":"<p>A prefeita Adriane Lopes anunciou durante o VII F\u00f3rum dos Territ\u00f3rios Subnacionais do Corredor Bioce\u00e2nico de Capric\u00f3rnio (CBC), em San Salvador de Jujuy, na Argentina, que Campo Grande ser\u00e1 respons\u00e1vel pelo desenvolvimento do Aplicativo Rota Bioce\u00e2nica. A ferramenta foi apresentada\u00a0 para fortalecer a integra\u00e7\u00e3o entre os pa\u00edses que comp\u00f5em o corredor, Brasil, Paraguai, Argentina e [&hellip;]<\/p>\n","protected":false},"author":2,"featured_media":203893,"comment_status":"open","ping_status":"open","sticky":false,"template":"","format":"standard","meta":{"_monsterinsights_skip_tracking":false,"_monsterinsights_sitenote_active":false,"_monsterinsights_sitenote_note":"","_monsterinsights_sitenote_category":0},"categories":[4328],"tags":[2001,15135,123,14855],"aioseo_notices":[],"_links":{"self":[{"href":"https:\/\/mspontocom.com.br\/site\/wp-json\/wp\/v2\/posts\/203892"}],"collection":[{"href":"https:\/\/mspontocom.com.br\/site\/wp-json\/wp\/v2\/posts"}],"about":[{"href":"https:\/\/mspontocom.com.br\/site\/wp-json\/wp\/v2\/types\/post"}],"author":[{"embeddable":true,"href":"https:\/\/mspontocom.com.br\/site\/wp-json\/wp\/v2\/users\/2"}],"replies":[{"embeddable":true,"href":"https:\/\/mspontocom.com.br\/site\/wp-json\/wp\/v2\/comments?post=203892"}],"version-history":[{"count":1,"href":"https:\/\/mspontocom.com.br\/site\/wp-json\/wp\/v2\/posts\/203892\/revisions"}],"predecessor-version":[{"id":203894,"href":"https:\/\/mspontocom.com.br\/site\/wp-json\/wp\/v2\/posts\/203892\/revisions\/203894"}],"wp:featuredmedia":[{"embeddable":true,"href":"https:\/\/mspontocom.com.br\/site\/wp-json\/wp\/v2\/media\/203893"}],"wp:attachment":[{"href":"https:\/\/mspontocom.com.br\/site\/wp-json\/wp\/v2\/media?parent=203892"}],"wp:term":[{"taxonomy":"category","embeddable":true,"href":"https:\/\/mspontocom.com.br\/site\/wp-json\/wp\/v2\/categories?post=203892"},{"taxonomy":"post_tag","embeddable":true,"href":"https:\/\/mspontocom.com.br\/site\/wp-json\/wp\/v2\/tags?post=203892"}],"curies":[{"name":"wp","href":"https:\/\/api.w.org\/{rel}","templated":true}]}}