{"id":203959,"date":"2025-10-14T05:32:17","date_gmt":"2025-10-14T09:32:17","guid":{"rendered":"https:\/\/mspontocom.com.br\/site\/?p=203959"},"modified":"2025-10-14T05:32:17","modified_gmt":"2025-10-14T09:32:17","slug":"elon-musk-oferece-advogados-para-brasileira-alvo-de-moraes","status":"publish","type":"post","link":"https:\/\/mspontocom.com.br\/site\/elon-musk-oferece-advogados-para-brasileira-alvo-de-moraes\/","title":{"rendered":"Elon Musk oferece advogados para brasileira alvo de Moraes"},"content":{"rendered":"<div id=\"hd80s9wa1h892edh8192\">\n<p style=\"text-align: justify;\"><img loading=\"lazy\" class=\"alignnone size-full wp-image-203969\" src=\"http:\/\/mspontocom.com.br\/site\/wp-content\/uploads\/2025\/10\/site-elon-musk-oferece-advogados-para-brasileira-alvo-de-moraes-alemusk.jpg\" alt=\"\" width=\"824\" height=\"494\" srcset=\"https:\/\/mspontocom.com.br\/site\/wp-content\/uploads\/2025\/10\/site-elon-musk-oferece-advogados-para-brasileira-alvo-de-moraes-alemusk.jpg 824w, https:\/\/mspontocom.com.br\/site\/wp-content\/uploads\/2025\/10\/site-elon-musk-oferece-advogados-para-brasileira-alvo-de-moraes-alemusk-260x156.jpg 260w, https:\/\/mspontocom.com.br\/site\/wp-content\/uploads\/2025\/10\/site-elon-musk-oferece-advogados-para-brasileira-alvo-de-moraes-alemusk-768x460.jpg 768w\" sizes=\"(max-width: 824px) 100vw, 824px\" \/>Advogados pagos pelo empres\u00e1rio Elon Musk se reuniram com a cidad\u00e3 brasileira naturalizada norte-americana Fl\u00e1via Magalh\u00e3es para ajud\u00e1-la em sua defesa jur\u00eddica nos Estados Unidos.<\/p>\n<p style=\"text-align: justify;\"><strong>Fl\u00e1via Magalh\u00e3es \u00e9 alvo de um mandado de pris\u00e3o expedido pelo ministro Alexandre de Moraes<\/strong>, no \u00e2mbito dos inqu\u00e9ritos das chamadas \u201cmil\u00edcias digitais\u201d.<\/p>\n<blockquote><p><em>\u201cA equipe do Elon Musk entrou em contato comigo, pediu que eu fosse a Washington e colocou uma bancada de advogados \u00e0 minha disposi\u00e7\u00e3o\u201d, afirmou. \u201cN\u00e3o vou pagar nada. Eles me defendendo.\u201d<\/em><\/p><\/blockquote>\n<figure class=\"wp-block-embed is-type-video is-provider-youtube wp-block-embed-youtube wp-embed-aspect-16-9 wp-has-aspect-ratio\" style=\"text-align: justify;\"><\/figure>\n<h2 id=\"h-quem-e-flavia-magalhaes\" class=\"wp-block-heading\" style=\"text-align: justify;\"><strong>Quem \u00e9 Fl\u00e1via Magalh\u00e3es<\/strong><\/h2>\n<p style=\"text-align: justify;\">Residente na Fl\u00f3rida h\u00e1 23 anos, Fl\u00e1via Magalh\u00e3es \u00e9 cidad\u00e3 norte-americana desde 2012 e disse estar impedida de entrar no Brasil desde 2024.<\/p>\n<p style=\"text-align: justify;\">Nem seu advogado, Paulo Faria, teve acesso ao n\u00famero do processo no STF.<\/p>\n<p style=\"text-align: justify;\">\u201cAt\u00e9 hoje, meu advogado n\u00e3o sabe do que estou sendo acusada\u201d, revelou.<\/p>\n<p style=\"text-align: justify;\">O caso ganhou propor\u00e7\u00f5es internacionais em junho de 2023, quando suas contas no X foram bloqueadas no Brasil por ordem do ministro Alexandre de Moraes.<\/p>\n<h2 id=\"h-sem-acesso-aos-autos\" class=\"wp-block-heading\" style=\"text-align: justify;\"><strong>Sem acesso aos autos<\/strong><\/h2>\n<p style=\"text-align: justify;\">Fl\u00e1via Magalh\u00e3es disse que nunca foi oficialmente notificada sobre as acusa\u00e7\u00f5es.<\/p>\n<p style=\"text-align: justify;\">Ao ser interpelada se existe den\u00fancia formal do Minist\u00e9rio P\u00fablico Federal, respondeu:<\/p>\n<blockquote><p><em>\u201cMeu advogado n\u00e3o tem acesso aos autos. N\u00e3o sabemos o que h\u00e1 no processo, nem qual \u00e9 a acusa\u00e7\u00e3o concreta\u201d.<\/em><\/p><\/blockquote>\n<p style=\"text-align: justify;\">Ela tamb\u00e9m disse que n\u00e3o integra nenhum grupo pol\u00edtico nem organiza\u00e7\u00e3o investigada pelo STF.<\/p>\n<h2 id=\"h-apoio-politico\" class=\"wp-block-heading\" style=\"text-align: justify;\">Apoio pol\u00edtico<\/h2>\n<p style=\"text-align: justify;\">Fl\u00e1via Magalh\u00e3es reconheceu que o caso ganhou visibilidade internacional gra\u00e7as \u00e0 atua\u00e7\u00e3o do deputado federal licenciado Eduardo Bolsonaro e do jornalista Paulo Figueiredo, que teriam levado sua hist\u00f3ria aos EUA.<\/p>\n<p style=\"text-align: justify;\">Ela tamb\u00e9m citou Allan dos Santos como um dos primeiros a alert\u00e1-la sobre a persegui\u00e7\u00e3o judicial no Brasil.<\/p>\n<blockquote class=\"wp-block-quote is-layout-flow wp-block-quote-is-layout-flow\"><p>\u201c<em>SE N\u00c3O FOSSEM EDUARDO BOLSONARO, PAULO FIGUEIREDO E ALLAN DOS SANTOS, EU N\u00c3O TERIA VOZ\u201d, AFIRMOU. \u201cEU ESTAVA BANIDA DO BRASIL E NINGU\u00c9M ME VIA.\u201d<\/em><\/p><\/blockquote>\n<p style=\"text-align: justify;\">Fl\u00e1via Magalh\u00e3es concluiu na entrevista que sua liberdade de express\u00e3o foi garantida nos Estados Unidos, mas violada no Brasil.<\/p>\n<p style=\"text-align: justify;\">\u201cO pa\u00eds onde nasci me persegue\u201d, disse. \u201cO pa\u00eds que me acolheu me protege.\u201d<\/p>\n<\/div>\n<p style=\"text-align: justify;\"><i><b>Continue em nossa companhia em:<\/b><\/i> <a href=\"http:\/\/www.mspontocom.com.br\/\"><span style=\"color: #0000ff;\"><span style=\"font-family: Comic Sans MS, cursive;\"><span style=\"font-size: small;\"><u>www.mspontocom.com.br<\/u><\/span><\/span><\/span><\/a><\/p>\n<p style=\"text-align: justify;\"><a href=\"https:\/\/revistaoeste.com\/politica\/elon-musk-oferece-equipe-de-advogados-para-brasileira-alvo-de-moraes\/\">Via Revista Oeste<\/a><\/p>\n","protected":false},"excerpt":{"rendered":"<p>Advogados pagos pelo empres\u00e1rio Elon Musk se reuniram com a cidad\u00e3 brasileira naturalizada norte-americana Fl\u00e1via Magalh\u00e3es para ajud\u00e1-la em sua defesa jur\u00eddica nos Estados Unidos. Fl\u00e1via Magalh\u00e3es \u00e9 alvo de um mandado de pris\u00e3o expedido pelo ministro Alexandre de Moraes, no \u00e2mbito dos inqu\u00e9ritos das chamadas \u201cmil\u00edcias digitais\u201d. \u201cA equipe do Elon Musk entrou em [&hellip;]<\/p>\n","protected":false},"author":2,"featured_media":203969,"comment_status":"open","ping_status":"open","sticky":false,"template":"","format":"standard","meta":{"_monsterinsights_skip_tracking":false,"_monsterinsights_sitenote_active":false,"_monsterinsights_sitenote_note":"","_monsterinsights_sitenote_category":0},"categories":[30260,2528,7,30259,12],"tags":[214,22789,24782,37373,35247],"aioseo_notices":[],"_links":{"self":[{"href":"https:\/\/mspontocom.com.br\/site\/wp-json\/wp\/v2\/posts\/203959"}],"collection":[{"href":"https:\/\/mspontocom.com.br\/site\/wp-json\/wp\/v2\/posts"}],"about":[{"href":"https:\/\/mspontocom.com.br\/site\/wp-json\/wp\/v2\/types\/post"}],"author":[{"embeddable":true,"href":"https:\/\/mspontocom.com.br\/site\/wp-json\/wp\/v2\/users\/2"}],"replies":[{"embeddable":true,"href":"https:\/\/mspontocom.com.br\/site\/wp-json\/wp\/v2\/comments?post=203959"}],"version-history":[{"count":2,"href":"https:\/\/mspontocom.com.br\/site\/wp-json\/wp\/v2\/posts\/203959\/revisions"}],"predecessor-version":[{"id":203970,"href":"https:\/\/mspontocom.com.br\/site\/wp-json\/wp\/v2\/posts\/203959\/revisions\/203970"}],"wp:featuredmedia":[{"embeddable":true,"href":"https:\/\/mspontocom.com.br\/site\/wp-json\/wp\/v2\/media\/203969"}],"wp:attachment":[{"href":"https:\/\/mspontocom.com.br\/site\/wp-json\/wp\/v2\/media?parent=203959"}],"wp:term":[{"taxonomy":"category","embeddable":true,"href":"https:\/\/mspontocom.com.br\/site\/wp-json\/wp\/v2\/categories?post=203959"},{"taxonomy":"post_tag","embeddable":true,"href":"https:\/\/mspontocom.com.br\/site\/wp-json\/wp\/v2\/tags?post=203959"}],"curies":[{"name":"wp","href":"https:\/\/api.w.org\/{rel}","templated":true}]}}