{"id":203998,"date":"2025-10-15T05:10:14","date_gmt":"2025-10-15T09:10:14","guid":{"rendered":"https:\/\/mspontocom.com.br\/site\/?p=203998"},"modified":"2025-10-15T05:10:14","modified_gmt":"2025-10-15T09:10:14","slug":"advogado-de-trump-denuncia-manobra-para-proteger-moraes","status":"publish","type":"post","link":"https:\/\/mspontocom.com.br\/site\/advogado-de-trump-denuncia-manobra-para-proteger-moraes\/","title":{"rendered":"Advogado de Trump denuncia manobra para proteger Moraes"},"content":{"rendered":"<p class=\"postParagraph_post-paragraph__juWZN\" style=\"text-align: justify;\"><img loading=\"lazy\" class=\"alignnone size-full wp-image-204006\" src=\"http:\/\/mspontocom.com.br\/site\/wp-content\/uploads\/2025\/10\/site-advogado-de-trump-denuncia-manobra-para-proteger-moraes-aletrump1.webp\" alt=\"\" width=\"712\" height=\"370\" srcset=\"https:\/\/mspontocom.com.br\/site\/wp-content\/uploads\/2025\/10\/site-advogado-de-trump-denuncia-manobra-para-proteger-moraes-aletrump1.webp 712w, https:\/\/mspontocom.com.br\/site\/wp-content\/uploads\/2025\/10\/site-advogado-de-trump-denuncia-manobra-para-proteger-moraes-aletrump1-260x135.webp 260w\" sizes=\"(max-width: 712px) 100vw, 712px\" \/>O advogado americano Martin De Luca, representanteda Trump Media &#8211; empresa do presidente dos Estados Unidos, Donald Trump &#8211; acusou o governo brasileiro de obstruir a notifica\u00e7\u00e3o judicial do ministro Alexandre de Moraes, STF.<\/p>\n<p class=\"postParagraph_post-paragraph__juWZN\" style=\"text-align: justify;\">O processo que tramita na Justi\u00e7a Federal da Fl\u00f3rida.<\/p>\n<p class=\"postParagraph_post-paragraph__juWZN\" style=\"text-align: justify;\">A den\u00fancia foi feita nesta ter\u00e7a-feira, ap\u00f3s o Superior Tribunal de Justi\u00e7a (STJ) manter sob sigilo o pedido de cita\u00e7\u00e3o encaminhado pelos Estados Unidos.<\/p>\n<p class=\"postParagraph_post-paragraph__juWZN\" style=\"text-align: justify;\">Em publica\u00e7\u00e3o na rede X, o advogado afirmou que \u201cas autoridades brasileiras est\u00e3o bloqueando a cita\u00e7\u00e3o judicial de Alexandre de Moraes\u201d.<\/p>\n<p class=\"postParagraph_post-paragraph__juWZN\" style=\"text-align: justify;\">De Luca explicou que o tribunal norte-americano enviou, ainda em julho, um pedido formal ao Judici\u00e1rio brasileiro para que Moraes fosse notificado da a\u00e7\u00e3o.<\/p>\n<blockquote>\n<p class=\"postParagraph_post-paragraph__juWZN\"><span style=\"font-size: 14pt;\"><em>\u201cEm vez de processar o pedido, o STJ colocou o caso sob sigilo, enviou-o \u00e0 PGR para um parecer e paralisou por meses. A PGR acabou de emitir seu parecer e\u2026 ele \u00e9 secreto\u201d,<\/em><\/span> relatou.<\/p>\n<\/blockquote>\n<div class=\"adBanner_c-ads__vacy1 adBanner_ads-desktop__YVQsV adBanner_d-pos-post-1__MMoGJ adBanner_d-pos-post-1__MMoGJ adBanner_open__ViOaF \" style=\"text-align: justify;\" data-ads=\"ads-desktop\">\n<div id=\"d-pos-post-1\" class=\"adBanner_ads-desktop__YVQsV\"><\/div>\n<\/div>\n<p class=\"postParagraph_post-paragraph__juWZN\" style=\"text-align: justify;\">O advogado argumenta que o Brasil est\u00e1 descumprindo suas obriga\u00e7\u00f5es internacionais previstas na Conven\u00e7\u00e3o de Haia.<\/p>\n<p class=\"postParagraph_post-paragraph__juWZN\" style=\"text-align: justify;\">O tratado estabelece que pedidos de cita\u00e7\u00e3o de outro pa\u00eds devem ser executados \u201cde maneira c\u00e9lere\u201d, sem interfer\u00eancia pol\u00edtica.<\/p>\n<blockquote>\n<p class=\"postParagraph_post-paragraph__juWZN\"><span style=\"font-size: 14pt;\"><em>\u201cN\u00e3o h\u00e1 base legal para sigilo. Mas, neste caso, os aliados de Moraes est\u00e3o tratando uma simples notifica\u00e7\u00e3o judicial como se fosse uma amea\u00e7a \u00e0 seguran\u00e7a nacional\u201d,<\/em><\/span><\/p>\n<\/blockquote>\n<p class=\"postParagraph_post-paragraph-innerHtml__Q5vwc\" style=\"text-align: justify;\">O jornal\u00a0<em>O Globo<\/em>\u00a0revelou que o processo foi encaminhado \u00e0 PGR a pedido da Advocacia-Geral da Uni\u00e3o (AGU) e tramita sob segredo de Justi\u00e7a desde 29 de setembro.<\/p>\n<p class=\"postParagraph_post-paragraph-innerHtml__Q5vwc\" style=\"text-align: justify;\">O advogado Martin De Luca criticou a medida em entrevista ao jornal.<\/p>\n<p style=\"text-align: justify;\"><i><b>Continue em nossa companhia em:<\/b><\/i> <a href=\"http:\/\/www.mspontocom.com.br\/\"><span style=\"color: #0000ff;\"><span style=\"font-family: Comic Sans MS, cursive;\"><span style=\"font-size: small;\"><u>www.mspontocom.com.br<\/u><\/span><\/span><\/span><\/a><\/p>\n<div class=\"adBanner_c-ads__vacy1 adBanner_ads-desktop__YVQsV adBanner_d-pos-post-2__02kVb adBanner_d-pos-post-2__02kVb adBanner_open__ViOaF \" style=\"text-align: justify;\" data-ads=\"ads-desktop\"><\/div>\n","protected":false},"excerpt":{"rendered":"<p>O advogado americano Martin De Luca, representanteda Trump Media &#8211; empresa do presidente dos Estados Unidos, Donald Trump &#8211; acusou o governo brasileiro de obstruir a notifica\u00e7\u00e3o judicial do ministro Alexandre de Moraes, STF. O processo que tramita na Justi\u00e7a Federal da Fl\u00f3rida. A den\u00fancia foi feita nesta ter\u00e7a-feira, ap\u00f3s o Superior Tribunal de Justi\u00e7a [&hellip;]<\/p>\n","protected":false},"author":2,"featured_media":204006,"comment_status":"open","ping_status":"open","sticky":false,"template":"","format":"standard","meta":{"_monsterinsights_skip_tracking":false,"_monsterinsights_sitenote_active":false,"_monsterinsights_sitenote_note":"","_monsterinsights_sitenote_category":0},"categories":[30260,2528,7,30259,12],"tags":[874,314,23916,35247,43118,28326],"aioseo_notices":[],"_links":{"self":[{"href":"https:\/\/mspontocom.com.br\/site\/wp-json\/wp\/v2\/posts\/203998"}],"collection":[{"href":"https:\/\/mspontocom.com.br\/site\/wp-json\/wp\/v2\/posts"}],"about":[{"href":"https:\/\/mspontocom.com.br\/site\/wp-json\/wp\/v2\/types\/post"}],"author":[{"embeddable":true,"href":"https:\/\/mspontocom.com.br\/site\/wp-json\/wp\/v2\/users\/2"}],"replies":[{"embeddable":true,"href":"https:\/\/mspontocom.com.br\/site\/wp-json\/wp\/v2\/comments?post=203998"}],"version-history":[{"count":2,"href":"https:\/\/mspontocom.com.br\/site\/wp-json\/wp\/v2\/posts\/203998\/revisions"}],"predecessor-version":[{"id":204007,"href":"https:\/\/mspontocom.com.br\/site\/wp-json\/wp\/v2\/posts\/203998\/revisions\/204007"}],"wp:featuredmedia":[{"embeddable":true,"href":"https:\/\/mspontocom.com.br\/site\/wp-json\/wp\/v2\/media\/204006"}],"wp:attachment":[{"href":"https:\/\/mspontocom.com.br\/site\/wp-json\/wp\/v2\/media?parent=203998"}],"wp:term":[{"taxonomy":"category","embeddable":true,"href":"https:\/\/mspontocom.com.br\/site\/wp-json\/wp\/v2\/categories?post=203998"},{"taxonomy":"post_tag","embeddable":true,"href":"https:\/\/mspontocom.com.br\/site\/wp-json\/wp\/v2\/tags?post=203998"}],"curies":[{"name":"wp","href":"https:\/\/api.w.org\/{rel}","templated":true}]}}