{"id":204022,"date":"2025-10-15T05:56:16","date_gmt":"2025-10-15T09:56:16","guid":{"rendered":"https:\/\/mspontocom.com.br\/site\/?p=204022"},"modified":"2025-10-15T07:10:09","modified_gmt":"2025-10-15T11:10:09","slug":"prefeitura-promove-premio-jovem-do-ano-em-campo-grande","status":"publish","type":"post","link":"https:\/\/mspontocom.com.br\/site\/prefeitura-promove-premio-jovem-do-ano-em-campo-grande\/","title":{"rendered":"Prefeitura promove \u201cPr\u00eamio Jovem do Ano\u201d em Campo Grande"},"content":{"rendered":"<p style=\"text-align: justify;\"><img loading=\"lazy\" class=\"alignnone size-full wp-image-204023\" src=\"http:\/\/mspontocom.com.br\/site\/wp-content\/uploads\/2025\/10\/site-prefeitura-promove-premio-jovem-do-ano-em-campo-grande-jovem-e1760526101280.png\" alt=\"\" width=\"1102\" height=\"768\" srcset=\"https:\/\/mspontocom.com.br\/site\/wp-content\/uploads\/2025\/10\/site-prefeitura-promove-premio-jovem-do-ano-em-campo-grande-jovem-e1760526101280.png 1102w, https:\/\/mspontocom.com.br\/site\/wp-content\/uploads\/2025\/10\/site-prefeitura-promove-premio-jovem-do-ano-em-campo-grande-jovem-e1760526101280-260x181.png 260w, https:\/\/mspontocom.com.br\/site\/wp-content\/uploads\/2025\/10\/site-prefeitura-promove-premio-jovem-do-ano-em-campo-grande-jovem-e1760526101280-1024x714.png 1024w, https:\/\/mspontocom.com.br\/site\/wp-content\/uploads\/2025\/10\/site-prefeitura-promove-premio-jovem-do-ano-em-campo-grande-jovem-e1760526101280-768x535.png 768w\" sizes=\"(max-width: 1102px) 100vw, 1102px\" \/>A Secretaria Executiva da Juventude (Sejuv) realiza, no dia\u00a0<strong>9 de dezembro<\/strong>, o\u00a0<strong>Pr\u00eamio Jovem do Ano.<\/strong><\/p>\n<p style=\"text-align: justify;\">\u00a0A iniciativa tem como objetivo reconhecer jovens campo-grandenses que se destacaram em diferentes \u00e1reas, promovendo impacto social e protagonismo juvenil.<\/p>\n<p>A escolha dos indicados ser\u00e1 feita de forma participativa.<\/p>\n<p style=\"text-align: justify;\">A Sejuv abrir\u00e1, nos pr\u00f3ximos dias, uma\u00a0<strong>caixinha de vota\u00e7\u00e3o nos stories das redes sociais oficiais<\/strong>, onde o p\u00fablico poder\u00e1 sugerir nomes para compor a\u00a0<strong>pr\u00e9-sele\u00e7\u00e3o dos finalistas<\/strong>.<\/p>\n<p style=\"text-align: justify;\">\nO\u00a0<strong>Pr\u00eamio Jovem do Ano<\/strong>\u00a0ser\u00e1 dividido em\u00a0dez categorias, que contemplam diferentes formas de atua\u00e7\u00e3o e express\u00e3o.<\/p>\n<p style=\"text-align: justify;\">Cada categoria ter\u00e1\u00a0o limite de 10 participantes, e dentre os selecionados,\u00a0cinco nomes\u00a0ser\u00e3o indicados para a vota\u00e7\u00e3o final.<\/p>\n<p style=\"text-align: justify;\">O mais votado em cada categoria ser\u00e1 o vencedor e receber\u00e1 o pr\u00eamio durante o evento.<strong><br \/>\n<\/strong><br \/>\n<span style=\"font-size: 18pt;\"><strong>As categorias s\u00e3o:<\/strong><\/span><\/p>\n<ul class=\"wp-block-list\" style=\"text-align: justify;\">\n<li><strong>Jovem Empreendedor<\/strong>: reconhece quem cria neg\u00f3cios, projetos ou iniciativas com impacto econ\u00f4mico e social, mostrando criatividade e atitude.<\/li>\n<li><strong>Jovem Esportista<\/strong>: \u00a0destaca talentos do esporte pela dedica\u00e7\u00e3o, conquistas, esp\u00edrito de equipe e supera\u00e7\u00e3o.<\/li>\n<li><strong>Jovem Artista<\/strong>: valoriza quem expressa criatividade por meio da m\u00fasica, dan\u00e7a, teatro, literatura ou artes visuais.<\/li>\n<li><strong>Jovem Comunicador<\/strong>: homenageia quem usa a comunica\u00e7\u00e3o para informar, inspirar e conectar pessoas, em m\u00eddias tradicionais ou digitais.<\/li>\n<li><strong>Jovem Voz da Educa\u00e7\u00e3<\/strong><strong>o<\/strong>: premia jovens que se destacam em projetos ou conquistas educacionais e promovem o conhecimento como ferramenta de transforma\u00e7\u00e3o.<\/li>\n<li><strong>Jovem Ativista Social<\/strong>: reconhece o engajamento de quem atua em causas sociais, culturais ou ambientais, gerando impacto positivo na comunidade.<\/li>\n<li><strong>Jovem Cientista<\/strong>: \u00a0celebra talentos na ci\u00eancia, pesquisa e tecnologia, que produzem conhecimento e criam solu\u00e7\u00f5es para o futuro.<\/li>\n<li><strong>Jovem Inovador<\/strong>: \u00a0premia ideias e projetos criativos que trazem novas solu\u00e7\u00f5es para desafios da atualidade.<\/li>\n<li><strong>Jovem L\u00edder em Destaque<\/strong>: \u00a0valoriza quem inspira e mobiliza pessoas, exercendo lideran\u00e7a em comunidades, escolas ou projetos.<strong>Jovem Fashionista<\/strong>: \u00a0reconhece quem expressa autenticidade e atitude atrav\u00e9s da moda e do estilo, influenciando positivamente outros jovens.<\/li>\n<\/ul>\n<p style=\"text-align: justify;\">A cidade da juventude ser\u00e1 realizada nos dias 7, 8 e 9 de novembro na vila Morena, nos altos da Afonso Pena.<\/p>\n<p style=\"text-align: justify;\"><i><b>Continue em nossa companhia em:<\/b><\/i> <a href=\"http:\/\/www.mspontocom.com.br\/\"><span style=\"color: #0000ff;\"><span style=\"font-family: Comic Sans MS, cursive;\"><span style=\"font-size: small;\"><u>www.mspontocom.com.br<\/u><\/span><\/span><\/span><\/a><\/p>\n","protected":false},"excerpt":{"rendered":"<p>A Secretaria Executiva da Juventude (Sejuv) realiza, no dia\u00a09 de dezembro, o\u00a0Pr\u00eamio Jovem do Ano. \u00a0A iniciativa tem como objetivo reconhecer jovens campo-grandenses que se destacaram em diferentes \u00e1reas, promovendo impacto social e protagonismo juvenil. A escolha dos indicados ser\u00e1 feita de forma participativa. A Sejuv abrir\u00e1, nos pr\u00f3ximos dias, uma\u00a0caixinha de vota\u00e7\u00e3o nos stories [&hellip;]<\/p>\n","protected":false},"author":2,"featured_media":204023,"comment_status":"open","ping_status":"open","sticky":false,"template":"","format":"standard","meta":{"_monsterinsights_skip_tracking":false,"_monsterinsights_sitenote_active":false,"_monsterinsights_sitenote_note":"","_monsterinsights_sitenote_category":0},"categories":[4328],"tags":[123,43729,165,434],"aioseo_notices":[],"_links":{"self":[{"href":"https:\/\/mspontocom.com.br\/site\/wp-json\/wp\/v2\/posts\/204022"}],"collection":[{"href":"https:\/\/mspontocom.com.br\/site\/wp-json\/wp\/v2\/posts"}],"about":[{"href":"https:\/\/mspontocom.com.br\/site\/wp-json\/wp\/v2\/types\/post"}],"author":[{"embeddable":true,"href":"https:\/\/mspontocom.com.br\/site\/wp-json\/wp\/v2\/users\/2"}],"replies":[{"embeddable":true,"href":"https:\/\/mspontocom.com.br\/site\/wp-json\/wp\/v2\/comments?post=204022"}],"version-history":[{"count":1,"href":"https:\/\/mspontocom.com.br\/site\/wp-json\/wp\/v2\/posts\/204022\/revisions"}],"predecessor-version":[{"id":204024,"href":"https:\/\/mspontocom.com.br\/site\/wp-json\/wp\/v2\/posts\/204022\/revisions\/204024"}],"wp:featuredmedia":[{"embeddable":true,"href":"https:\/\/mspontocom.com.br\/site\/wp-json\/wp\/v2\/media\/204023"}],"wp:attachment":[{"href":"https:\/\/mspontocom.com.br\/site\/wp-json\/wp\/v2\/media?parent=204022"}],"wp:term":[{"taxonomy":"category","embeddable":true,"href":"https:\/\/mspontocom.com.br\/site\/wp-json\/wp\/v2\/categories?post=204022"},{"taxonomy":"post_tag","embeddable":true,"href":"https:\/\/mspontocom.com.br\/site\/wp-json\/wp\/v2\/tags?post=204022"}],"curies":[{"name":"wp","href":"https:\/\/api.w.org\/{rel}","templated":true}]}}