{"id":204130,"date":"2025-10-20T06:22:56","date_gmt":"2025-10-20T10:22:56","guid":{"rendered":"https:\/\/mspontocom.com.br\/site\/?p=204130"},"modified":"2025-10-20T06:22:56","modified_gmt":"2025-10-20T10:22:56","slug":"fbi-entra-no-caso-mais-temido-por-alexandre-de-moraes","status":"publish","type":"post","link":"https:\/\/mspontocom.com.br\/site\/fbi-entra-no-caso-mais-temido-por-alexandre-de-moraes\/","title":{"rendered":"FBI entra no caso mais temido por Alexandre de Moraes"},"content":{"rendered":"<div class=\"x5yr21d xw2csxc x1odjw0f x1n2onr6\">\n<div class=\"x9f619 x78zum5 xdt5ytf x5yr21d xexx8yu xv54qhq x1l90r2v xf7dkkf x10l6tqk xh8yej3\">\n<div>\n<div class=\"html-div xdj266r x14z9mp xat24cr x1lziwak xyri2b x1c1uobl x9f619 xjbqb8w x78zum5 x15mokao x1ga7v0g x16uus16 xbiv7yw xsag5q8 xz9dl7a x1uhb9sk x1plvlek xryxfnj x1c4vz4f x2lah0s x1q0g3np xqjyukv x1qjc9v5 x1oa3qoh x1nhvcw1\">\n<div class=\"html-div xdj266r x14z9mp xat24cr x1lziwak xexx8yu xyri2b x18d9i69 x1c1uobl x9f619 xjbqb8w x78zum5 x15mokao x1ga7v0g x16uus16 xbiv7yw x1uhb9sk x1plvlek xryxfnj x1iyjqo2 x2lwn1j xeuugli x1q0g3np xqjyukv x1qjc9v5 x1oa3qoh x1nhvcw1\">\n<div class=\"html-div xdj266r x14z9mp xat24cr x1lziwak xexx8yu xyri2b x18d9i69 x1c1uobl x9f619 xjbqb8w x78zum5 x15mokao x1ga7v0g x16uus16 xbiv7yw x1uhb9sk x1plvlek xryxfnj x1iyjqo2 x2lwn1j xeuugli xdt5ytf xqjyukv x1qjc9v5 x1oa3qoh x1nhvcw1\">\n<div>\n<p class=\"postParagraph_post-paragraph__juWZN\" style=\"text-align: justify;\"><img loading=\"lazy\" class=\"alignnone size-full wp-image-204136\" src=\"http:\/\/mspontocom.com.br\/site\/wp-content\/uploads\/2025\/10\/site-fbi-entra-no-caso-mais-temido-por-alexandre-de-moraes-amoraes.webp\" alt=\"\" width=\"1200\" height=\"630\" srcset=\"https:\/\/mspontocom.com.br\/site\/wp-content\/uploads\/2025\/10\/site-fbi-entra-no-caso-mais-temido-por-alexandre-de-moraes-amoraes.webp 1200w, https:\/\/mspontocom.com.br\/site\/wp-content\/uploads\/2025\/10\/site-fbi-entra-no-caso-mais-temido-por-alexandre-de-moraes-amoraes-260x137.webp 260w, https:\/\/mspontocom.com.br\/site\/wp-content\/uploads\/2025\/10\/site-fbi-entra-no-caso-mais-temido-por-alexandre-de-moraes-amoraes-1024x538.webp 1024w, https:\/\/mspontocom.com.br\/site\/wp-content\/uploads\/2025\/10\/site-fbi-entra-no-caso-mais-temido-por-alexandre-de-moraes-amoraes-768x403.webp 768w\" sizes=\"(max-width: 1200px) 100vw, 1200px\" \/>Ap\u00f3s o FBI entrar em cena, o ministro Alexandre de Moraes tenta se livrar de uma tatuagem: o esc\u00e2ndalo envolvendo a pris\u00e3o e as acusa\u00e7\u00f5es contra Filipe Martins, ex-assessor para Assuntos Internacionais de Jair Bolsonaro.<\/p>\n<p class=\"postParagraph_post-paragraph__juWZN\" style=\"text-align: justify;\">De s\u00fabito, Alexandre de Moraes pediu que a Pol\u00edcia Federal reexplique em 5 dias a acusa\u00e7\u00e3o de que Filipe Martins viajou para os Estados Unidos no reveillon de 2022, no que seria um ato preparat\u00f3rio para fuga em caso de fracasso de supostos planos golpistas.<\/p>\n<p class=\"postParagraph_post-paragraph__juWZN\" style=\"text-align: justify;\">O despertar repentino de Moraes tem explica\u00e7\u00e3o.<\/p>\n<p class=\"postParagraph_post-paragraph__juWZN\" style=\"text-align: justify;\">Nesta semana o governo dos Estados Unidos emitiu uma nota oficial.<\/p>\n<\/div>\n<div class=\"html-div xdj266r x14z9mp xat24cr x1lziwak xexx8yu xyri2b x18d9i69 x1c1uobl x9f619 xjbqb8w x78zum5 x15mokao x1ga7v0g x16uus16 xbiv7yw x1uhb9sk x1plvlek xryxfnj x1c4vz4f x2lah0s xdt5ytf xqjyukv x1qjc9v5 x1oa3qoh x1nhvcw1\" style=\"text-align: justify;\">\n<p><strong><span class=\"x193iq5w xeuugli x13faqbe x1vvkbs xt0psk2 x1i0vuye xvs91rp xo1l8bm x5n08af x10wh9bi xpm28yp x8viiok x1o7cslx x126k92a\">O FBI entra em caso de Filipe Martins<\/span><\/strong><\/p>\n<p>O ministro Alexandre de Moraes (STF) est\u00e1 sob forte press\u00e3o ap\u00f3s o FBI entrar na investiga\u00e7\u00e3o<\/p>\n<p><span style=\"font-size: 18pt;\"><strong>A TENTATIVA DE SE ISENTAR<\/strong><\/span><\/p>\n<p>O jornalista Marcos Tosi classificou a rea\u00e7\u00e3o de Moraes como uma tentativa de &#8220;apagar&#8221; as marcas de um caso que escancara **persegui\u00e7\u00e3o judicial e erros processuais**.<\/p>\n<p>Moraes tenta agora refazer a narrativa de um processo que se volta contra ele pr\u00f3prio.<\/p>\n<p><i><b>Continue em nossa companhia em:<\/b><\/i> <a href=\"http:\/\/www.mspontocom.com.br\/\"><span style=\"color: #0000ff;\"><span style=\"font-family: Comic Sans MS, cursive;\"><span style=\"font-size: small;\"><u>www.mspontocom.com.br<\/u><\/span><\/span><\/span><\/a><\/p>\n<\/div>\n<\/div>\n<\/div>\n<\/div>\n<\/div>\n<\/div>\n<\/div>\n<div class=\"x1xp8e9x x13fuv20 x178xt8z x9f619 x1yrsyyn xv54qhq x10b6aqq xf7dkkf xh8yej3\" style=\"text-align: justify;\">\n<section class=\"x6s0dn4 xrvj5dj x1o61qjw\">\n<div class=\"x14z9mp xvc5jky\" data-visualcompletion=\"ignore-dynamic\">\n<div class=\"x1i10hfl x972fbf x10w94by x1qhh985 x14e42zd x9f619 x3ct3a4 xdj266r x14z9mp xat24cr x1lziwak x16tdsg8 x1hl2dhg xggy1nq x1a2a7pz x6s0dn4 xjbqb8w x1ejq31n x18oe1m7 x1sy0etr xstzfhl x1ypdohk x78zum5 xl56j7k xcdnw81 xexx8yu xyri2b x18d9i69 x1c1uobl\" tabindex=\"0\" role=\"button\">\n<div class=\"x6s0dn4 x78zum5 xdt5ytf xl56j7k\"><\/div>\n<\/div>\n<\/div>\n<\/section>\n<section class=\"x12nagc\">\n<div class=\"html-div xdj266r x14z9mp xat24cr x1lziwak xexx8yu xyri2b x18d9i69 x1c1uobl x9f619 xjbqb8w x78zum5 x15mokao x1ga7v0g x16uus16 xbiv7yw x1n2onr6 x1plvlek xryxfnj x1iyjqo2 x2lwn1j xeuugli x1q0g3np xqjyukv x6s0dn4 x1oa3qoh x1nhvcw1\">\n<div class=\"html-div xexx8yu xyri2b x18d9i69 x1c1uobl x9f619 xjbqb8w x78zum5 x15mokao x1ga7v0g x16uus16 xbiv7yw xr1yuqi x11t971q x4ii5y1 xvc5jky x1n2onr6 x1plvlek xryxfnj x1iyjqo2 x2lwn1j xeuugli xdt5ytf x1a02dak xqjyukv x1cy8zhl x1oa3qoh x1nhvcw1\"><\/div>\n<\/div>\n<\/section>\n<\/div>\n<p style=\"text-align: justify;\">\n<p style=\"text-align: justify;\">\n<p style=\"text-align: justify;\">\n","protected":false},"excerpt":{"rendered":"<p>Ap\u00f3s o FBI entrar em cena, o ministro Alexandre de Moraes tenta se livrar de uma tatuagem: o esc\u00e2ndalo envolvendo a pris\u00e3o e as acusa\u00e7\u00f5es contra Filipe Martins, ex-assessor para Assuntos Internacionais de Jair Bolsonaro. De s\u00fabito, Alexandre de Moraes pediu que a Pol\u00edcia Federal reexplique em 5 dias a acusa\u00e7\u00e3o de que Filipe Martins [&hellip;]<\/p>\n","protected":false},"author":2,"featured_media":204136,"comment_status":"open","ping_status":"open","sticky":false,"template":"","format":"standard","meta":{"_monsterinsights_skip_tracking":false,"_monsterinsights_sitenote_active":false,"_monsterinsights_sitenote_note":"","_monsterinsights_sitenote_category":0},"categories":[6,30260,2528,7,30259,12],"tags":[26336,24545,4575,43750],"aioseo_notices":[],"_links":{"self":[{"href":"https:\/\/mspontocom.com.br\/site\/wp-json\/wp\/v2\/posts\/204130"}],"collection":[{"href":"https:\/\/mspontocom.com.br\/site\/wp-json\/wp\/v2\/posts"}],"about":[{"href":"https:\/\/mspontocom.com.br\/site\/wp-json\/wp\/v2\/types\/post"}],"author":[{"embeddable":true,"href":"https:\/\/mspontocom.com.br\/site\/wp-json\/wp\/v2\/users\/2"}],"replies":[{"embeddable":true,"href":"https:\/\/mspontocom.com.br\/site\/wp-json\/wp\/v2\/comments?post=204130"}],"version-history":[{"count":2,"href":"https:\/\/mspontocom.com.br\/site\/wp-json\/wp\/v2\/posts\/204130\/revisions"}],"predecessor-version":[{"id":204137,"href":"https:\/\/mspontocom.com.br\/site\/wp-json\/wp\/v2\/posts\/204130\/revisions\/204137"}],"wp:featuredmedia":[{"embeddable":true,"href":"https:\/\/mspontocom.com.br\/site\/wp-json\/wp\/v2\/media\/204136"}],"wp:attachment":[{"href":"https:\/\/mspontocom.com.br\/site\/wp-json\/wp\/v2\/media?parent=204130"}],"wp:term":[{"taxonomy":"category","embeddable":true,"href":"https:\/\/mspontocom.com.br\/site\/wp-json\/wp\/v2\/categories?post=204130"},{"taxonomy":"post_tag","embeddable":true,"href":"https:\/\/mspontocom.com.br\/site\/wp-json\/wp\/v2\/tags?post=204130"}],"curies":[{"name":"wp","href":"https:\/\/api.w.org\/{rel}","templated":true}]}}