{"id":204142,"date":"2025-10-20T04:07:22","date_gmt":"2025-10-20T08:07:22","guid":{"rendered":"https:\/\/mspontocom.com.br\/site\/?p=204142"},"modified":"2025-10-20T08:20:48","modified_gmt":"2025-10-20T12:20:48","slug":"supercomputadores-da-nasa-calcularam-quando-a-vida-na-terra-chegara-ao-fim","status":"publish","type":"post","link":"https:\/\/mspontocom.com.br\/site\/supercomputadores-da-nasa-calcularam-quando-a-vida-na-terra-chegara-ao-fim\/","title":{"rendered":"Supercomputadores da NASA calcularam quando a vida na Terra chegar\u00e1 ao fim"},"content":{"rendered":"<div class=\"post-interna__content__compartilhamento\">\n<p style=\"text-align: justify;\"><img loading=\"lazy\" class=\"alignnone size-full wp-image-204149\" src=\"http:\/\/mspontocom.com.br\/site\/wp-content\/uploads\/2025\/10\/site-supercomputadores-da-nasa-calcularam-quando-a-vida-na-terra-chegara-ao-fim-nasa.jpg\" alt=\"\" width=\"1024\" height=\"576\" srcset=\"https:\/\/mspontocom.com.br\/site\/wp-content\/uploads\/2025\/10\/site-supercomputadores-da-nasa-calcularam-quando-a-vida-na-terra-chegara-ao-fim-nasa.jpg 1024w, https:\/\/mspontocom.com.br\/site\/wp-content\/uploads\/2025\/10\/site-supercomputadores-da-nasa-calcularam-quando-a-vida-na-terra-chegara-ao-fim-nasa-260x146.jpg 260w, https:\/\/mspontocom.com.br\/site\/wp-content\/uploads\/2025\/10\/site-supercomputadores-da-nasa-calcularam-quando-a-vida-na-terra-chegara-ao-fim-nasa-768x432.jpg 768w\" sizes=\"(max-width: 1024px) 100vw, 1024px\" \/>No vasto cen\u00e1rio do universo, a perman\u00eancia da vida na Terra sempre esteve vinculada \u00e0 exist\u00eancia do <strong>Sol<\/strong>, mas novas pesquisas sugerem que a janela de\u00a0<strong>habitabilidade<\/strong>\u00a0humana pode ser mais curta do que se pensava antes.<\/p>\n<\/div>\n<div id=\"content_post\" class=\"post-interna__content__corpo\">\n<div class=\"ad-wrapper-div\" style=\"text-align: justify;\">\n<div id=\"ad_paragraph_1\">\n<div id=\"google_ads_iframe_\/61881175\/oantagonista\/oantagonista_content1_0__container__\"><\/div>\n<\/div>\n<\/div>\n<h2 id=\"h-quais-consequencias-o-sol-pode-causar-a-vida-humana-na-terra\" class=\"wp-block-heading\" style=\"text-align: justify;\">Quais consequ\u00eancias o Sol pode causar \u00e0 vida humana na Terra<\/h2>\n<p style=\"text-align: justify;\">A principal amea\u00e7a \u00e0 vida, conforme o estudo, \u00e9 o pr\u00f3prio\u00a0<strong>Sol<\/strong>.<\/p>\n<p style=\"text-align: justify;\">Ao longo de bilh\u00f5es de anos, ele vai se expandir e aquecer\u00e1 a\u00a0<strong>Terra<\/strong>\u00a0a n\u00edveis insustent\u00e1veis, tornando imposs\u00edvel manter qualquer forma de vida, at\u00e9 mesmo as mais resistentes.<\/p>\n<p style=\"text-align: justify;\">Esse evento extremo \u00e9 previsto para o distante ano de\u00a0<strong>1.000.002.021<\/strong>, tornando a superf\u00edcie terrestre incapaz de sustentar organismos vivos.<\/p>\n<p style=\"text-align: justify;\">No entanto, antes desse colapso total, o ambiente terrestre se tornar\u00e1 progressivamente menos habit\u00e1vel devido ao aquecimento e mudan\u00e7as atmosf\u00e9ricas, afetando drasticamente a vida humana em uma escala de tempo bem mais curta.<\/p>\n<h2 id=\"h-como-as-condicoes-solares-alteram-a-atmosfera-e-a-sobrevivencia-humana\" class=\"wp-block-heading\" style=\"text-align: justify;\">Como as condi\u00e7\u00f5es solares alteram a atmosfera e a sobreviv\u00eancia humana<\/h2>\n<p style=\"text-align: justify;\">Com o aumento cont\u00ednuo do aquecimento\u00a0<strong>solar<\/strong>, a\u00a0<strong>atmosfera<\/strong>\u00a0da\u00a0<strong>Terra<\/strong>\u00a0sofrer\u00e1 mudan\u00e7as severas.<\/p>\n<p style=\"text-align: justify;\">O\u00a0<strong>oxig\u00eanio<\/strong>\u00a0dispon\u00edvel diminuir\u00e1, e as\u00a0<strong>temperaturas globais<\/strong>\u00a0aumentar\u00e3o a n\u00edveis que amea\u00e7am a sobreviv\u00eancia das esp\u00e9cies. Simula\u00e7\u00f5es mostram que esse cen\u00e1rio tornar\u00e1 o planeta hostil para humanos muito antes do fim estimado para toda a vida terrestre.<\/p>\n<p style=\"text-align: justify;\">Estudos recentes refor\u00e7am que mudan\u00e7as nos padr\u00f5es\u00a0<strong>clim\u00e1ticos<\/strong>\u00a0e fen\u00f4menos extremos se tornar\u00e3o mais frequentes, dificultando a adapta\u00e7\u00e3o das popula\u00e7\u00f5es humanas em diversas regi\u00f5es do globo.<\/p>\n<h2 id=\"h-quais-sao-os-primeiros-sinais-das-mudancas-solares-na-terra\" class=\"wp-block-heading\" style=\"text-align: justify;\">Quais s\u00e3o os primeiros sinais das mudan\u00e7as solares na Terra<\/h2>\n<p style=\"text-align: justify;\">Alguns sinais dessas transforma\u00e7\u00f5es j\u00e1 s\u00e3o percebidos atualmente.<\/p>\n<p style=\"text-align: justify;\"><strong>Eje\u00e7\u00f5es de massa coronal<\/strong>\u00a0e\u00a0<strong>tempestades solares<\/strong>\u00a0t\u00eam afetado o\u00a0<strong>campo magn\u00e9tico terrestre<\/strong>, reduzindo de forma gradual o oxig\u00eanio da atmosfera e impactando sistemas de comunica\u00e7\u00e3o e energia.<\/p>\n<p style=\"text-align: justify;\">Al\u00e9m disso, h\u00e1 outros efeitos j\u00e1 vis\u00edveis e que apontam para um processo mais acelerado, os quais podem ser observados nos seguintes pontos:<\/p>\n<p style=\"text-align: justify;\">Aumento da intensidade dos eventos solares e suas consequ\u00eancias tecnol\u00f3gicas<br \/>\nEleva\u00e7\u00e3o consistente das temperaturas m\u00e9dias globais<br \/>\nDerretimento acelerado das calotas polares<br \/>\nMudan\u00e7as nos padr\u00f5es de biodiversidade e eventos clim\u00e1ticos extremos<\/p>\n<p style=\"text-align: justify;\"><span style=\"font-size: 18pt;\"><strong>Quais medidas podem ser consideradas para garantir a sobreviv\u00eancia futura<\/strong><\/span><\/p>\n<p style=\"text-align: justify;\">Diante desse processo gradual de extin\u00e7\u00e3o, a prepara\u00e7\u00e3o e adapta\u00e7\u00e3o s\u00e3o essenciais.<\/p>\n<p style=\"text-align: justify;\">Os cientistas indicam que interven\u00e7\u00f5es tecnol\u00f3gicas como sistemas de suporte \u00e0 vida fechados s\u00e3o caminhos poss\u00edveis para manter condi\u00e7\u00f5es adequadas pelo m\u00e1ximo de tempo poss\u00edvel.<\/p>\n<p style=\"text-align: justify;\">Essas solu\u00e7\u00f5es incluem desenvolvimento de habitats artificiais, pesquisa sobre energias renov\u00e1veis e aprimoramento de tecnologias para enfrentar ambientes extremos em nosso planeta.<\/p>\n<h2 id=\"h-exploracao-espacial-pode-ser-uma-alternativa-realista-para-a-continuacao-da-especie-humana\" class=\"wp-block-heading\" style=\"text-align: justify;\">Explora\u00e7\u00e3o espacial pode ser uma alternativa realista para a continua\u00e7\u00e3o da esp\u00e9cie humana<\/h2>\n<p style=\"text-align: justify;\">A busca por op\u00e7\u00f5es fora da\u00a0<strong>Terra<\/strong>\u00a0tem ganhado for\u00e7a no cen\u00e1rio cient\u00edfico.<\/p>\n<p style=\"text-align: justify;\">Programas de\u00a0<strong>coloniza\u00e7\u00e3o<\/strong>\u00a0e miss\u00f5es de\u00a0<strong>explora\u00e7\u00e3o planet\u00e1ria<\/strong>, como as iniciativas para\u00a0<strong>Marte<\/strong>\u00a0lideradas por NASA e SpaceX, podem ser fundamentais quando a\u00a0<strong>habitabilidade terrestre<\/strong>\u00a0se tornar invi\u00e1vel.<\/p>\n<p style=\"text-align: justify;\">Nesse contexto,\u00a0<strong>procurar novos lares no universo<\/strong>\u00a0pode deixar de ser apenas fic\u00e7\u00e3o cient\u00edfica para se tornar uma necessidade de sobreviv\u00eancia da humanidade no futuro.<\/p>\n<p style=\"text-align: justify;\">fonte: O Antagonista<\/p>\n<p style=\"text-align: justify;\"><i><b>Continue em nossa companhia em:<\/b><\/i> <a href=\"http:\/\/www.mspontocom.com.br\/\"><span style=\"color: #0000ff;\"><span style=\"font-family: Comic Sans MS, cursive;\"><span style=\"font-size: small;\"><u>www.mspontocom.com.br<\/u><\/span><\/span><\/span><\/a><\/p>\n<div class=\"ad-wrapper-div\">\n<div id=\"ad_paragraph_7\" style=\"text-align: justify;\" data-google-query-id=\"CI6euZHaspADFROEYQYdMeY3Qw\"><\/div>\n<\/div>\n<\/div>\n","protected":false},"excerpt":{"rendered":"<p>No vasto cen\u00e1rio do universo, a perman\u00eancia da vida na Terra sempre esteve vinculada \u00e0 exist\u00eancia do Sol, mas novas pesquisas sugerem que a janela de\u00a0habitabilidade\u00a0humana pode ser mais curta do que se pensava antes. Quais consequ\u00eancias o Sol pode causar \u00e0 vida humana na Terra A principal amea\u00e7a \u00e0 vida, conforme o estudo, \u00e9 [&hellip;]<\/p>\n","protected":false},"author":2,"featured_media":204149,"comment_status":"open","ping_status":"open","sticky":false,"template":"","format":"standard","meta":{"_monsterinsights_skip_tracking":false,"_monsterinsights_sitenote_active":false,"_monsterinsights_sitenote_note":"","_monsterinsights_sitenote_category":0},"categories":[7752],"tags":[43753,24196,1373,35086,3714,6917],"aioseo_notices":[],"_links":{"self":[{"href":"https:\/\/mspontocom.com.br\/site\/wp-json\/wp\/v2\/posts\/204142"}],"collection":[{"href":"https:\/\/mspontocom.com.br\/site\/wp-json\/wp\/v2\/posts"}],"about":[{"href":"https:\/\/mspontocom.com.br\/site\/wp-json\/wp\/v2\/types\/post"}],"author":[{"embeddable":true,"href":"https:\/\/mspontocom.com.br\/site\/wp-json\/wp\/v2\/users\/2"}],"replies":[{"embeddable":true,"href":"https:\/\/mspontocom.com.br\/site\/wp-json\/wp\/v2\/comments?post=204142"}],"version-history":[{"count":2,"href":"https:\/\/mspontocom.com.br\/site\/wp-json\/wp\/v2\/posts\/204142\/revisions"}],"predecessor-version":[{"id":204150,"href":"https:\/\/mspontocom.com.br\/site\/wp-json\/wp\/v2\/posts\/204142\/revisions\/204150"}],"wp:featuredmedia":[{"embeddable":true,"href":"https:\/\/mspontocom.com.br\/site\/wp-json\/wp\/v2\/media\/204149"}],"wp:attachment":[{"href":"https:\/\/mspontocom.com.br\/site\/wp-json\/wp\/v2\/media?parent=204142"}],"wp:term":[{"taxonomy":"category","embeddable":true,"href":"https:\/\/mspontocom.com.br\/site\/wp-json\/wp\/v2\/categories?post=204142"},{"taxonomy":"post_tag","embeddable":true,"href":"https:\/\/mspontocom.com.br\/site\/wp-json\/wp\/v2\/tags?post=204142"}],"curies":[{"name":"wp","href":"https:\/\/api.w.org\/{rel}","templated":true}]}}