{"id":204314,"date":"2025-10-27T05:41:40","date_gmt":"2025-10-27T09:41:40","guid":{"rendered":"https:\/\/mspontocom.com.br\/site\/?p=204314"},"modified":"2025-10-27T05:41:40","modified_gmt":"2025-10-27T09:41:40","slug":"em-reuniao-trump-irrita-lula-ao-defender-jair-bolsonaro","status":"publish","type":"post","link":"https:\/\/mspontocom.com.br\/site\/em-reuniao-trump-irrita-lula-ao-defender-jair-bolsonaro\/","title":{"rendered":"Em reuni\u00e3o, Trump irrita Lula ao defender Jair Bolsonaro"},"content":{"rendered":"<p style=\"text-align: justify;\"><img loading=\"lazy\" class=\"alignnone size-full wp-image-204324\" src=\"http:\/\/mspontocom.com.br\/site\/wp-content\/uploads\/2025\/10\/site-trump-incomoda-lula-ao-dizer-estar-mal-com-o-que-houve-com-bolsonaro-lula-trump-bolsonaro-1-e1761557675665.jpg\" alt=\"\" width=\"1032\" height=\"675\" srcset=\"https:\/\/mspontocom.com.br\/site\/wp-content\/uploads\/2025\/10\/site-trump-incomoda-lula-ao-dizer-estar-mal-com-o-que-houve-com-bolsonaro-lula-trump-bolsonaro-1-e1761557675665.jpg 1032w, https:\/\/mspontocom.com.br\/site\/wp-content\/uploads\/2025\/10\/site-trump-incomoda-lula-ao-dizer-estar-mal-com-o-que-houve-com-bolsonaro-lula-trump-bolsonaro-1-e1761557675665-260x170.jpg 260w, https:\/\/mspontocom.com.br\/site\/wp-content\/uploads\/2025\/10\/site-trump-incomoda-lula-ao-dizer-estar-mal-com-o-que-houve-com-bolsonaro-lula-trump-bolsonaro-1-e1761557675665-1024x670.jpg 1024w, https:\/\/mspontocom.com.br\/site\/wp-content\/uploads\/2025\/10\/site-trump-incomoda-lula-ao-dizer-estar-mal-com-o-que-houve-com-bolsonaro-lula-trump-bolsonaro-1-e1761557675665-768x502.jpg 768w\" sizes=\"(max-width: 1032px) 100vw, 1032px\" \/>O ex-presidente Jair Bolsonaro (PL) foi elogiado pelo presidente dos Estados Unidos, Donald Trump, e causou <strong>desconforto<\/strong> do presidente Lula (PT), durante o encontro deste domingo na Mal\u00e1sia.<\/p>\n<p style=\"text-align: justify;\">Questionado pela imprensa, Trump disse se sentir \u201cmuito mal\u201d com o que houve com o rival de Lula\u00a0 que cumpre pris\u00e3o domiciliar e foi condenado por crimes de suposta \u201ctrama golpista\u201d no Brasil.<\/p>\n<blockquote><p><span style=\"font-size: 14pt;\"><em>\u201cEu sempre gostei dele [Bolsonaro], eu sempre gostei dele\u2026 Eu me sinto muito mal sobre o que ocorreu com ele&#8221;, disse Trump.<\/em><\/span><\/p><\/blockquote>\n<p style=\"text-align: justify;\">Ainda sobre Bolsonaro, o presidente norte-americano classificou de \u201cpersegui\u00e7\u00e3o pol\u00edtica e judicial\u201d, raz\u00e3o central de sua decis\u00e3o de impor um tarifa\u00e7o de 50% contra produtos brasileiros.<\/p>\n<p style=\"text-align: justify;\">Durante a resposta do norte-americano sobre Bolsonaro, <strong>Lula gesticulou negativamente para a imprensa,<\/strong> e exp\u00f4s seu inc\u00f4modo com a declara\u00e7\u00e3o.<\/p>\n<p style=\"text-align: justify;\">A rea\u00e7\u00e3o de desconforto de Lula foi destacada pelo filho do ex-presidente, deputado federal Eduardo Bolsonaro (PL-SP), que elogiou o que chamou de \u201cla\u00e7o de empatia\u201d entre Trump e o ex-presidente Jair Bolsonaro, ao afirmar que o norte-americano se coloca no lugar de seu pai.<\/p>\n<p style=\"text-align: justify;\"><i><b>Continue em nossa companhia em:<\/b><\/i> <a href=\"http:\/\/www.mspontocom.com.br\/\"><span style=\"color: #0000ff;\"><span style=\"font-family: Comic Sans MS, cursive;\"><span style=\"font-size: small;\"><u>www.mspontocom.com.br<\/u><\/span><\/span><\/span><\/a><\/p>\n<div class=\"twitter-tweet twitter-tweet-rendered\"><iframe id=\"twitter-widget-0\" class=\"\" title=\"X Post\" src=\"https:\/\/platform.twitter.com\/embed\/Tweet.html?dnt=false&amp;embedId=twitter-widget-0&amp;features=eyJ0ZndfdGltZWxpbmVfbGlzdCI6eyJidWNrZXQiOltdLCJ2ZXJzaW9uIjpudWxsfSwidGZ3X2ZvbGxvd2VyX2NvdW50X3N1bnNldCI6eyJidWNrZXQiOnRydWUsInZlcnNpb24iOm51bGx9LCJ0ZndfdHdlZXRfZWRpdF9iYWNrZW5kIjp7ImJ1Y2tldCI6Im9uIiwidmVyc2lvbiI6bnVsbH0sInRmd19yZWZzcmNfc2Vzc2lvbiI6eyJidWNrZXQiOiJvbiIsInZlcnNpb24iOm51bGx9LCJ0ZndfZm9zbnJfc29mdF9pbnRlcnZlbnRpb25zX2VuYWJsZWQiOnsiYnVja2V0Ijoib24iLCJ2ZXJzaW9uIjpudWxsfSwidGZ3X21peGVkX21lZGlhXzE1ODk3Ijp7ImJ1Y2tldCI6InRyZWF0bWVudCIsInZlcnNpb24iOm51bGx9LCJ0ZndfZXhwZXJpbWVudHNfY29va2llX2V4cGlyYXRpb24iOnsiYnVja2V0IjoxMjA5NjAwLCJ2ZXJzaW9uIjpudWxsfSwidGZ3X3Nob3dfYmlyZHdhdGNoX3Bpdm90c19lbmFibGVkIjp7ImJ1Y2tldCI6Im9uIiwidmVyc2lvbiI6bnVsbH0sInRmd19kdXBsaWNhdGVfc2NyaWJlc190b19zZXR0aW5ncyI6eyJidWNrZXQiOiJvbiIsInZlcnNpb24iOm51bGx9LCJ0ZndfdXNlX3Byb2ZpbGVfaW1hZ2Vfc2hhcGVfZW5hYmxlZCI6eyJidWNrZXQiOiJvbiIsInZlcnNpb24iOm51bGx9LCJ0ZndfdmlkZW9faGxzX2R5bmFtaWNfbWFuaWZlc3RzXzE1MDgyIjp7ImJ1Y2tldCI6InRydWVfYml0cmF0ZSIsInZlcnNpb24iOm51bGx9LCJ0ZndfbGVnYWN5X3RpbWVsaW5lX3N1bnNldCI6eyJidWNrZXQiOnRydWUsInZlcnNpb24iOm51bGx9LCJ0ZndfdHdlZXRfZWRpdF9mcm9udGVuZCI6eyJidWNrZXQiOiJvbiIsInZlcnNpb24iOm51bGx9fQ%3D%3D&amp;frame=false&amp;hideCard=false&amp;hideThread=false&amp;id=1982416579485962398&amp;lang=pt&amp;maxWidth=560px&amp;origin=https%3A%2F%2Fdiariodopoder.com.br%2Fexteriores%2Ftrump-incomoda-lula-ao-dizer-estar-mal-com-o-que-houve-com-bolsonaro&amp;sessionId=d9391cc26ee8e4ad2a68006d7e8f2b2fea20c246&amp;theme=light&amp;widgetsVersion=2615f7e52b7e0%3A1702314776716&amp;width=550px\" frameborder=\"0\" scrolling=\"no\" allowfullscreen=\"allowfullscreen\" data-tweet-id=\"1982416579485962398\" data-mce-fragment=\"1\"><\/iframe><\/div>\n<p>foto montagem da foto de capa: ND Mais<\/p>\n<h4><\/h4>\n","protected":false},"excerpt":{"rendered":"<p>O ex-presidente Jair Bolsonaro (PL) foi elogiado pelo presidente dos Estados Unidos, Donald Trump, e causou desconforto do presidente Lula (PT), durante o encontro deste domingo na Mal\u00e1sia. Questionado pela imprensa, Trump disse se sentir \u201cmuito mal\u201d com o que houve com o rival de Lula\u00a0 que cumpre pris\u00e3o domiciliar e foi condenado por crimes [&hellip;]<\/p>\n","protected":false},"author":2,"featured_media":204324,"comment_status":"open","ping_status":"open","sticky":false,"template":"","format":"standard","meta":{"_monsterinsights_skip_tracking":false,"_monsterinsights_sitenote_active":false,"_monsterinsights_sitenote_note":"","_monsterinsights_sitenote_category":0},"categories":[6,30260,7,30259,12],"tags":[25760,41966,14948,480,28326],"aioseo_notices":[],"_links":{"self":[{"href":"https:\/\/mspontocom.com.br\/site\/wp-json\/wp\/v2\/posts\/204314"}],"collection":[{"href":"https:\/\/mspontocom.com.br\/site\/wp-json\/wp\/v2\/posts"}],"about":[{"href":"https:\/\/mspontocom.com.br\/site\/wp-json\/wp\/v2\/types\/post"}],"author":[{"embeddable":true,"href":"https:\/\/mspontocom.com.br\/site\/wp-json\/wp\/v2\/users\/2"}],"replies":[{"embeddable":true,"href":"https:\/\/mspontocom.com.br\/site\/wp-json\/wp\/v2\/comments?post=204314"}],"version-history":[{"count":3,"href":"https:\/\/mspontocom.com.br\/site\/wp-json\/wp\/v2\/posts\/204314\/revisions"}],"predecessor-version":[{"id":204325,"href":"https:\/\/mspontocom.com.br\/site\/wp-json\/wp\/v2\/posts\/204314\/revisions\/204325"}],"wp:featuredmedia":[{"embeddable":true,"href":"https:\/\/mspontocom.com.br\/site\/wp-json\/wp\/v2\/media\/204324"}],"wp:attachment":[{"href":"https:\/\/mspontocom.com.br\/site\/wp-json\/wp\/v2\/media?parent=204314"}],"wp:term":[{"taxonomy":"category","embeddable":true,"href":"https:\/\/mspontocom.com.br\/site\/wp-json\/wp\/v2\/categories?post=204314"},{"taxonomy":"post_tag","embeddable":true,"href":"https:\/\/mspontocom.com.br\/site\/wp-json\/wp\/v2\/tags?post=204314"}],"curies":[{"name":"wp","href":"https:\/\/api.w.org\/{rel}","templated":true}]}}