{"id":204376,"date":"2025-10-28T04:30:32","date_gmt":"2025-10-28T08:30:32","guid":{"rendered":"https:\/\/mspontocom.com.br\/site\/?p=204376"},"modified":"2025-10-28T08:44:00","modified_gmt":"2025-10-28T12:44:00","slug":"criancas-com-cancer-ms-realiza-feirao-com-produtos-a-r-5","status":"publish","type":"post","link":"https:\/\/mspontocom.com.br\/site\/criancas-com-cancer-ms-realiza-feirao-com-produtos-a-r-5\/","title":{"rendered":"Crian\u00e7as com C\u00e2ncer MS realiza feir\u00e3o com produtos a R$ 5"},"content":{"rendered":"<p dir=\"ltr\" style=\"text-align: justify;\"><img loading=\"lazy\" class=\"alignnone size-full wp-image-204377\" src=\"http:\/\/mspontocom.com.br\/site\/wp-content\/uploads\/2025\/10\/site-criancas-com-cancer-ms-realiza-feiraocom-produtos-a-r-5-feirao-da-aacc.jpg\" alt=\"\" width=\"1200\" height=\"900\" srcset=\"https:\/\/mspontocom.com.br\/site\/wp-content\/uploads\/2025\/10\/site-criancas-com-cancer-ms-realiza-feiraocom-produtos-a-r-5-feirao-da-aacc.jpg 1200w, https:\/\/mspontocom.com.br\/site\/wp-content\/uploads\/2025\/10\/site-criancas-com-cancer-ms-realiza-feiraocom-produtos-a-r-5-feirao-da-aacc-260x195.jpg 260w, https:\/\/mspontocom.com.br\/site\/wp-content\/uploads\/2025\/10\/site-criancas-com-cancer-ms-realiza-feiraocom-produtos-a-r-5-feirao-da-aacc-1024x768.jpg 1024w, https:\/\/mspontocom.com.br\/site\/wp-content\/uploads\/2025\/10\/site-criancas-com-cancer-ms-realiza-feiraocom-produtos-a-r-5-feirao-da-aacc-768x576.jpg 768w\" sizes=\"(max-width: 1200px) 100vw, 1200px\" \/>Nos dias 5 e 6 de novembro, a Associa\u00e7\u00e3o dos Amigos das Crian\u00e7as com C\u00e2ncer (AACC\/MS) promover\u00e1 mais uma edi\u00e7\u00e3o do Feir\u00e3o do Cinc\u00e3o.<\/p>\n<p dir=\"ltr\" style=\"text-align: justify;\">Ser\u00e3o mais de tr\u00eas mil itens dispon\u00edveis a pre\u00e7o \u00fanico de CINCO REAIS, entre roupas, cal\u00e7ados, acess\u00f3rios, brinquedos e artigos para casa \u2014 todos em bom estado de conserva\u00e7\u00e3o.<\/p>\n<p dir=\"ltr\" style=\"text-align: justify;\">Al\u00e9m dos produtos vendidos no audit\u00f3rio da institui\u00e7\u00e3o, os visitantes tamb\u00e9m poder\u00e3o aproveitar 20% de desconto em todas as pe\u00e7as do Bazar e Brech\u00f3 fixos da AACC\/MS, com itens de qualidade e marcas renomadas.<\/p>\n<p dir=\"ltr\" style=\"text-align: justify;\">O evento ser\u00e1 realizado na sede da AACC\/MS, localizada na Av. Ernesto Geisel, 3475 (Orpheu Ba\u00eds), das 8h \u00e0s 17h, sem pausa para o almo\u00e7o. As formas de pagamento aceitas incluem PIX, dinheiro, cart\u00f5es de d\u00e9bito e cr\u00e9dito, com parcelamento dispon\u00edvel para compras a partir de R$ 100.<\/p>\n<p dir=\"ltr\" style=\"text-align: justify;\">Toda a arrecada\u00e7\u00e3o ser\u00e1 destinada \u00e0 manuten\u00e7\u00e3o dos servi\u00e7os oferecidos pela AACC\/MS, que acolhe crian\u00e7as e adolescentes em tratamento contra o c\u00e2ncer, al\u00e9m de suas fam\u00edlias, vindas de diversas regi\u00f5es do Estado e at\u00e9 de pa\u00edses vizinhos.<\/p>\n<p dir=\"ltr\" style=\"text-align: justify;\">A entidade cobre despesas essenciais como \u00e1gua, luz, combust\u00edvel, alimenta\u00e7\u00e3o, materiais de higiene e limpeza, exames e medicamentos n\u00e3o fornecidos pelo SUS. Atualmente, os gastos mensais da institui\u00e7\u00e3o giram em torno de R$ 350 mil.<\/p>\n<p dir=\"ltr\" style=\"text-align: justify;\">A renda desta edi\u00e7\u00e3o do Feir\u00e3o tamb\u00e9m ajudar\u00e1 a custear a reforma completa da Casa de Apoio, ampliando o conforto e a estrutura para as fam\u00edlias acolhidas durante o tratamento das crian\u00e7as.<\/p>\n<p dir=\"ltr\" style=\"text-align: justify;\">Dicas: devido \u00e0 grande procura, a AACC\/MS recomenda que o p\u00fablico chegue cedo e se prepare para um poss\u00edvel tempo de espera.<\/p>\n<p dir=\"ltr\" style=\"text-align: justify;\">Vale levar \u00e1gua, protetor solar e chap\u00e9u.<\/p>\n<p dir=\"ltr\" style=\"text-align: justify;\">Servi\u00e7o<br \/>\nO qu\u00ea:\u00a0Feir\u00e3o do Cinc\u00e3o \u2013 AACC\/MS<br \/>\nQuando:\u00a05 e 6 de novembro \u2013 das 8h \u00e0s 17h (sem intervalo de almo\u00e7o)<br \/>\nOnde:\u00a0Av. Ernesto Geisel, 3475 \u2013 Orpheu Ba\u00eds<br \/>\nInforma\u00e7\u00f5es:\u00a0(67) 3322-8000 (telefone e WhatsApp)<\/p>\n","protected":false},"excerpt":{"rendered":"<p>Nos dias 5 e 6 de novembro, a Associa\u00e7\u00e3o dos Amigos das Crian\u00e7as com C\u00e2ncer (AACC\/MS) promover\u00e1 mais uma edi\u00e7\u00e3o do Feir\u00e3o do Cinc\u00e3o. Ser\u00e3o mais de tr\u00eas mil itens dispon\u00edveis a pre\u00e7o \u00fanico de CINCO REAIS, entre roupas, cal\u00e7ados, acess\u00f3rios, brinquedos e artigos para casa \u2014 todos em bom estado de conserva\u00e7\u00e3o. Al\u00e9m dos [&hellip;]<\/p>\n","protected":false},"author":2,"featured_media":204377,"comment_status":"open","ping_status":"open","sticky":false,"template":"","format":"standard","meta":{"_monsterinsights_skip_tracking":false,"_monsterinsights_sitenote_active":false,"_monsterinsights_sitenote_note":"","_monsterinsights_sitenote_category":0},"categories":[4328],"tags":[43789,21789,25292],"aioseo_notices":[],"_links":{"self":[{"href":"https:\/\/mspontocom.com.br\/site\/wp-json\/wp\/v2\/posts\/204376"}],"collection":[{"href":"https:\/\/mspontocom.com.br\/site\/wp-json\/wp\/v2\/posts"}],"about":[{"href":"https:\/\/mspontocom.com.br\/site\/wp-json\/wp\/v2\/types\/post"}],"author":[{"embeddable":true,"href":"https:\/\/mspontocom.com.br\/site\/wp-json\/wp\/v2\/users\/2"}],"replies":[{"embeddable":true,"href":"https:\/\/mspontocom.com.br\/site\/wp-json\/wp\/v2\/comments?post=204376"}],"version-history":[{"count":3,"href":"https:\/\/mspontocom.com.br\/site\/wp-json\/wp\/v2\/posts\/204376\/revisions"}],"predecessor-version":[{"id":204380,"href":"https:\/\/mspontocom.com.br\/site\/wp-json\/wp\/v2\/posts\/204376\/revisions\/204380"}],"wp:featuredmedia":[{"embeddable":true,"href":"https:\/\/mspontocom.com.br\/site\/wp-json\/wp\/v2\/media\/204377"}],"wp:attachment":[{"href":"https:\/\/mspontocom.com.br\/site\/wp-json\/wp\/v2\/media?parent=204376"}],"wp:term":[{"taxonomy":"category","embeddable":true,"href":"https:\/\/mspontocom.com.br\/site\/wp-json\/wp\/v2\/categories?post=204376"},{"taxonomy":"post_tag","embeddable":true,"href":"https:\/\/mspontocom.com.br\/site\/wp-json\/wp\/v2\/tags?post=204376"}],"curies":[{"name":"wp","href":"https:\/\/api.w.org\/{rel}","templated":true}]}}