{"id":204412,"date":"2025-10-30T04:39:50","date_gmt":"2025-10-30T08:39:50","guid":{"rendered":"https:\/\/mspontocom.com.br\/site\/?p=204412"},"modified":"2025-10-30T04:39:50","modified_gmt":"2025-10-30T08:39:50","slug":"lula-nao-classifica-pcc-e-cv-como-terroritas-e-recusa-apoio-dos-eua","status":"publish","type":"post","link":"https:\/\/mspontocom.com.br\/site\/lula-nao-classifica-pcc-e-cv-como-terroritas-e-recusa-apoio-dos-eua\/","title":{"rendered":"Lula n\u00e3o classifica PCC e CV como terroritas e recusa apoio dos EUA"},"content":{"rendered":"<p style=\"text-align: justify;\"><img loading=\"lazy\" class=\"alignnone size-full wp-image-204430\" src=\"http:\/\/mspontocom.com.br\/site\/wp-content\/uploads\/2025\/10\/site-lula-nao-classifica-pcc-e-cv-como-terroritas-e-recusa-apoio-dos-eua-lula-x-trump.webp\" alt=\"\" width=\"675\" height=\"449\" srcset=\"https:\/\/mspontocom.com.br\/site\/wp-content\/uploads\/2025\/10\/site-lula-nao-classifica-pcc-e-cv-como-terroritas-e-recusa-apoio-dos-eua-lula-x-trump.webp 675w, https:\/\/mspontocom.com.br\/site\/wp-content\/uploads\/2025\/10\/site-lula-nao-classifica-pcc-e-cv-como-terroritas-e-recusa-apoio-dos-eua-lula-x-trump-260x173.webp 260w\" sizes=\"(max-width: 675px) 100vw, 675px\" \/>Integrantes do governo de Donald Trump ofereceram, em maio, acordos de coopera\u00e7\u00e3o internacional entre os Estados Unidos e o Brasil.<\/p>\n<p style=\"text-align: justify;\">A exig\u00eancia \u00e9 como contrapartida que fac\u00e7\u00f5es brasileiras que atuam do narcotr\u00e1fico internacional, como o PCC e o Comando Vermelho (CV) sejam classificadas como terroristas.<\/p>\n<p style=\"text-align: justify;\">Mas o governo de Lula (PT) respondeu que a legisla\u00e7\u00e3o impede o pa\u00eds de relacionar tais organiza\u00e7\u00f5es criminosas ao terrorismo, por n\u00e3o haver inclina\u00e7\u00e3o ideol\u00f3gica, mas a busca de lucro, como motiva\u00e7\u00e3o dos crimes.<\/p>\n<p style=\"text-align: justify;\">A recusa de ajuda foi ressaltada nesta quarta-feira (29) pelo advogado norte-americano Martin De Luca, que defende empresas do presidente dos EUA, a Trump Media.<\/p>\n<p style=\"text-align: justify;\">Segundo ele, o status de narcoterrorismo para as fac\u00e7\u00f5es liberaria todo o poder das ferramentas antiterroristas americanas, como o compartilhamento de informa\u00e7\u00f5es, rastreamento financeiro, congelamento de ativos e san\u00e7\u00f5es.<\/p>\n<p style=\"text-align: justify;\"><span style=\"font-size: 18pt;\"><strong>Soberania, uma desculpa de Lula<\/strong><\/span><\/p>\n<p style=\"text-align: justify;\"><span class=\"css-1jxf684 r-bcqeeo r-1ttztb7 r-qvutc0 r-poiln3\">De Luca atribuiu a uma desculpa de \u201csoberania\u201d \u00e0 recusa do governo de\u00a0<\/span><span class=\"r-18u37iz\">Lula de firmar\u00a0<\/span><span class=\"css-1jxf684 r-bcqeeo r-1ttztb7 r-qvutc0 r-poiln3\">parceria antiterrorismo com os EUA. <\/span><\/p>\n<p style=\"text-align: justify;\"><span class=\"css-1jxf684 r-bcqeeo r-1ttztb7 r-qvutc0 r-poiln3\">E acusou o petista de usar o mesmo argumento para defender \u201ca censura, a corrup\u00e7\u00e3o em massa e a ina\u00e7\u00e3o enquanto os brasileiros comuns vivem cada vez mais sob o dom\u00ednio do crime organizado\u201d.<\/span><\/p>\n<h4 style=\"text-align: justify;\"><span style=\"font-size: 18pt;\"><strong>Terrorismo refutado<\/strong><\/span><\/h4>\n<p style=\"text-align: justify;\">Na semana passada, ministro da Justi\u00e7a de Lula, Ricardo Lewandowski, argumentou que PCC e CV n\u00e3o podem ser considerados grupos narcoterroristas pelo governo, porque a legisla\u00e7\u00e3o brasileira exige que \u201cinclina\u00e7\u00e3o ideol\u00f3gica\u201d, entre outros requisitos para serem relacionados a terrorismo.<\/p>\n<p style=\"text-align: justify;\"><i><b>Continue em nossa companhia em:<\/b><\/i> <a href=\"http:\/\/www.mspontocom.com.br\/\"><span style=\"color: #0000ff;\"><span style=\"font-family: Comic Sans MS, cursive;\"><span style=\"font-size: small;\"><u>www.mspontocom.com.br<\/u><\/span><\/span><\/span><\/a><\/p>\n<div id=\"ddp-ads-AD-51\" style=\"text-align: justify;\" data-google-query-id=\"CLaT7sa1y5ADFSts3QIds_AA3w\"><\/div>\n","protected":false},"excerpt":{"rendered":"<p>Integrantes do governo de Donald Trump ofereceram, em maio, acordos de coopera\u00e7\u00e3o internacional entre os Estados Unidos e o Brasil. A exig\u00eancia \u00e9 como contrapartida que fac\u00e7\u00f5es brasileiras que atuam do narcotr\u00e1fico internacional, como o PCC e o Comando Vermelho (CV) sejam classificadas como terroristas. Mas o governo de Lula (PT) respondeu que a legisla\u00e7\u00e3o [&hellip;]<\/p>\n","protected":false},"author":2,"featured_media":204430,"comment_status":"open","ping_status":"open","sticky":false,"template":"","format":"standard","meta":{"_monsterinsights_skip_tracking":false,"_monsterinsights_sitenote_active":false,"_monsterinsights_sitenote_note":"","_monsterinsights_sitenote_category":0},"categories":[6,2528,7,12],"tags":[3546,40388,1539,480,4275,27737,26801],"aioseo_notices":[],"_links":{"self":[{"href":"https:\/\/mspontocom.com.br\/site\/wp-json\/wp\/v2\/posts\/204412"}],"collection":[{"href":"https:\/\/mspontocom.com.br\/site\/wp-json\/wp\/v2\/posts"}],"about":[{"href":"https:\/\/mspontocom.com.br\/site\/wp-json\/wp\/v2\/types\/post"}],"author":[{"embeddable":true,"href":"https:\/\/mspontocom.com.br\/site\/wp-json\/wp\/v2\/users\/2"}],"replies":[{"embeddable":true,"href":"https:\/\/mspontocom.com.br\/site\/wp-json\/wp\/v2\/comments?post=204412"}],"version-history":[{"count":3,"href":"https:\/\/mspontocom.com.br\/site\/wp-json\/wp\/v2\/posts\/204412\/revisions"}],"predecessor-version":[{"id":204431,"href":"https:\/\/mspontocom.com.br\/site\/wp-json\/wp\/v2\/posts\/204412\/revisions\/204431"}],"wp:featuredmedia":[{"embeddable":true,"href":"https:\/\/mspontocom.com.br\/site\/wp-json\/wp\/v2\/media\/204430"}],"wp:attachment":[{"href":"https:\/\/mspontocom.com.br\/site\/wp-json\/wp\/v2\/media?parent=204412"}],"wp:term":[{"taxonomy":"category","embeddable":true,"href":"https:\/\/mspontocom.com.br\/site\/wp-json\/wp\/v2\/categories?post=204412"},{"taxonomy":"post_tag","embeddable":true,"href":"https:\/\/mspontocom.com.br\/site\/wp-json\/wp\/v2\/tags?post=204412"}],"curies":[{"name":"wp","href":"https:\/\/api.w.org\/{rel}","templated":true}]}}