{"id":204443,"date":"2025-10-30T04:01:15","date_gmt":"2025-10-30T08:01:15","guid":{"rendered":"https:\/\/mspontocom.com.br\/site\/?p=204443"},"modified":"2025-10-30T06:33:43","modified_gmt":"2025-10-30T10:33:43","slug":"comper-inaugura-central-de-vagas-em-campo-grande","status":"publish","type":"post","link":"https:\/\/mspontocom.com.br\/site\/comper-inaugura-central-de-vagas-em-campo-grande\/","title":{"rendered":"Comper inaugura Central de Vagas em Campo Grande"},"content":{"rendered":"<p style=\"text-align: justify;\"><img loading=\"lazy\" class=\"alignnone size-full wp-image-204444\" src=\"http:\/\/mspontocom.com.br\/site\/wp-content\/uploads\/2025\/10\/site-comper-inaugura-central-de-vagas-em-campo-grande-comper.jpg\" alt=\"\" width=\"1024\" height=\"576\" srcset=\"https:\/\/mspontocom.com.br\/site\/wp-content\/uploads\/2025\/10\/site-comper-inaugura-central-de-vagas-em-campo-grande-comper.jpg 1024w, https:\/\/mspontocom.com.br\/site\/wp-content\/uploads\/2025\/10\/site-comper-inaugura-central-de-vagas-em-campo-grande-comper-260x146.jpg 260w, https:\/\/mspontocom.com.br\/site\/wp-content\/uploads\/2025\/10\/site-comper-inaugura-central-de-vagas-em-campo-grande-comper-768x432.jpg 768w\" sizes=\"(max-width: 1024px) 100vw, 1024px\" \/>O Grupo Pereira, s\u00e9timo maior varejista do Brasil,\u00a0 inaugura na pr\u00f3xima segunda-feira, 3 de novembro, a Central de Vagas do Grupo Pereira em Campo Grande.<\/p>\n<p style=\"text-align: justify;\">A unidade f\u00edsica concentrar\u00e1 as oportunidades de trabalho das opera\u00e7\u00f5es locais das redes Fort Atacadista e Supermercados Comper, com o objetivo de tornar o processo de contrata\u00e7\u00e3o mais \u00e1gil e estruturado.<\/p>\n<p style=\"text-align: justify;\">A Central de Vagas funcionar\u00e1 de segunda a sexta-feira, das 7h \u00e0s 18h, na Rua Brilhante, n\u00famero 1880, no bairro Vila Bandeirantes.<\/p>\n<p style=\"text-align: justify;\">Todas as vagas operacionais das lojas da capital estar\u00e3o reunidas em um \u00fanico local, com estrutura integrada para realiza\u00e7\u00e3o de entrevistas, exames admissionais e orienta\u00e7\u00f5es t\u00e9cnicas.<\/p>\n<p style=\"text-align: justify;\"><strong>Modelo de contrata\u00e7\u00e3o mais eficiente<\/strong><\/p>\n<p style=\"text-align: justify;\">O novo modelo de contrata\u00e7\u00e3o deve reduzir o tempo m\u00e9dio de admiss\u00e3o de 20 para 3 dias,\u00a0 eliminar perdas de candidatos por demora na resposta e melhorar a experi\u00eancia dos colaboradores desde o primeiro contato e garantir maior efici\u00eancia operacional.<\/p>\n<p style=\"text-align: justify;\"><strong>Perfil das vagas dispon\u00edveis<\/strong><\/p>\n<p style=\"text-align: justify;\">A Central de Vagas do Grupo Pereira em Campo Grande re\u00fane 405 oportunidades em 58 cargos diferentes para atua\u00e7\u00e3o nas unidades do Fort Atacadista e Supermercados Comper.<\/p>\n<p style=\"text-align: justify;\">Os cargos com maior n\u00famero de oportunidades s\u00e3o: operador de loja (83), auxiliar de perec\u00edveis (54), repositor de mercadorias (35), operador de caixa (31), auxiliar de preven\u00e7\u00e3o (26), auxiliar de carga e descarga (13), atendente (12) e empacotador (10).<\/p>\n<p style=\"text-align: justify;\"><strong>H\u00e1 tamb\u00e9m cargos de lideran\u00e7a e \u00e1reas t\u00e9cnicas,<\/strong> al\u00e9m de oportunidades para pessoas com defici\u00eancia.<\/p>\n<p style=\"text-align: justify;\">\n<p style=\"text-align: justify;\"><strong>Servi\u00e7o:<br \/>\n<em>Inaugura\u00e7\u00e3o da Central de Vagas do Grupo Pereira<\/em><\/strong><br \/>\nData: 3 de novembro de 2025 (segunda-feira)<br \/>\nHor\u00e1rio: \u00e0s 8 horas<br \/>\nFuncionamento: de segunda a sexta-feira, das 7h \u00e0s 18h<br \/>\nEndere\u00e7o:\u00a0<a href=\"https:\/\/maps.app.goo.gl\/upLhfW1szdDdycqE7\" target=\"_blank\" rel=\"noopener\" data-saferedirecturl=\"https:\/\/www.google.com\/url?q=https:\/\/maps.app.goo.gl\/upLhfW1szdDdycqE7&amp;source=gmail&amp;ust=1761904626792000&amp;usg=AOvVaw0UqrHxGA-dX4AUM7F9bz4K\">Rua Brilhante, 1880, Vila Bandeirantes, Campo Grande\/MS<\/a><br \/>\nCEP: 79006-560<br \/>\nVagas dispon\u00edveis: Operacionais nas lojas Comper e Fort Atacadista de Campo Grande<\/p>\n<p style=\"text-align: justify;\">Al\u00e9m do atendimento presencial, os interessados tamb\u00e9m podem acessar as vagas dispon\u00edveis por meio do\u00a0<a href=\"http:\/\/grpereira.com.br\/trabalhe-conosco\" target=\"_blank\" rel=\"noopener\" data-saferedirecturl=\"https:\/\/www.google.com\/url?q=http:\/\/grpereira.com.br\/trabalhe-conosco&amp;source=gmail&amp;ust=1761904626792000&amp;usg=AOvVaw31LQ8mJTaOQ4JUA3kwlrF_\">site oficial<\/a>\u00a0do Grupo Pereira.<\/p>\n<p style=\"text-align: justify;\"><i><b>Continue em nossa companhia em:<\/b><\/i> <a href=\"http:\/\/www.mspontocom.com.br\/\"><span style=\"color: #0000ff;\"><span style=\"font-family: Comic Sans MS, cursive;\"><span style=\"font-size: small;\"><u>www.mspontocom.com.br<\/u><\/span><\/span><\/span><\/a><\/p>\n","protected":false},"excerpt":{"rendered":"<p>O Grupo Pereira, s\u00e9timo maior varejista do Brasil,\u00a0 inaugura na pr\u00f3xima segunda-feira, 3 de novembro, a Central de Vagas do Grupo Pereira em Campo Grande. A unidade f\u00edsica concentrar\u00e1 as oportunidades de trabalho das opera\u00e7\u00f5es locais das redes Fort Atacadista e Supermercados Comper, com o objetivo de tornar o processo de contrata\u00e7\u00e3o mais \u00e1gil e [&hellip;]<\/p>\n","protected":false},"author":2,"featured_media":204444,"comment_status":"open","ping_status":"open","sticky":false,"template":"","format":"standard","meta":{"_monsterinsights_skip_tracking":false,"_monsterinsights_sitenote_active":false,"_monsterinsights_sitenote_note":"","_monsterinsights_sitenote_category":0},"categories":[4328,28176],"tags":[123,25096,2401,1586,347],"aioseo_notices":[],"_links":{"self":[{"href":"https:\/\/mspontocom.com.br\/site\/wp-json\/wp\/v2\/posts\/204443"}],"collection":[{"href":"https:\/\/mspontocom.com.br\/site\/wp-json\/wp\/v2\/posts"}],"about":[{"href":"https:\/\/mspontocom.com.br\/site\/wp-json\/wp\/v2\/types\/post"}],"author":[{"embeddable":true,"href":"https:\/\/mspontocom.com.br\/site\/wp-json\/wp\/v2\/users\/2"}],"replies":[{"embeddable":true,"href":"https:\/\/mspontocom.com.br\/site\/wp-json\/wp\/v2\/comments?post=204443"}],"version-history":[{"count":1,"href":"https:\/\/mspontocom.com.br\/site\/wp-json\/wp\/v2\/posts\/204443\/revisions"}],"predecessor-version":[{"id":204445,"href":"https:\/\/mspontocom.com.br\/site\/wp-json\/wp\/v2\/posts\/204443\/revisions\/204445"}],"wp:featuredmedia":[{"embeddable":true,"href":"https:\/\/mspontocom.com.br\/site\/wp-json\/wp\/v2\/media\/204444"}],"wp:attachment":[{"href":"https:\/\/mspontocom.com.br\/site\/wp-json\/wp\/v2\/media?parent=204443"}],"wp:term":[{"taxonomy":"category","embeddable":true,"href":"https:\/\/mspontocom.com.br\/site\/wp-json\/wp\/v2\/categories?post=204443"},{"taxonomy":"post_tag","embeddable":true,"href":"https:\/\/mspontocom.com.br\/site\/wp-json\/wp\/v2\/tags?post=204443"}],"curies":[{"name":"wp","href":"https:\/\/api.w.org\/{rel}","templated":true}]}}