{"id":204574,"date":"2025-11-04T04:16:28","date_gmt":"2025-11-04T08:16:28","guid":{"rendered":"https:\/\/mspontocom.com.br\/site\/?p=204574"},"modified":"2025-11-04T07:41:10","modified_gmt":"2025-11-04T11:41:10","slug":"pantanal-ms-ganha-vitrine-internacional-em-nova-york","status":"publish","type":"post","link":"https:\/\/mspontocom.com.br\/site\/pantanal-ms-ganha-vitrine-internacional-em-nova-york\/","title":{"rendered":"Pantanal MS ganha vitrine internacional em Nova York"},"content":{"rendered":"<p style=\"text-align: justify;\"><img loading=\"lazy\" class=\"alignnone size-full wp-image-204586\" src=\"http:\/\/mspontocom.com.br\/site\/wp-content\/uploads\/2025\/11\/site-pantanal-ms-ganha-vitrine-internacional-em-nova-york-sebrae-pantanal.jpg\" alt=\"\" width=\"1153\" height=\"769\" srcset=\"https:\/\/mspontocom.com.br\/site\/wp-content\/uploads\/2025\/11\/site-pantanal-ms-ganha-vitrine-internacional-em-nova-york-sebrae-pantanal.jpg 1153w, https:\/\/mspontocom.com.br\/site\/wp-content\/uploads\/2025\/11\/site-pantanal-ms-ganha-vitrine-internacional-em-nova-york-sebrae-pantanal-260x173.jpg 260w, https:\/\/mspontocom.com.br\/site\/wp-content\/uploads\/2025\/11\/site-pantanal-ms-ganha-vitrine-internacional-em-nova-york-sebrae-pantanal-1024x683.jpg 1024w, https:\/\/mspontocom.com.br\/site\/wp-content\/uploads\/2025\/11\/site-pantanal-ms-ganha-vitrine-internacional-em-nova-york-sebrae-pantanal-768x512.jpg 768w\" sizes=\"(max-width: 1153px) 100vw, 1153px\" \/>O Sebrae\/MS marcou presen\u00e7a na Galeria Visit Brasil, evento realizado em Nova York (EUA) pela Embratur, de 29 de outubro a 02 de novembro, que teve como objetivo promover o turismo brasileiro em \u00e2mbito internacional.<\/p>\n<p style=\"text-align: justify;\">Nesta edi\u00e7\u00e3o, dedicada ao Pantanal, o espa\u00e7o-conceito apresentou a riqueza natural e cultural do bioma, com experi\u00eancias imersivas que conectaram sustentabilidade, gastronomia, arte e turismo regenerativo.<\/p>\n<p style=\"text-align: justify;\">Para a diretora t\u00e9cnica do Sebrae\/MS, Sandra Amarilha, a participa\u00e7\u00e3o no evento representa mais um passo na consolida\u00e7\u00e3o do turismo como vetor de desenvolvimento sustent\u00e1vel no Estado.<\/p>\n<blockquote><p><em>\u201cA parceria entre o Sebrae e a Embratur, proporcionando uma galeria do Pantanal em Nova York, \u00e9 uma oportunidade para que o pequeno produtor e o empres\u00e1rio da cadeia do turismo promovam seus atrativos e potencializem esse importante setor da economia estadual e brasileira. O turismo do Pantanal tem um papel essencial no desenvolvimento social, pois \u00e9 um turismo de base comunit\u00e1ria, que depende do bem-estar das comunidades locais. A natureza est\u00e1 posta, \u00e9 bel\u00edssima, agora precisamos de investimento e confian\u00e7a empresarial para mostrar ao mundo que o nosso turismo \u00e9, de fato, diferenciado e acolhedor\u201d, destacou Amarilha.<\/em><\/p><\/blockquote>\n<p style=\"text-align: justify;\">Um dos destaques foi o lan\u00e7amento da nova campanha internacional da Funda\u00e7\u00e3o de Turismo de Mato Grosso do Sul (Fundtur MS), voltada \u00e0 promo\u00e7\u00e3o do Estado como destino de natureza, cultura e hospitalidade.<\/p>\n<p style=\"text-align: justify;\">O presidente da Fundtur MS, Bruno Wendling, tamb\u00e9m refor\u00e7ou a import\u00e2ncia da promo\u00e7\u00e3o internacional.<\/p>\n<blockquote><p><em>\u201cA relev\u00e2ncia dessa a\u00e7\u00e3o \u00e9 alt\u00edssima, porque os Estados Unidos s\u00e3o um mercado priorit\u00e1rio para n\u00f3s. \u00c9 um p\u00fablico com o qual temos trabalhado intensamente nos \u00faltimos tr\u00eas anos, e estar aqui, presencialmente, junto com a Embratur, refor\u00e7ando a identidade do Pantanal e de Mato Grosso do Sul, \u00e9 fundamental para fortalecer essa conex\u00e3o\u201d, disse Wendling.<\/em><\/p><\/blockquote>\n<p style=\"text-align: justify;\">A participa\u00e7\u00e3o do Sebrae\/MS destacou o papel da institui\u00e7\u00e3o na promo\u00e7\u00e3o do turismo regional e na valoriza\u00e7\u00e3o dos empreendedores locais.<\/p>\n<p style=\"text-align: justify;\">Durante a programa\u00e7\u00e3o, o p\u00fablico internacional acompanhou dois momentos de\u00a0<i>cooking show\u00a0<\/i>conduzidos pelo chef sul-mato-grossense Paulo Machado, que apresentou sabores aut\u00eanticos da culin\u00e1ria pantaneira, refor\u00e7ando a identidade gastron\u00f4mica do Estado como ativo de turismo cultural.<\/p>\n<p style=\"text-align: justify;\">A programa\u00e7\u00e3o ainda contou com rodas de conversa tem\u00e1ticas, encontros de neg\u00f3cios e apresenta\u00e7\u00f5es culturais, ampliando as oportunidades de visibilidade e conex\u00e3o com o mercado internacional.<\/p>\n<p style=\"text-align: justify;\">Com p\u00fablico formado por jornalistas, autoridades, profissionais do trade tur\u00edstico e influenciadores, a Galeria Visit Brasil foi realizada na Anita Rogers Gallery, em Manhattan.<\/p>\n<p style=\"text-align: justify;\">\nMais informa\u00e7\u00f5es sobre as a\u00e7\u00f5es realizadas pelo Sebrae\/MS e parceiros podem ser obtidas pelo telefone 0800 570 0800 ou pelo site\u00a0<a href=\"https:\/\/click.divulga.sebrae.ms\/?qs=f0b06181b8adbbb6160b93a38a3dc87885efad83ee975a0ed42f4d23f838895405eaa719a59f0055546dedb9300ea9f71ac8428a7f8fc8ea\" target=\"_blank\" rel=\"noopener\" data-saferedirecturl=\"https:\/\/www.google.com\/url?q=https:\/\/click.divulga.sebrae.ms\/?qs%3Df0b06181b8adbbb6160b93a38a3dc87885efad83ee975a0ed42f4d23f838895405eaa719a59f0055546dedb9300ea9f71ac8428a7f8fc8ea&amp;source=gmail&amp;ust=1762337195817000&amp;usg=AOvVaw1gakz-VHkXaRb74eQ8VQYO\">ms.sebrae.com.br<\/a>.<\/p>\n<p style=\"text-align: justify;\"><i><b>Continue em nossa companhia em:<\/b><\/i> <a href=\"http:\/\/www.mspontocom.com.br\/\"><span style=\"color: #0000ff;\"><span style=\"font-family: Comic Sans MS, cursive;\"><span style=\"font-size: small;\"><u>www.mspontocom.com.br<\/u><\/span><\/span><\/span><\/a><\/p>\n","protected":false},"excerpt":{"rendered":"<p>O Sebrae\/MS marcou presen\u00e7a na Galeria Visit Brasil, evento realizado em Nova York (EUA) pela Embratur, de 29 de outubro a 02 de novembro, que teve como objetivo promover o turismo brasileiro em \u00e2mbito internacional. Nesta edi\u00e7\u00e3o, dedicada ao Pantanal, o espa\u00e7o-conceito apresentou a riqueza natural e cultural do bioma, com experi\u00eancias imersivas que conectaram [&hellip;]<\/p>\n","protected":false},"author":2,"featured_media":204586,"comment_status":"open","ping_status":"open","sticky":false,"template":"","format":"standard","meta":{"_monsterinsights_skip_tracking":false,"_monsterinsights_sitenote_active":false,"_monsterinsights_sitenote_note":"","_monsterinsights_sitenote_category":0},"categories":[74],"tags":[7072,43820,43821],"aioseo_notices":[],"_links":{"self":[{"href":"https:\/\/mspontocom.com.br\/site\/wp-json\/wp\/v2\/posts\/204574"}],"collection":[{"href":"https:\/\/mspontocom.com.br\/site\/wp-json\/wp\/v2\/posts"}],"about":[{"href":"https:\/\/mspontocom.com.br\/site\/wp-json\/wp\/v2\/types\/post"}],"author":[{"embeddable":true,"href":"https:\/\/mspontocom.com.br\/site\/wp-json\/wp\/v2\/users\/2"}],"replies":[{"embeddable":true,"href":"https:\/\/mspontocom.com.br\/site\/wp-json\/wp\/v2\/comments?post=204574"}],"version-history":[{"count":2,"href":"https:\/\/mspontocom.com.br\/site\/wp-json\/wp\/v2\/posts\/204574\/revisions"}],"predecessor-version":[{"id":204587,"href":"https:\/\/mspontocom.com.br\/site\/wp-json\/wp\/v2\/posts\/204574\/revisions\/204587"}],"wp:featuredmedia":[{"embeddable":true,"href":"https:\/\/mspontocom.com.br\/site\/wp-json\/wp\/v2\/media\/204586"}],"wp:attachment":[{"href":"https:\/\/mspontocom.com.br\/site\/wp-json\/wp\/v2\/media?parent=204574"}],"wp:term":[{"taxonomy":"category","embeddable":true,"href":"https:\/\/mspontocom.com.br\/site\/wp-json\/wp\/v2\/categories?post=204574"},{"taxonomy":"post_tag","embeddable":true,"href":"https:\/\/mspontocom.com.br\/site\/wp-json\/wp\/v2\/tags?post=204574"}],"curies":[{"name":"wp","href":"https:\/\/api.w.org\/{rel}","templated":true}]}}